{"id":1030,"date":"2021-04-15T06:46:52","date_gmt":"2021-04-15T06:46:52","guid":{"rendered":"https:\/\/suomenrehtorit.fi\/web\/?p=1030"},"modified":"2023-08-07T06:46:37","modified_gmt":"2023-08-07T06:46:37","slug":"jasenkirje-4-2021","status":"publish","type":"post","link":"https:\/\/suomenrehtorit.fi\/web\/2021\/04\/15\/jasenkirje-4-2021\/","title":{"rendered":"J\u00e4senkirje 4\/2021"},"content":{"rendered":"<h1>Puheenjohtajalta<\/h1>\n<p><img loading=\"lazy\" decoding=\"async\" class=\"alignnone size-large wp-image-720\" src=\"https:\/\/suomenrehtorit.fi\/web\/wp-content\/uploads\/sites\/2\/mcx\/2023-6\/DSC5011-788x1024.png\" alt=\"\" width=\"788\" height=\"1024\" srcset=\"https:\/\/suomenrehtorit.fi\/web\/wp-content\/uploads\/sites\/2\/mcx\/2023-6\/DSC5011-788x1024.png 788w, https:\/\/suomenrehtorit.fi\/web\/wp-content\/uploads\/sites\/2\/mcx\/2023-6\/DSC5011-231x300.png 231w, https:\/\/suomenrehtorit.fi\/web\/wp-content\/uploads\/sites\/2\/mcx\/2023-6\/DSC5011-768x998.png 768w, https:\/\/suomenrehtorit.fi\/web\/wp-content\/uploads\/sites\/2\/mcx\/2023-6\/DSC5011-252x328.png 252w, https:\/\/suomenrehtorit.fi\/web\/wp-content\/uploads\/sites\/2\/mcx\/2023-6\/DSC5011-522x678.png 522w, https:\/\/suomenrehtorit.fi\/web\/wp-content\/uploads\/sites\/2\/mcx\/2023-6\/DSC5011-792x1029.png 792w, https:\/\/suomenrehtorit.fi\/web\/wp-content\/uploads\/sites\/2\/mcx\/2023-6\/DSC5011-1062x1380.png 1062w, https:\/\/suomenrehtorit.fi\/web\/wp-content\/uploads\/sites\/2\/mcx\/2023-6\/DSC5011.png 1181w\" sizes=\"auto, (max-width: 788px) 100vw, 788px\" \/><\/p>\n<h1>Takaisin l\u00e4hiopetukseen<\/h1>\n<p style=\"text-align: justify;\">Huhtikuun j\u00e4senkirje ilmestyy viikolla, jolloin lukuisat et\u00e4opetuksessa olleet lukiolaiset ja yl\u00e4koululaiset ovat palailemassa <strong><a href=\"https:\/\/yle.fi\/uutiset\/3-11880288\" target=\"_blank\" rel=\"noopener noreferrer\">l\u00e4hiopetukseen<\/a><\/strong>. Monen asian merkitys aukeaa vasta sitten kun sen menett\u00e4\u00e4. N\u00e4in on varmasti my\u00f6s kaikilla niill\u00e4 nuorilla, joiden opiskelu tutussa kouluymp\u00e4rist\u00f6ss\u00e4 vaihtui et\u00e4opetusjaksoksi kev\u00e4\u00e4ll\u00e4 2021. Erona vuoden takaiseen tilanteet eri puolilla maata ovat vaihdelleet varsin paljon, mutta jatkuva varuillaanolo ja erilaisten ohjeiden noudattaminen on varmasti vienyt paljon huomiota kaikissa maamme oppilaitoksissa.<\/p>\n<p>&nbsp;<\/p>\n<h1>Vauhtia johtamisj\u00e4rjestelmien kehitt\u00e4miseen<\/h1>\n<p style=\"text-align: justify;\">Kuluvan toimintavuoden yksi j\u00e4rjest\u00f6mme p\u00e4\u00e4tavoitteista on ollut edist\u00e4\u00e4 maan hallitusohjelmatavoitteen mukaista koulujen johtamisj\u00e4rjestelmien ja osaamisen kehitt\u00e4misty\u00f6n k\u00e4ynnist\u00e4mist\u00e4. Ymm\u00e4rrett\u00e4v\u00e4sti se on j\u00e4\u00e4nyt osittain globaalin pandemian jalkoihin. Tavoitteen merkitys on kuitenkin nyt jo yli vuoden kest\u00e4neen koronaepidemian aikana entisest\u00e4\u00e4n korostunut. Eik\u00e4 v\u00e4hiten siksi, ett\u00e4 rehtorista on t\u00e4n\u00e4 aikana tullut pahimmillaan sielt\u00e4 t\u00e4\u00e4lt\u00e4 singahtelevien uusien teht\u00e4vien viimek\u00e4tinen toteuttaja, jos ket\u00e4\u00e4n muutakaan tekij\u00e4\u00e4 ei n\u00e4ille ty\u00f6teht\u00e4ville ole l\u00f6ytynyt. Siksi t\u00e4ss\u00e4 j\u00e4senkirjeess\u00e4 on hienoa kertoa, ett\u00e4 olemme hiljattain j\u00e4tt\u00e4neet opetus- ja kulttuuriministeri\u00f6lle <a href=\"https:\/\/surefire.fi\/web\/2021\/04\/15\/koulujen-johtamisjarjestelmien-ja-osaamisen-kehittamistyon-kaynnistaminen\/\" target=\"_blank\" rel=\"noopener noreferrer\"><strong>kirjallisen aloitteen<\/strong><\/a>, ja saimme t\u00e4h\u00e4n yhteisty\u00f6h\u00f6n mukaamme j\u00e4re\u00e4n allekirjoittajajoukon. SURE:n lis\u00e4ksi aloitteen ovat allekirjoittaneet Opetusalan Ammattij\u00e4rjest\u00f6, Finlands Svenska L\u00e4rarf\u00f6rbundet sek\u00e4 Opetus- ja sivistystoimen asiantuntijat puheenjohtajiensa johdolla. J\u00e4\u00e4mme mielenkiinnolla odottamaan seuraavia askelia!<\/p>\n<p>&nbsp;<\/p>\n<p><img loading=\"lazy\" decoding=\"async\" class=\"alignnone size-large wp-image-1031\" src=\"https:\/\/suomenrehtorit.fi\/web\/wp-content\/uploads\/sites\/2\/mcx\/2023-6\/AdobeStock_299381864-scaled-2-1024x576.jpeg\" alt=\"\" width=\"980\" height=\"551\" srcset=\"https:\/\/suomenrehtorit.fi\/web\/wp-content\/uploads\/sites\/2\/mcx\/2023-6\/AdobeStock_299381864-scaled-2-1024x576.jpeg 1024w, https:\/\/suomenrehtorit.fi\/web\/wp-content\/uploads\/sites\/2\/mcx\/2023-6\/AdobeStock_299381864-scaled-2-300x169.jpeg 300w, https:\/\/suomenrehtorit.fi\/web\/wp-content\/uploads\/sites\/2\/mcx\/2023-6\/AdobeStock_299381864-scaled-2-768x432.jpeg 768w, https:\/\/suomenrehtorit.fi\/web\/wp-content\/uploads\/sites\/2\/mcx\/2023-6\/AdobeStock_299381864-scaled-2-252x142.jpeg 252w, https:\/\/suomenrehtorit.fi\/web\/wp-content\/uploads\/sites\/2\/mcx\/2023-6\/AdobeStock_299381864-scaled-2-522x294.jpeg 522w, https:\/\/suomenrehtorit.fi\/web\/wp-content\/uploads\/sites\/2\/mcx\/2023-6\/AdobeStock_299381864-scaled-2-792x446.jpeg 792w, https:\/\/suomenrehtorit.fi\/web\/wp-content\/uploads\/sites\/2\/mcx\/2023-6\/AdobeStock_299381864-scaled-2-1062x597.jpeg 1062w, https:\/\/suomenrehtorit.fi\/web\/wp-content\/uploads\/sites\/2\/mcx\/2023-6\/AdobeStock_299381864-scaled-2-1536x864.jpeg 1536w, https:\/\/suomenrehtorit.fi\/web\/wp-content\/uploads\/sites\/2\/mcx\/2023-6\/AdobeStock_299381864-scaled-2-2048x1152.jpeg 2048w\" sizes=\"auto, (max-width: 980px) 100vw, 980px\" \/><\/p>\n<p>&nbsp;<\/p>\n<h1>Rehtoribarometri jo kolmatta kertaa<\/h1>\n<p style=\"text-align: justify;\">Vuodet vieriv\u00e4t vinhaa vauhtia, ja totta vie: olemme nyt jo kolmatta kertaa k\u00e4ynnist\u00e4neet kansallisen yleissivist\u00e4vien oppilaitosjohtajien ty\u00f6hyvinvointikyselyn eli Rehtoribarometrin. My\u00f6s t\u00e4ll\u00e4 kertaa jaoimme kyselyn Opetushallituksen kautta. Rehtoribarometrin jakaminen j\u00e4\u00e4 n\u00e4in yhdeksi OPH:n kev\u00e4\u00e4ll\u00e4 j\u00e4tt\u00e4v\u00e4n p\u00e4\u00e4johtaja Heinosen viimeisien kuukausien ty\u00f6teht\u00e4vist\u00e4. Vastaamiseen kannustavan saatteen my\u00f6t\u00e4 kysely viestii t\u00e4ll\u00e4kin kertaa ymm\u00e4rryst\u00e4 ja v\u00e4litt\u00e4mist\u00e4 vaativissa oloissa ty\u00f6t\u00e4\u00e4n tekevien rehtoreiden suuntaan. Jokainen kyselyyn vastannut rehtori saa analysoinnin edetess\u00e4 henkil\u00f6kohtaisen palautteen. Siin\u00e4 h\u00e4nen omien vastauksiensa muodostamaa kuvaa peilataan kaikkien vastaajien keskiarvoihin. Palaute sis\u00e4lt\u00e4\u00e4 my\u00f6s monia koronaepidemian tuottamia uusia, tutkimusta vaativia ty\u00f6kuormituksen osa-alueita. N\u00e4in vastaaminen on hy\u00f6dyllist\u00e4 jokaiselle oman ty\u00f6hyvinvoinnin tilan selvitt\u00e4miseksi. J\u00e4rjest\u00f6llemme barometrin tuottama tieto on suorastaan elint\u00e4rke\u00e4\u00e4, sill\u00e4 korkeatasoinen ja riippumaton tutkimus tuottaa vahvaa faktaa oppilaitosjohtajien edunvalvonnan kehitt\u00e4miseksi.<\/p>\n<p style=\"text-align: justify;\">F\u00f6r f\u00f6rsta g\u00e5ngen \u00e4r det nu m\u00f6jligt att besvara till unders\u00f6kningen ocks\u00e5 p\u00e5 svenska!<\/p>\n<h1><img loading=\"lazy\" decoding=\"async\" class=\"alignnone size-large wp-image-4648\" src=\"https:\/\/surefire.fi\/web\/wp-content\/uploads\/sites\/2\/2020\/05\/AdobeStock_131739997-1024x728.jpeg\" alt=\"\" width=\"980\" height=\"697\" \/><br \/>\nMTV3-kysely tuotti huolestuttavaa tietoa<\/h1>\n<p style=\"text-align: justify;\">J\u00e4rjest\u00f6mme j\u00e4senten kanta p\u00e4iv\u00e4npolttaviin koulutuksen kysymyksiin kiinnostaa, ja SURE:en luotetaan t\u00e4m\u00e4n kannan selvitt\u00e4misess\u00e4. Viimeisin osoitus t\u00e4st\u00e4 on jo ennen p\u00e4\u00e4si\u00e4ist\u00e4 alkanut SURE:n ja MTV3-uutistoimituksen yhdess\u00e4 toteuttama kyselypohjainen uutisointi koronapandemian vaikutuksista, oppimisvajeesta sek\u00e4 ylioppilaskirjoitusten sujumisesta. Siihen voi tutustua tarkemmin <strong><a href=\"https:\/\/www.mtvuutiset.fi\/artikkeli\/mtv-uutisten-rehtorikyselyssa-huolestuttavia-tuloksia-jopa-alakoulussa-on-nyt-koulunkaynnin-keskeytyksia-meilla-on-ongelma\/8105290#gs.xz7xu7\" target=\"_blank\" rel=\"noopener noreferrer\">t\u00e4m\u00e4n linkin<\/a> <\/strong>kautta. Yksi kyselyn huolestuttavista tuloksista oli, ett\u00e4 epidemian aikana <a href=\"https:\/\/www.mtvuutiset.fi\/artikkeli\/jopa-alakoululaisia-keskeyttanyt-koulunkaynnin-kouluille-halutaan-nyt-koronan-exit-suunnitelma-jokaisesta-nuoresta-on-saatava-koppi\/8107570#gs.xz5vjg\" target=\"_blank\" rel=\"noopener noreferrer\"><strong>rehtoreiden arvioiden<\/strong><\/a> mukaan on erottunut selv\u00e4 joukko oppilaita, joiden koulunk\u00e4ynti on syyst\u00e4 tai toisesta keskeytynyt. T\u00e4m\u00e4 on merkillepantava ilmi\u00f6 maassa, joka on aiemmin saattanut ylpeill\u00e4 kansainv\u00e4lisess\u00e4 rehtoreiden yhteisty\u00f6ss\u00e4 sill\u00e4, ett\u00e4 meill\u00e4 koulupudokkuus on merkitt\u00e4v\u00e4sti v\u00e4h\u00e4isemp\u00e4\u00e4 kuin vaikkapa muissa Euroopan maissa. Kun nyt kes\u00e4n l\u00e4hestyess\u00e4 toiveikkuus yhteiskunnan avaamisesta v\u00e4hitellen lis\u00e4\u00e4ntyy, emme saa unohtaa syntynytt\u00e4 velkaa, oppimisvajetta ja koulunk\u00e4ynnin tilan kadottaneita oppilaita ja opiskelijoita. Siin\u00e4 miss\u00e4 kansantalous, matkailuala ja muu ty\u00f6el\u00e4m\u00e4 janoavat exit-suunnitelmaa, saman ansaitsevat koulua k\u00e4yv\u00e4t sukupolvet ja kouluissa ty\u00f6t\u00e4\u00e4n tekev\u00e4t ammattilaiset. T\u00e4h\u00e4n tarvitaan selke\u00e4 toimintaohjelma ja sen vaatima rahoitus.<\/p>\n<p><img loading=\"lazy\" decoding=\"async\" class=\"alignnone size-large wp-image-773\" src=\"https:\/\/suomenrehtorit.fi\/web\/wp-content\/uploads\/sites\/2\/mcx\/2023-6\/Bullying-scaled-1-1024x341.jpeg\" alt=\"\" width=\"980\" height=\"326\" srcset=\"https:\/\/suomenrehtorit.fi\/web\/wp-content\/uploads\/sites\/2\/mcx\/2023-6\/Bullying-scaled-1-1024x341.jpeg 1024w, https:\/\/suomenrehtorit.fi\/web\/wp-content\/uploads\/sites\/2\/mcx\/2023-6\/Bullying-scaled-1-300x100.jpeg 300w, https:\/\/suomenrehtorit.fi\/web\/wp-content\/uploads\/sites\/2\/mcx\/2023-6\/Bullying-scaled-1-768x256.jpeg 768w, https:\/\/suomenrehtorit.fi\/web\/wp-content\/uploads\/sites\/2\/mcx\/2023-6\/Bullying-scaled-1-252x84.jpeg 252w, https:\/\/suomenrehtorit.fi\/web\/wp-content\/uploads\/sites\/2\/mcx\/2023-6\/Bullying-scaled-1-522x174.jpeg 522w, https:\/\/suomenrehtorit.fi\/web\/wp-content\/uploads\/sites\/2\/mcx\/2023-6\/Bullying-scaled-1-792x264.jpeg 792w, https:\/\/suomenrehtorit.fi\/web\/wp-content\/uploads\/sites\/2\/mcx\/2023-6\/Bullying-scaled-1-1062x354.jpeg 1062w, https:\/\/suomenrehtorit.fi\/web\/wp-content\/uploads\/sites\/2\/mcx\/2023-6\/Bullying-scaled-1-1536x512.jpeg 1536w, https:\/\/suomenrehtorit.fi\/web\/wp-content\/uploads\/sites\/2\/mcx\/2023-6\/Bullying-scaled-1-2048x682.jpeg 2048w\" sizes=\"auto, (max-width: 980px) 100vw, 980px\" \/><\/p>\n<h1>Hihat rullalle kiusaamisen kitkemiseksi<\/h1>\n<p style=\"text-align: justify;\">Kiusaaminen on sitke\u00e4 ongelma oppilaitoksissa. Kiusaamisen ehk\u00e4iseminen ja hyvinvointia parantavien toimien ja ohjelmien kehitt\u00e4minen ovat my\u00f6s t\u00e4rkeit\u00e4 <strong><a href=\"https:\/\/minedu.fi\/documents\/1410845\/57515679\/Toimenpideohjelma+kiusaamisen+v%C3%A4kivallan+ja+h%C3%A4irinn%C3%A4n+ehk%C3%A4isemiseksi+muistio.pdf\/9a686c7f-60f7-2677-c182-b5fd21433367\/Toimenpideohjelma+kiusaamisen+v%C3%A4kivallan+ja+h%C3%A4irinn%C3%A4n+ehk%C3%A4isemiseksi+muistio.pdf?t=1611661280060\" target=\"_blank\" rel=\"noopener noreferrer\">kansallisia tavoitteita<\/a><\/strong>. Opetus- ja kulttuuriministeri\u00f6 on tarttumassa t\u00e4h\u00e4n <a href=\"https:\/\/minedu.fi\/kiusaamisen-ehkaisemisohjelma\" target=\"_blank\" rel=\"noopener noreferrer\"><strong>omin toimin<\/strong><\/a>, mutta my\u00f6s Kansallinen koulutuksen arviointikeskus Karvi on k\u00e4\u00e4rinyt hihat rullalle ja valmistelee omaa arviointiaan. Sen on tarkoitus tuottaa merkitt\u00e4v\u00e4\u00e4 tietoa kiusaamisesta ilmi\u00f6n\u00e4. Parhaillaan Karvi kuulee sidosryhmi\u00e4 ja asiantuntijoita ja laatii hankesuunnitelmaa. Pid\u00e4n t\u00e4t\u00e4 ty\u00f6t\u00e4 hyvin t\u00e4rke\u00e4n\u00e4, sill\u00e4 kiusaamisesta puhuttaessa meill\u00e4 tulee olla k\u00e4yt\u00f6ss\u00e4 selv\u00e4t, yhteisesti m\u00e4\u00e4ritellyt ja ymm\u00e4rretyt k\u00e4sitteet. Arviointity\u00f6 sis\u00e4lt\u00e4nee my\u00f6s tietoa erilaisten hankkeiden ja ohjelmien mahdollisuuksista ja k\u00e4ytt\u00f6kelpoisuudesta kiusaamisen ehk\u00e4isemisess\u00e4 ja siihen puuttumisessa. My\u00f6s t\u00e4t\u00e4 tietoa oppilaitosjohtajat varmasti sek\u00e4 arvostavat ett\u00e4 tarvitsevat oman johtamisty\u00f6ns\u00e4 tueksi. Toimeen on tartuttu topakasti, mutta on selv\u00e4\u00e4, ett\u00e4 laadukas arviointity\u00f6 ottaa aikansa. Jo kes\u00e4n j\u00e4lkeen t\u00e4m\u00e4n hankkeen jatkoaskelista on kuitenkin jo paljon lis\u00e4\u00e4 kerrottavaa, ja palaan asiaan my\u00f6s j\u00e4senkirjeiss\u00e4.<\/p>\n<p><img loading=\"lazy\" decoding=\"async\" class=\"alignnone size-full wp-image-1032\" src=\"https:\/\/suomenrehtorit.fi\/web\/wp-content\/uploads\/sites\/2\/mcx\/2023-6\/Pajunkissa.jpg\" alt=\"\" width=\"612\" height=\"460\" srcset=\"https:\/\/suomenrehtorit.fi\/web\/wp-content\/uploads\/sites\/2\/mcx\/2023-6\/Pajunkissa.jpg 612w, https:\/\/suomenrehtorit.fi\/web\/wp-content\/uploads\/sites\/2\/mcx\/2023-6\/Pajunkissa-300x225.jpg 300w, https:\/\/suomenrehtorit.fi\/web\/wp-content\/uploads\/sites\/2\/mcx\/2023-6\/Pajunkissa-252x189.jpg 252w, https:\/\/suomenrehtorit.fi\/web\/wp-content\/uploads\/sites\/2\/mcx\/2023-6\/Pajunkissa-522x392.jpg 522w\" sizes=\"auto, (max-width: 612px) 100vw, 612px\" \/><\/p>\n<p>Kev\u00e4t kuitenkin tulevi!<\/p>\n<p>N\u00e4in otsikoitu Eino Leinon runo p\u00e4\u00e4tt\u00e4\u00e4 t\u00e4m\u00e4nkertaisen j\u00e4senkirjeeni:<\/p>\n<p>Tunnetteko? Ilma tuulahtaa:<br \/>\nkev\u00e4t kuitenkin tulevi!<br \/>\nTaivas korkeamman kaaren saa,<br \/>\nt\u00e4hdet kiillon kirkkahamman.<\/p>\n<p>On kuin puussa, on kuin Luojan maassa<br \/>\nkuuluis jo salainen kuiske,<br \/>\nvilkahtaisi viidakossa, haassa<br \/>\nhuntujen sinisten huiske.<\/p>\n<p>Kev\u00e4t j\u00e4lkeen talven raskahimman,<br \/>\nmink\u00e4 on ihminen el\u00e4nyt,<br \/>\nkev\u00e4t j\u00e4lkeen myrskyn murhaisimman,<br \/>\nmit\u2019 on n\u00e4hty maailmassa?<\/p>\n<p>Oisko mahdollista? Oisko unta?<br \/>\nEi pet\u00e4 el\u00e4m\u00e4n vaisto,<br \/>\nkutoo ihanteitaan ihmiskunta,<br \/>\np\u00e4\u00e4ttyvi pisinkin taisto.<\/p>\n<p>Pidet\u00e4\u00e4n huolta itsest\u00e4mme samalla kun jatkamme <a href=\"http:\/\/kevatseuranta.fi\/\" target=\"_blank\" rel=\"noopener noreferrer\"><strong>kev\u00e4tseurantaa<\/strong><\/a>!<\/p>\n<p>Antti Ikonen<br \/>\npj Suomen Rehtorit<br \/>\n@AnttiIkonen<\/p>\n<p>&nbsp;<\/p>\n<p>&nbsp;<\/p>\n<p><img loading=\"lazy\" decoding=\"async\" class=\"alignnone size-large wp-image-1033\" src=\"https:\/\/suomenrehtorit.fi\/web\/wp-content\/uploads\/sites\/2\/mcx\/2023-6\/ouriginal_logo_full_colored_RGB-1-1024x234.png\" alt=\"\" width=\"980\" height=\"224\" srcset=\"https:\/\/suomenrehtorit.fi\/web\/wp-content\/uploads\/sites\/2\/mcx\/2023-6\/ouriginal_logo_full_colored_RGB-1-1024x234.png 1024w, https:\/\/suomenrehtorit.fi\/web\/wp-content\/uploads\/sites\/2\/mcx\/2023-6\/ouriginal_logo_full_colored_RGB-1-300x69.png 300w, https:\/\/suomenrehtorit.fi\/web\/wp-content\/uploads\/sites\/2\/mcx\/2023-6\/ouriginal_logo_full_colored_RGB-1-768x176.png 768w, https:\/\/suomenrehtorit.fi\/web\/wp-content\/uploads\/sites\/2\/mcx\/2023-6\/ouriginal_logo_full_colored_RGB-1-252x58.png 252w, https:\/\/suomenrehtorit.fi\/web\/wp-content\/uploads\/sites\/2\/mcx\/2023-6\/ouriginal_logo_full_colored_RGB-1-522x119.png 522w, https:\/\/suomenrehtorit.fi\/web\/wp-content\/uploads\/sites\/2\/mcx\/2023-6\/ouriginal_logo_full_colored_RGB-1-792x181.png 792w, https:\/\/suomenrehtorit.fi\/web\/wp-content\/uploads\/sites\/2\/mcx\/2023-6\/ouriginal_logo_full_colored_RGB-1-1062x243.png 1062w, https:\/\/suomenrehtorit.fi\/web\/wp-content\/uploads\/sites\/2\/mcx\/2023-6\/ouriginal_logo_full_colored_RGB-1-1536x351.png 1536w, https:\/\/suomenrehtorit.fi\/web\/wp-content\/uploads\/sites\/2\/mcx\/2023-6\/ouriginal_logo_full_colored_RGB-1-2048x468.png 2048w\" sizes=\"auto, (max-width: 980px) 100vw, 980px\" \/><\/p>\n<h1>How does your school educate students about plagiarism while saving time for teachers?<\/h1>\n<p>We at <strong><a href=\"https:\/\/www.ouriginal.com\/\" target=\"_blank\" rel=\"noopener noreferrer\">Ouriginal<\/a><\/strong> support schools in this question with an easy-to-use text-matching tool that helps teachers saving time and focus on what is important \u2013 teaching. Ouriginal can be smoothly integrated in your digital eco system of learning tools and becomes a natural part of the student learning process to enhance writing.<\/p>\n<p>If you sign up with us before 30th of June 2021, you get a 15-month license at a price of 12 months \u2013 full access for your school and teachers.<\/p>\n<p>We would love to show you a demonstration of how we can support your school! Contact us <a href=\"https:\/\/bit.ly\/3a8lXbd\" target=\"_blank\" rel=\"noopener noreferrer\"><strong>here<\/strong><\/a> or at <a href=\"mailto:Linnea.rydberg@ouriginal.com\" target=\"_blank\" rel=\"noopener noreferrer\">Linnea.rydberg@ouriginal.com<\/a>.<\/p>\n<p>&nbsp;<\/p>\n<p><img loading=\"lazy\" decoding=\"async\" class=\"alignnone size-large wp-image-1034\" src=\"https:\/\/suomenrehtorit.fi\/web\/wp-content\/uploads\/sites\/2\/mcx\/2023-6\/valmennusohjelma_mainos-1024x576.png\" alt=\"\" width=\"980\" height=\"551\" srcset=\"https:\/\/suomenrehtorit.fi\/web\/wp-content\/uploads\/sites\/2\/mcx\/2023-6\/valmennusohjelma_mainos-1024x576.png 1024w, https:\/\/suomenrehtorit.fi\/web\/wp-content\/uploads\/sites\/2\/mcx\/2023-6\/valmennusohjelma_mainos-300x169.png 300w, https:\/\/suomenrehtorit.fi\/web\/wp-content\/uploads\/sites\/2\/mcx\/2023-6\/valmennusohjelma_mainos-768x432.png 768w, https:\/\/suomenrehtorit.fi\/web\/wp-content\/uploads\/sites\/2\/mcx\/2023-6\/valmennusohjelma_mainos-252x142.png 252w, https:\/\/suomenrehtorit.fi\/web\/wp-content\/uploads\/sites\/2\/mcx\/2023-6\/valmennusohjelma_mainos-522x294.png 522w, https:\/\/suomenrehtorit.fi\/web\/wp-content\/uploads\/sites\/2\/mcx\/2023-6\/valmennusohjelma_mainos-792x446.png 792w, https:\/\/suomenrehtorit.fi\/web\/wp-content\/uploads\/sites\/2\/mcx\/2023-6\/valmennusohjelma_mainos-1062x597.png 1062w, https:\/\/suomenrehtorit.fi\/web\/wp-content\/uploads\/sites\/2\/mcx\/2023-6\/valmennusohjelma_mainos-1536x864.png 1536w, https:\/\/suomenrehtorit.fi\/web\/wp-content\/uploads\/sites\/2\/mcx\/2023-6\/valmennusohjelma_mainos.png 1920w\" sizes=\"auto, (max-width: 980px) 100vw, 980px\" \/><\/p>\n<h1>Haluatko vahvistaa oppilaitoksenne kyky\u00e4\u00a0olla mukana ekologisessa j\u00e4lleenrakennuksessa?<\/h1>\n<h3>Ilmoittaudu mukaan valmennusohjelmaan!<\/h3>\n<p>Maksuttomassa valmennusohjelmassa saat tietoa ja ty\u00f6v\u00e4lineit\u00e4\u00a0ekologisen j\u00e4lleenrakennuksen ennakointiin ja yhteiskunnan uudistamiseen.\u00a0Puolivuotinen ohjelma koostuu kahdesta valmennusp\u00e4iv\u00e4st\u00e4 ja omassa oppilaitoksessa toteutettavasta kehitt\u00e4misprojektista.<\/p>\n<p>Valmennusohjelman kouluttajina toimivat Lasten ja nuorten s\u00e4\u00e4ti\u00f6n\u00a0tulevaisuusasiantuntija ja\u00a0Tulevaisuuskoulun\u00a0johtaja\u00a0<strong>Otto T\u00e4hk\u00e4p\u00e4\u00e4<\/strong>\u00a0ja\u00a0opetus-, kasvatus- ja koulutusalojen kehitt\u00e4miss\u00e4\u00e4ti\u00f6 OKKA-s\u00e4\u00e4ti\u00f6n\u00a0suunnittelup\u00e4\u00e4llikk\u00f6\u00a0<strong>Erkka\u00a0Laininen<\/strong>. Lis\u00e4ksi kuulet kiinnostavien asiantuntijavieraiden puheenvuoroja.<\/p>\n<p>Valmennusohjelman rahoittavat Tiina ja Antti\u00a0Herlinin\u00a0s\u00e4\u00e4ti\u00f6n Lasten ja nuorten ilmastorahasto sek\u00e4\u00a0Nesslingin\u00a0s\u00e4\u00e4ti\u00f6.<\/p>\n<p>Tutustu valmennusohjelmaan tarkemmin ja ilmoittaudu mukaan:\u00a0<a href=\"https:\/\/www.nuori.fi\/toiminta\/tulevaisuuskoulu\/valmennusohjelma-rehtoreille\/\" target=\"_blank\" rel=\"noopener noreferrer\"><strong>https:\/\/www.nuori.fi\/toiminta\/tulevaisuuskoulu\/valmennusohjelma-rehtoreille\/<\/strong><\/a>.<\/p>\n<p>&nbsp;<\/p>\n<p><img loading=\"lazy\" decoding=\"async\" class=\"alignnone size-full wp-image-1035\" src=\"https:\/\/suomenrehtorit.fi\/web\/wp-content\/uploads\/sites\/2\/mcx\/2023-6\/uutiskirje-kuva-4_21.png\" alt=\"\" width=\"940\" height=\"788\" srcset=\"https:\/\/suomenrehtorit.fi\/web\/wp-content\/uploads\/sites\/2\/mcx\/2023-6\/uutiskirje-kuva-4_21.png 940w, https:\/\/suomenrehtorit.fi\/web\/wp-content\/uploads\/sites\/2\/mcx\/2023-6\/uutiskirje-kuva-4_21-300x251.png 300w, https:\/\/suomenrehtorit.fi\/web\/wp-content\/uploads\/sites\/2\/mcx\/2023-6\/uutiskirje-kuva-4_21-768x644.png 768w, https:\/\/suomenrehtorit.fi\/web\/wp-content\/uploads\/sites\/2\/mcx\/2023-6\/uutiskirje-kuva-4_21-252x211.png 252w, https:\/\/suomenrehtorit.fi\/web\/wp-content\/uploads\/sites\/2\/mcx\/2023-6\/uutiskirje-kuva-4_21-522x438.png 522w, https:\/\/suomenrehtorit.fi\/web\/wp-content\/uploads\/sites\/2\/mcx\/2023-6\/uutiskirje-kuva-4_21-792x664.png 792w\" sizes=\"auto, (max-width: 940px) 100vw, 940px\" \/><\/p>\n<h1>Tiimimestari -valmennusohjelma luo uudenlaista johtamisosaamista<\/h1>\n<p>\u201dValmennus kehitti johtamistaitojani\u201d v\u00e4ite sai keskiarvon 4,14 palautekyselymme mukaan (asteikolla 1-5). Valmennus vahvistaa yhteiskehitt\u00e4misen, tiimien hy\u00f6dynt\u00e4misen ja yhteis\u00f6n yhdess\u00e4 oppimisen taitoja.<\/p>\n<p>Haluatko p\u00e4ivitt\u00e4\u00e4 johtamisosaamistasi, haastaa itsesi uudenlaiseen johtajuuteen ja soveltaa valmentavaa toimintatapaa?<\/p>\n<p>Tiimimestari\u00ae -valmennus on ohjelma rehtoreille, opettajille ja kehitt\u00e4jille. Se antaa uusia n\u00e4k\u00f6kulmia ja toimintamalleja tiimiyhteis\u00f6n rakentamiseen ja oman valmentavan ty\u00f6otteen kehitt\u00e4miseen. Lue lis\u00e4\u00e4 <a href=\"https:\/\/tiimiakatemia.com\/tuote\/tiimiakatemia-tiimimestari\/\" target=\"_blank\" rel=\"noopener noreferrer\"><strong>t\u00e4st\u00e4!<\/strong><\/a><\/p>\n<p><img loading=\"lazy\" decoding=\"async\" class=\"alignnone size-large wp-image-1036\" src=\"https:\/\/suomenrehtorit.fi\/web\/wp-content\/uploads\/sites\/2\/mcx\/2023-6\/ICP-leading-on-the-edge-1024x355.png\" alt=\"\" width=\"980\" height=\"340\" srcset=\"https:\/\/suomenrehtorit.fi\/web\/wp-content\/uploads\/sites\/2\/mcx\/2023-6\/ICP-leading-on-the-edge-1024x355.png 1024w, https:\/\/suomenrehtorit.fi\/web\/wp-content\/uploads\/sites\/2\/mcx\/2023-6\/ICP-leading-on-the-edge-300x104.png 300w, https:\/\/suomenrehtorit.fi\/web\/wp-content\/uploads\/sites\/2\/mcx\/2023-6\/ICP-leading-on-the-edge-768x266.png 768w, https:\/\/suomenrehtorit.fi\/web\/wp-content\/uploads\/sites\/2\/mcx\/2023-6\/ICP-leading-on-the-edge-252x87.png 252w, https:\/\/suomenrehtorit.fi\/web\/wp-content\/uploads\/sites\/2\/mcx\/2023-6\/ICP-leading-on-the-edge-522x181.png 522w, https:\/\/suomenrehtorit.fi\/web\/wp-content\/uploads\/sites\/2\/mcx\/2023-6\/ICP-leading-on-the-edge-792x275.png 792w, https:\/\/suomenrehtorit.fi\/web\/wp-content\/uploads\/sites\/2\/mcx\/2023-6\/ICP-leading-on-the-edge-1062x368.png 1062w, https:\/\/suomenrehtorit.fi\/web\/wp-content\/uploads\/sites\/2\/mcx\/2023-6\/ICP-leading-on-the-edge-1536x533.png 1536w, https:\/\/suomenrehtorit.fi\/web\/wp-content\/uploads\/sites\/2\/mcx\/2023-6\/ICP-leading-on-the-edge-2048x710.png 2048w\" sizes=\"auto, (max-width: 980px) 100vw, 980px\" \/><\/p>\n<h1>Free Webinar for ICP Members &#8211; A Conversation with Steve Munby &#8211; 4 thMay &#8211; REGISTER TODAY<\/h1>\n<p>SURE:n j\u00e4senen\u00e4 olet my\u00f6s ICP:n j\u00e4sen, joten t\u00e4m\u00e4 huippuwebinaari on sinulle ilmainen.<\/p>\n<p>Why you should join the ICP Webinar with Steve Munby?<\/p>\n<p><strong>EVENT DETAILS<\/strong><\/p>\n<p>In an increasingly divided world, how can leaders manage the complexity of different and seemingly opposing aspects of education?<br \/>\nHow can leaders go about tackling conflicting views within their school\/organisation?<br \/>\nIn particular, how can school and educational leaders manage the apparent paradoxes of:<\/p>\n<p>1.\u00a0\u00a0\u00a0\u00a0academic excellence and equity<br \/>\n2.\u00a0\u00a0\u00a0\u00a0optimism and pragmatism<\/p>\n<p>What are the implications of all this for policy-makers\/system leaders and for school leaders?<br \/>\nDon&#8217;t miss the opportunity to hear from this extraordinary speaker.\u00a0<a href=\"http:\/\/r20.rs6.net\/tn.jsp?f=001q1zIP2kVVLn7iq9Nsa0Al7bToK1tLP3QY1NPHbVtIQaGhz8n6Ioqo2OeVwmZTtumuOhQoPyaBHoA5hhgM6b43AiCNYR8xymtAiMs0nWAznX3NWGqbrk4UVeiFrEysHzqbl7svq-mA7lZd_45sl70K0IG8tLNF3fPtZ0dGT8ioCbVqHIUeuOrkyxeNdt_umg5&amp;c=owT0ERILMwKlsSWRpcbdhtWxDrTJDH7GLYBrUV2ghZqBOeknRDpk2g==&amp;ch=z19XidPGTPVU2_qA8NAwtg6Ex3Zch_mgGsyC_LY5u9HXZ7DHmPtyAQ==\" target=\"_blank\" rel=\"noopener noreferrer\"><strong>Register Today<\/strong><\/a><\/p>\n<p style=\"text-align: justify;\">ICP has a clear commitment to \u2018promote more equitable opportunities and outcomes for students globally through quality school leadership\u2019.<\/p>\n<p style=\"text-align: justify;\">At the ICP Conference in Shanghai 2019, the ICP Council developed its own definition of Equity to\u00a0<strong>encourage<\/strong>,\u00a0<strong>support<\/strong>\u00a0and\u00a0<strong>inspire<\/strong>\u00a0its membership to develop a deeper understanding of what equity means in the context of education.<\/p>\n<p style=\"text-align: justify;\">ICP as a global professional organisation actively promotes the principles of equity and fairness and subscribes to the view expressed by Rick Lavoie that\u00a0\u2018<strong>Fair doesn\u2019t mean giving every child the same thing &#8211; it means giving every child what they need<\/strong>\u2019.<\/p>\n<p style=\"text-align: justify;\"><strong>Steve Munby\u00a0<\/strong>is a self-employed consultant and speaker on leadership and system reform. He retired in 2017 as Chief Executive of the Education Development Trust, an international education charity working in Asia, Africa, the Middle East and Europe, where he led the advisory support for the development of the new National Academy for Educational Leadership in Wales.<\/p>\n<p style=\"text-align: justify;\">Prior to this, Steve was Chief Executive of the National College for School Leadership in England. As CEO, he had overall responsibility for the training and development of school principals in 22,000 state maintained schools in England and also for the training and development of Directors of Children&#8217;s Services of 150 Local Authorities. Whilst at the National College, Steve oversaw the work on the identification and development of National Leaders of Education, the development of Teaching Schools in England and the review of the National Professional Qualification for Headship.<\/p>\n<p>Steve is currently a facilitator for the Atlantic Rim Collaboratory summits. He is a Visiting Professor at University College London Institute for Education and is Chair of the Teaching Awards Trust in England.<\/p>\n<p>Don&#8217;t miss the opportunity to hear from this extraordinary speaker.\u00a0<a href=\"http:\/\/r20.rs6.net\/tn.jsp?f=001q1zIP2kVVLn7iq9Nsa0Al7bToK1tLP3QY1NPHbVtIQaGhz8n6Ioqo2OeVwmZTtumuOhQoPyaBHoA5hhgM6b43AiCNYR8xymtAiMs0nWAznX3NWGqbrk4UVeiFrEysHzqbl7svq-mA7lZd_45sl70K0IG8tLNF3fPtZ0dGT8ioCbVqHIUeuOrkyxeNdt_umg5&amp;c=owT0ERILMwKlsSWRpcbdhtWxDrTJDH7GLYBrUV2ghZqBOeknRDpk2g==&amp;ch=z19XidPGTPVU2_qA8NAwtg6Ex3Zch_mgGsyC_LY5u9HXZ7DHmPtyAQ==\" target=\"_blank\" rel=\"noopener noreferrer\"><strong>Register Today<\/strong><\/a><\/p>\n<p><img loading=\"lazy\" decoding=\"async\" class=\"alignnone size-large wp-image-1037\" src=\"https:\/\/suomenrehtorit.fi\/web\/wp-content\/uploads\/sites\/2\/mcx\/2023-6\/Pro-Rexi-2021-662x1024.png\" alt=\"\" width=\"662\" height=\"1024\" srcset=\"https:\/\/suomenrehtorit.fi\/web\/wp-content\/uploads\/sites\/2\/mcx\/2023-6\/Pro-Rexi-2021-662x1024.png 662w, https:\/\/suomenrehtorit.fi\/web\/wp-content\/uploads\/sites\/2\/mcx\/2023-6\/Pro-Rexi-2021-194x300.png 194w, https:\/\/suomenrehtorit.fi\/web\/wp-content\/uploads\/sites\/2\/mcx\/2023-6\/Pro-Rexi-2021-768x1189.png 768w, https:\/\/suomenrehtorit.fi\/web\/wp-content\/uploads\/sites\/2\/mcx\/2023-6\/Pro-Rexi-2021-252x390.png 252w, https:\/\/suomenrehtorit.fi\/web\/wp-content\/uploads\/sites\/2\/mcx\/2023-6\/Pro-Rexi-2021-522x808.png 522w, https:\/\/suomenrehtorit.fi\/web\/wp-content\/uploads\/sites\/2\/mcx\/2023-6\/Pro-Rexi-2021-792x1226.png 792w, https:\/\/suomenrehtorit.fi\/web\/wp-content\/uploads\/sites\/2\/mcx\/2023-6\/Pro-Rexi-2021-992x1536.png 992w, https:\/\/suomenrehtorit.fi\/web\/wp-content\/uploads\/sites\/2\/mcx\/2023-6\/Pro-Rexi-2021.png 1002w\" sizes=\"auto, (max-width: 662px) 100vw, 662px\" \/><\/p>\n","protected":false},"excerpt":{"rendered":"<p>Puheenjohtajalta Takaisin l\u00e4hiopetukseen Huhtikuun j\u00e4senkirje ilmestyy viikolla, jolloin lukuisat et\u00e4opetuksessa olleet lukiolaiset ja yl\u00e4koululaiset ovat palailemassa l\u00e4hiopetukseen. Monen asian merkitys aukeaa vasta sitten kun sen menett\u00e4\u00e4. N\u00e4in on varmasti my\u00f6s kaikilla niill\u00e4 nuorilla, joiden opiskelu tutussa kouluymp\u00e4rist\u00f6ss\u00e4 vaihtui et\u00e4opetusjaksoksi kev\u00e4\u00e4ll\u00e4 2021. Erona vuoden takaiseen tilanteet eri puolilla maata ovat vaihdelleet varsin paljon, mutta jatkuva varuillaanolo &#8230; <a title=\"J\u00e4senkirje 4\/2021\" class=\"read-more\" href=\"https:\/\/suomenrehtorit.fi\/web\/2021\/04\/15\/jasenkirje-4-2021\/\" aria-label=\"Lue lis\u00e4\u00e4 aiheesta J\u00e4senkirje 4\/2021\">Lue lis\u00e4\u00e4<\/a><\/p>\n","protected":false},"author":3,"featured_media":0,"comment_status":"closed","ping_status":"closed","sticky":false,"template":"","format":"standard","meta":{"_uag_custom_page_level_css":"","footnotes":""},"categories":[23,24],"tags":[],"class_list":["post-1030","post","type-post","status-publish","format-standard","hentry","category-jasenkirje","category-uutisarkisto"],"uagb_featured_image_src":{"full":false,"thumbnail":false,"medium":false,"medium_large":false,"large":false,"magazine-cw3":false,"magazine-cw6":false,"magazine-cw9":false,"magazine-cw12":false,"magazine-thumb":false,"magazine-toc":false,"1536x1536":false,"2048x2048":false,"gform-image-choice-sm":false,"gform-image-choice-md":false,"gform-image-choice-lg":false},"uagb_author_info":{"display_name":"Admin","author_link":"https:\/\/suomenrehtorit.fi\/web\/author\/toni-lehtinen\/"},"uagb_comment_info":0,"uagb_excerpt":"Puheenjohtajalta Takaisin l\u00e4hiopetukseen Huhtikuun j\u00e4senkirje ilmestyy viikolla, jolloin lukuisat et\u00e4opetuksessa olleet lukiolaiset ja yl\u00e4koululaiset ovat palailemassa l\u00e4hiopetukseen. Monen asian merkitys aukeaa vasta sitten kun sen menett\u00e4\u00e4. N\u00e4in on varmasti my\u00f6s kaikilla niill\u00e4 nuorilla, joiden opiskelu tutussa kouluymp\u00e4rist\u00f6ss\u00e4 vaihtui et\u00e4opetusjaksoksi kev\u00e4\u00e4ll\u00e4 2021. Erona vuoden takaiseen tilanteet eri puolilla maata ovat vaihdelleet varsin paljon, mutta jatkuva varuillaanolo&hellip;","_links":{"self":[{"href":"https:\/\/suomenrehtorit.fi\/web\/wp-json\/wp\/v2\/posts\/1030","targetHints":{"allow":["GET"]}}],"collection":[{"href":"https:\/\/suomenrehtorit.fi\/web\/wp-json\/wp\/v2\/posts"}],"about":[{"href":"https:\/\/suomenrehtorit.fi\/web\/wp-json\/wp\/v2\/types\/post"}],"author":[{"embeddable":true,"href":"https:\/\/suomenrehtorit.fi\/web\/wp-json\/wp\/v2\/users\/3"}],"replies":[{"embeddable":true,"href":"https:\/\/suomenrehtorit.fi\/web\/wp-json\/wp\/v2\/comments?post=1030"}],"version-history":[{"count":1,"href":"https:\/\/suomenrehtorit.fi\/web\/wp-json\/wp\/v2\/posts\/1030\/revisions"}],"predecessor-version":[{"id":1793,"href":"https:\/\/suomenrehtorit.fi\/web\/wp-json\/wp\/v2\/posts\/1030\/revisions\/1793"}],"wp:attachment":[{"href":"https:\/\/suomenrehtorit.fi\/web\/wp-json\/wp\/v2\/media?parent=1030"}],"wp:term":[{"taxonomy":"category","embeddable":true,"href":"https:\/\/suomenrehtorit.fi\/web\/wp-json\/wp\/v2\/categories?post=1030"},{"taxonomy":"post_tag","embeddable":true,"href":"https:\/\/suomenrehtorit.fi\/web\/wp-json\/wp\/v2\/tags?post=1030"}],"curies":[{"name":"wp","href":"https:\/\/api.w.org\/{rel}","templated":true}]}}