{"id":1124,"date":"2021-06-15T12:28:30","date_gmt":"2021-06-15T12:28:30","guid":{"rendered":"https:\/\/suomenrehtorit.fi\/web\/?p=1124"},"modified":"2023-08-07T06:46:26","modified_gmt":"2023-08-07T06:46:26","slug":"jasenkirje-6-2021","status":"publish","type":"post","link":"https:\/\/suomenrehtorit.fi\/web\/2021\/06\/15\/jasenkirje-6-2021\/","title":{"rendered":"J\u00e4senkirje 6\/2021"},"content":{"rendered":"<p><img loading=\"lazy\" decoding=\"async\" class=\"alignnone size-large wp-image-720\" src=\"https:\/\/suomenrehtorit.fi\/web\/wp-content\/uploads\/sites\/2\/mcx\/2023-6\/DSC5011-788x1024.png\" alt=\"\" width=\"788\" height=\"1024\" srcset=\"https:\/\/suomenrehtorit.fi\/web\/wp-content\/uploads\/sites\/2\/mcx\/2023-6\/DSC5011-788x1024.png 788w, https:\/\/suomenrehtorit.fi\/web\/wp-content\/uploads\/sites\/2\/mcx\/2023-6\/DSC5011-231x300.png 231w, https:\/\/suomenrehtorit.fi\/web\/wp-content\/uploads\/sites\/2\/mcx\/2023-6\/DSC5011-768x998.png 768w, https:\/\/suomenrehtorit.fi\/web\/wp-content\/uploads\/sites\/2\/mcx\/2023-6\/DSC5011-252x328.png 252w, https:\/\/suomenrehtorit.fi\/web\/wp-content\/uploads\/sites\/2\/mcx\/2023-6\/DSC5011-522x678.png 522w, https:\/\/suomenrehtorit.fi\/web\/wp-content\/uploads\/sites\/2\/mcx\/2023-6\/DSC5011-792x1029.png 792w, https:\/\/suomenrehtorit.fi\/web\/wp-content\/uploads\/sites\/2\/mcx\/2023-6\/DSC5011-1062x1380.png 1062w, https:\/\/suomenrehtorit.fi\/web\/wp-content\/uploads\/sites\/2\/mcx\/2023-6\/DSC5011.png 1181w\" sizes=\"auto, (max-width: 788px) 100vw, 788px\" \/><\/p>\n<h1>Puheenjohtajan palsta<\/h1>\n<p>&nbsp;<\/p>\n<h1>Valmista tuli \u2013 opetuksessa ja ohjelmaty\u00f6ss\u00e4<\/h1>\n<p>Lukuvuoden 2020\u201321 opetusty\u00f6 maamme yleissivist\u00e4viss\u00e4 oppilaitoksissa on saatu kunniakkaasti p\u00e4\u00e4t\u00f6kseen, ja nyt k\u00e4ynniss\u00e4 on jo hyv\u00e4\u00e4 vauhtia valmistautumien uuteen kouluvuoteen. Kev\u00e4\u00e4n aikana olemme viimeistelleet my\u00f6s j\u00e4rjest\u00f6n toimintasuunnitelman mukaisia kev\u00e4tkauden toimia. N\u00e4ist\u00e4 t\u00e4rkeimpi\u00e4 oli oppilaitosjohtajien edunvalvonnan tavoiteohjelman p\u00e4ivitys seuraavia virkaehtosopimusneuvotteluja varten. P\u00e4ivitysty\u00f6 k\u00e4ynnistyi jo j\u00e4rjest\u00f6n edellisen hallituksen toimikauden aikana, ja ohjelma viimeisteltiin uuden hallituksen ty\u00f6n\u00e4. <strong><a href=\"https:\/\/surefire.fi\/web\/suomen-rehtorit-ryn-tavoiteohjelma-2020-2021\/\" target=\"_blank\" rel=\"noopener noreferrer\">Uuteen ohjelmaan<\/a><\/strong> voi tutustua Suomen Rehtoreiden kotisivuilla. Tavoitteisto on luovutettu edelleen p\u00e4\u00e4sopijaj\u00e4rjest\u00f6jen puheenjohtajille ja neuvottelijoille. T\u00e4ss\u00e4 j\u00e4senkirjeess\u00e4 kurkistamme viel\u00e4 v\u00e4h\u00e4n menneeseen mutta my\u00f6s tulevaan, pieni kes\u00e4inen pilke silm\u00e4kulmassa!<\/p>\n<figure id=\"attachment_5268\" aria-describedby=\"caption-attachment-5268\" style=\"width: 970px\" class=\"wp-caption alignnone\"><img loading=\"lazy\" decoding=\"async\" class=\"size-large wp-image-1126\" src=\"https:\/\/suomenrehtorit.fi\/web\/wp-content\/uploads\/sites\/2\/mcx\/2023-6\/card-976857_1920-1024x791.jpg\" alt=\"\" width=\"980\" height=\"757\" srcset=\"https:\/\/suomenrehtorit.fi\/web\/wp-content\/uploads\/sites\/2\/mcx\/2023-6\/card-976857_1920-1024x791.jpg 1024w, https:\/\/suomenrehtorit.fi\/web\/wp-content\/uploads\/sites\/2\/mcx\/2023-6\/card-976857_1920-300x232.jpg 300w, https:\/\/suomenrehtorit.fi\/web\/wp-content\/uploads\/sites\/2\/mcx\/2023-6\/card-976857_1920-768x593.jpg 768w, https:\/\/suomenrehtorit.fi\/web\/wp-content\/uploads\/sites\/2\/mcx\/2023-6\/card-976857_1920-252x195.jpg 252w, https:\/\/suomenrehtorit.fi\/web\/wp-content\/uploads\/sites\/2\/mcx\/2023-6\/card-976857_1920-522x403.jpg 522w, https:\/\/suomenrehtorit.fi\/web\/wp-content\/uploads\/sites\/2\/mcx\/2023-6\/card-976857_1920-792x612.jpg 792w, https:\/\/suomenrehtorit.fi\/web\/wp-content\/uploads\/sites\/2\/mcx\/2023-6\/card-976857_1920-1062x820.jpg 1062w, https:\/\/suomenrehtorit.fi\/web\/wp-content\/uploads\/sites\/2\/mcx\/2023-6\/card-976857_1920-1536x1186.jpg 1536w, https:\/\/suomenrehtorit.fi\/web\/wp-content\/uploads\/sites\/2\/mcx\/2023-6\/card-976857_1920.jpg 1920w\" sizes=\"auto, (max-width: 980px) 100vw, 980px\" \/><figcaption id=\"caption-attachment-5268\" class=\"wp-caption-text\">Kuva <a href=\"https:\/\/pixabay.com\/fi\/users\/artsybee-462611\/?utm_source=link-attribution&amp;utm_medium=referral&amp;utm_campaign=image&amp;utm_content=976857\">Oberholster Venita<\/a> <a href=\"https:\/\/pixabay.com\/fi\/?utm_source=link-attribution&amp;utm_medium=referral&amp;utm_campaign=image&amp;utm_content=976857\">Pixabayst\u00e4<\/a><\/figcaption><\/figure>\n<h1>Koronakriisill\u00e4kin on kultareunus<\/h1>\n<p style=\"text-align: justify;\">Vanhan sanonnan mukaisesti jokaisella pilvell\u00e4 on kultareunus. Yksi koronaepidemian tuomien myrskypilvien kultareunuksista on digitaalisten taitojen merkitt\u00e4v\u00e4 kehityssys\u00e4ys. Jouduimme my\u00f6s j\u00e4rjest\u00f6n ty\u00f6ss\u00e4 siirtym\u00e4\u00e4n k\u00e4yt\u00e4nn\u00f6ss\u00e4 t\u00e4ysin et\u00e4yhteyksin tapahtuvaan toimintaan, jossa on ollut paljon positiivisiakin puolia. Valtakunnallisen verkoston voima ei pandemian aikana ole hiipunut, ja verkkopalaverit ovat mahdollistaneet paitsi toiminnan yll\u00e4pit\u00e4misen my\u00f6s uusien avauksien tekemisen hyvin kustannustehokkaasti. Yksi uusi avaus n\u00e4kyi j\u00e4senist\u00f6llemme toukokuun lopulla j\u00e4rjestetyss\u00e4 maksuttomassa verkkokoulutuksessa, jossa k\u00e4ytiin l\u00e4pi ajankohtaisia sopimus-, et\u00e4ty\u00f6-, viestint\u00e4- ja ajanhallintakysymyksi\u00e4. Toinen j\u00e4rjest\u00f6n alueellisen toiminnan kehitt\u00e4misen kannalta t\u00e4rke\u00e4 avaus oli alueyhdistysten puheenjohtajien ja j\u00e4rjest\u00f6johdon yhteinen tapaaminen kes\u00e4kuun alussa. Vaikka me kaikki odotamme kovasti my\u00f6s kasvokkain tapahtuvia kohtaamisia, kannattaa meid\u00e4n todella vakiinnuttaa monia oppimiamme asioita my\u00f6s epidemian j\u00e4lkeiseen aikaan.<\/p>\n<figure id=\"attachment_5266\" aria-describedby=\"caption-attachment-5266\" style=\"width: 970px\" class=\"wp-caption alignnone\"><img loading=\"lazy\" decoding=\"async\" class=\"size-large wp-image-1127\" src=\"https:\/\/suomenrehtorit.fi\/web\/wp-content\/uploads\/sites\/2\/mcx\/2023-6\/fishing-1667052_1920-1024x683.jpg\" alt=\"\" width=\"980\" height=\"654\" srcset=\"https:\/\/suomenrehtorit.fi\/web\/wp-content\/uploads\/sites\/2\/mcx\/2023-6\/fishing-1667052_1920-1024x683.jpg 1024w, https:\/\/suomenrehtorit.fi\/web\/wp-content\/uploads\/sites\/2\/mcx\/2023-6\/fishing-1667052_1920-300x200.jpg 300w, https:\/\/suomenrehtorit.fi\/web\/wp-content\/uploads\/sites\/2\/mcx\/2023-6\/fishing-1667052_1920-768x512.jpg 768w, https:\/\/suomenrehtorit.fi\/web\/wp-content\/uploads\/sites\/2\/mcx\/2023-6\/fishing-1667052_1920-252x168.jpg 252w, https:\/\/suomenrehtorit.fi\/web\/wp-content\/uploads\/sites\/2\/mcx\/2023-6\/fishing-1667052_1920-522x348.jpg 522w, https:\/\/suomenrehtorit.fi\/web\/wp-content\/uploads\/sites\/2\/mcx\/2023-6\/fishing-1667052_1920-792x528.jpg 792w, https:\/\/suomenrehtorit.fi\/web\/wp-content\/uploads\/sites\/2\/mcx\/2023-6\/fishing-1667052_1920-1062x708.jpg 1062w, https:\/\/suomenrehtorit.fi\/web\/wp-content\/uploads\/sites\/2\/mcx\/2023-6\/fishing-1667052_1920-1536x1024.jpg 1536w, https:\/\/suomenrehtorit.fi\/web\/wp-content\/uploads\/sites\/2\/mcx\/2023-6\/fishing-1667052_1920.jpg 1920w\" sizes=\"auto, (max-width: 980px) 100vw, 980px\" \/><figcaption id=\"caption-attachment-5266\" class=\"wp-caption-text\">Kuva <a href=\"https:\/\/pixabay.com\/fi\/users\/ivanovgood-1982503\/?utm_source=link-attribution&amp;utm_medium=referral&amp;utm_campaign=image&amp;utm_content=1667052\">Alexandr Ivanov<\/a> <a href=\"https:\/\/pixabay.com\/fi\/?utm_source=link-attribution&amp;utm_medium=referral&amp;utm_campaign=image&amp;utm_content=1667052\">Pixabayst\u00e4<\/a><\/figcaption><\/figure>\n<h1>\nUutta matoa vanhaan koukkuun<\/h1>\n<p style=\"text-align: justify;\">Rehtorin t\u00e4rke\u00e4 kes\u00e4aktiviteetti, mato-onginta, l\u00e4hestyy. Siksi kielikuva mato-onginnasta sopii t\u00e4h\u00e4n kev\u00e4\u00e4n viimeiseen j\u00e4senkirjeeseen. Otimme nimitt\u00e4in jokunen vuosi sitten k\u00e4ytt\u00f6\u00f6n j\u00e4rjest\u00f6n s\u00e4hk\u00f6isen j\u00e4senkortin, ja nyt olemme valmistelleet sen k\u00e4ytett\u00e4vyyden ja ominaisuuksien kehitt\u00e4mist\u00e4. Jo nyt kannattaa varautua siihen, ett\u00e4 uuden lukuvuoden k\u00e4ynnistymisen kynnyksell\u00e4 saatte toimistoltamme ohjeita, jotka liittyv\u00e4t sovelluksen p\u00e4ivitt\u00e4miseen. Yhten\u00e4 uutuutena tutkimme my\u00f6s vaihtoehtoa saada sovelluksen kautta jokaisen k\u00e4ytt\u00f6\u00f6n mahdollisuus ty\u00f6aikakirjanpitoon. Se on yksi kuitenkin yksi t\u00e4rkeimmist\u00e4 keinoista saada oma vuosittainen ty\u00f6h\u00f6n k\u00e4ytetty tuntim\u00e4\u00e4r\u00e4 pysym\u00e4\u00e4n sopimusten m\u00e4\u00e4rittelemiss\u00e4 rajoissa.<\/p>\n<p><img loading=\"lazy\" decoding=\"async\" class=\"alignnone size-large wp-image-1020\" src=\"https:\/\/suomenrehtorit.fi\/web\/wp-content\/uploads\/sites\/2\/mcx\/2023-6\/AdobeStock_278061237-1024x683.jpeg\" alt=\"\" width=\"980\" height=\"654\" srcset=\"https:\/\/suomenrehtorit.fi\/web\/wp-content\/uploads\/sites\/2\/mcx\/2023-6\/AdobeStock_278061237-1024x683.jpeg 1024w, https:\/\/suomenrehtorit.fi\/web\/wp-content\/uploads\/sites\/2\/mcx\/2023-6\/AdobeStock_278061237-300x200.jpeg 300w, https:\/\/suomenrehtorit.fi\/web\/wp-content\/uploads\/sites\/2\/mcx\/2023-6\/AdobeStock_278061237-768x512.jpeg 768w, https:\/\/suomenrehtorit.fi\/web\/wp-content\/uploads\/sites\/2\/mcx\/2023-6\/AdobeStock_278061237-252x168.jpeg 252w, https:\/\/suomenrehtorit.fi\/web\/wp-content\/uploads\/sites\/2\/mcx\/2023-6\/AdobeStock_278061237-522x348.jpeg 522w, https:\/\/suomenrehtorit.fi\/web\/wp-content\/uploads\/sites\/2\/mcx\/2023-6\/AdobeStock_278061237-792x528.jpeg 792w, https:\/\/suomenrehtorit.fi\/web\/wp-content\/uploads\/sites\/2\/mcx\/2023-6\/AdobeStock_278061237-1062x708.jpeg 1062w, https:\/\/suomenrehtorit.fi\/web\/wp-content\/uploads\/sites\/2\/mcx\/2023-6\/AdobeStock_278061237-1536x1024.jpeg 1536w, https:\/\/suomenrehtorit.fi\/web\/wp-content\/uploads\/sites\/2\/mcx\/2023-6\/AdobeStock_278061237-2048x1366.jpeg 2048w\" sizes=\"auto, (max-width: 980px) 100vw, 980px\" \/><\/p>\n<h1>Rehtoribarometri auki juhannukseen saakka \u2013 muista k\u00e4yd\u00e4 vastaamassa<\/h1>\n<p style=\"text-align: justify;\">Olemme saaneet jo nauttia kes\u00e4n l\u00e4mm\u00f6st\u00e4, mutta varsinainen rehtorin loma on monella viel\u00e4 edess\u00e4p\u00e4in. Mik\u00e4p\u00e4 sen parempi tunne. Jos et ole viel\u00e4 vastannut rehtoribarometriin, muista varata yksi reilun tunnin sessio kyselyyn vastaamiseen vaikka riippukeinussa loikoillen. Siten saat arvokkaan palautteen oman ty\u00f6hyvinvointisi tilasta samalla kun edist\u00e4t koko ammattikunnan edunvalvontaa. On ilahduttavaa, 8.6. menness\u00e4 <strong><a href=\"https:\/\/educationhelsinki.eu.qualtrics.com\/jfe\/form\/SV_8vvLtLfhvZWzi2q\" target=\"_blank\" rel=\"noopener noreferrer\">suomenkieliseen kyselyyn<\/a><\/strong> (kursivoituun kohtaan linkki suomenkieliseen kyselyyn) oli tullut jo liki 500 vastausta. Det som \u00e4r s\u00e4rskilt bra \u00e4r att vi redan har f\u00e5tt n\u00e4stan 100 svar p\u00e5 den f\u00f6rsta <strong><a href=\"https:\/\/educationhelsinki.eu.qualtrics.com\/jfe\/form\/SV_cUR4dr1bydIz4F0\" target=\"_blank\" rel=\"noopener noreferrer\">svenskspr\u00e5kiga unders\u00f6kningen<\/a><\/strong> (ja t\u00e4h\u00e4n kohtaan ruotsinkieliseen kyselyyn). Bravo!<\/p>\n<figure id=\"attachment_5267\" aria-describedby=\"caption-attachment-5267\" style=\"width: 970px\" class=\"wp-caption alignnone\"><img loading=\"lazy\" decoding=\"async\" class=\"size-large wp-image-1125\" src=\"https:\/\/suomenrehtorit.fi\/web\/wp-content\/uploads\/sites\/2\/mcx\/2023-6\/sunflower-1627179_1920-1-1024x683.jpg\" alt=\"\" width=\"980\" height=\"654\" srcset=\"https:\/\/suomenrehtorit.fi\/web\/wp-content\/uploads\/sites\/2\/mcx\/2023-6\/sunflower-1627179_1920-1-1024x683.jpg 1024w, https:\/\/suomenrehtorit.fi\/web\/wp-content\/uploads\/sites\/2\/mcx\/2023-6\/sunflower-1627179_1920-1-300x200.jpg 300w, https:\/\/suomenrehtorit.fi\/web\/wp-content\/uploads\/sites\/2\/mcx\/2023-6\/sunflower-1627179_1920-1-768x512.jpg 768w, https:\/\/suomenrehtorit.fi\/web\/wp-content\/uploads\/sites\/2\/mcx\/2023-6\/sunflower-1627179_1920-1-252x168.jpg 252w, https:\/\/suomenrehtorit.fi\/web\/wp-content\/uploads\/sites\/2\/mcx\/2023-6\/sunflower-1627179_1920-1-522x348.jpg 522w, https:\/\/suomenrehtorit.fi\/web\/wp-content\/uploads\/sites\/2\/mcx\/2023-6\/sunflower-1627179_1920-1-792x528.jpg 792w, https:\/\/suomenrehtorit.fi\/web\/wp-content\/uploads\/sites\/2\/mcx\/2023-6\/sunflower-1627179_1920-1-1062x708.jpg 1062w, https:\/\/suomenrehtorit.fi\/web\/wp-content\/uploads\/sites\/2\/mcx\/2023-6\/sunflower-1627179_1920-1-1536x1024.jpg 1536w, https:\/\/suomenrehtorit.fi\/web\/wp-content\/uploads\/sites\/2\/mcx\/2023-6\/sunflower-1627179_1920-1.jpg 1920w\" sizes=\"auto, (max-width: 980px) 100vw, 980px\" \/><figcaption id=\"caption-attachment-5267\" class=\"wp-caption-text\">Kuva <a href=\"https:\/\/pixabay.com\/fi\/users\/ulleo-1834854\/?utm_source=link-attribution&amp;utm_medium=referral&amp;utm_campaign=image&amp;utm_content=1627179\">Ulrike Leone<\/a> <a href=\"https:\/\/pixabay.com\/fi\/?utm_source=link-attribution&amp;utm_medium=referral&amp;utm_campaign=image&amp;utm_content=1627179\">Pixabayst\u00e4<\/a><\/figcaption><\/figure>\n<h1>T\u00e4rke\u00e4\u00e4 el\u00e4m\u00e4ss\u00e4 on vain puutarhanhoito \u2013 eik\u00e4 sek\u00e4\u00e4n ole kovin t\u00e4rke\u00e4\u00e4<\/h1>\n<p style=\"text-align: justify;\">Reksin kes\u00e4\u00e4n kuuluvat tietysti t\u00e4n\u00e4 kes\u00e4n\u00e4 jalkapallon EM-kisat ja ensimm\u00e4ist\u00e4 kertaa mahdollisuus seurata my\u00f6s Suomen joukkueen menestyst\u00e4. Jo ensimm\u00e4inen peli oli dramaattisuudessaan ennen kokematon. Historiallinen avauspelin voittomme j\u00e4\u00e4 sekin aikakirjoihin, mutta ennen kaikkea tuo peli j\u00e4\u00e4 mieleen tanskalaispelaaja Christian Eriksenin vakavasta sairauskohtauksesta kesken pelin. Se mit\u00e4 peliss\u00e4, katsomoissa ja sosiaalisen median alustoilla t\u00e4m\u00e4n j\u00e4lkeen tapahtui, osoitti, ett\u00e4 el\u00e4m\u00e4ss\u00e4 t\u00e4rkeint\u00e4 on el\u00e4m\u00e4 itse. Oli koskettavaa huomata, miten jalkapallon ammattilaiset, kisakatsomo ja fanit t\u00e4ss\u00e4 tilanteessa asettivat hetke\u00e4k\u00e4\u00e4n ep\u00e4r\u00f6im\u00e4tt\u00e4 pelaajan terveyden ykk\u00f6sasiaksi. Jopa vuosia \u2013 Suomessa vuosikymmeni\u00e4 \u2013 odotettu turnauksen avauspeli tuntui hetkess\u00e4 menett\u00e4v\u00e4n merkityksens\u00e4. T\u00e4m\u00e4n liikuttavan otteluillan yksi opetus on, ett\u00e4 el\u00e4m\u00e4 on arvokas, mutta se on my\u00f6s tavattoman hauras ja t\u00e4rkeill\u00e4kin asioilla on t\u00e4rkeysj\u00e4rjestyksens\u00e4. Nautitaan siis kes\u00e4st\u00e4 ja lomap\u00e4ivist\u00e4 sek\u00e4 t\u00e4rkeist\u00e4 ihmisist\u00e4 ymp\u00e4rill\u00e4mme ja palataan aikanaan voimaantuneina ja virkistynein\u00e4 aloittamaan uutta lukuvuotta!<\/p>\n<p><img loading=\"lazy\" decoding=\"async\" class=\"alignnone size-full wp-image-1132\" src=\"https:\/\/suomenrehtorit.fi\/web\/wp-content\/uploads\/sites\/2\/mcx\/2023-6\/Ranta.jpg\" alt=\"\" width=\"643\" height=\"482\" srcset=\"https:\/\/suomenrehtorit.fi\/web\/wp-content\/uploads\/sites\/2\/mcx\/2023-6\/Ranta.jpg 643w, https:\/\/suomenrehtorit.fi\/web\/wp-content\/uploads\/sites\/2\/mcx\/2023-6\/Ranta-300x225.jpg 300w, https:\/\/suomenrehtorit.fi\/web\/wp-content\/uploads\/sites\/2\/mcx\/2023-6\/Ranta-252x189.jpg 252w, https:\/\/suomenrehtorit.fi\/web\/wp-content\/uploads\/sites\/2\/mcx\/2023-6\/Ranta-522x391.jpg 522w\" sizes=\"auto, (max-width: 643px) 100vw, 643px\" \/><\/p>\n<p>Hyv\u00e4\u00e4 kes\u00e4\u00e4 2021!<\/p>\n<p>Antti Ikonen<br \/>\npj Suomen Rehtori<br \/>\n@AnttiIkonen<\/p>\n","protected":false},"excerpt":{"rendered":"<p>Puheenjohtajan palsta &nbsp; Valmista tuli \u2013 opetuksessa ja ohjelmaty\u00f6ss\u00e4 Lukuvuoden 2020\u201321 opetusty\u00f6 maamme yleissivist\u00e4viss\u00e4 oppilaitoksissa on saatu kunniakkaasti p\u00e4\u00e4t\u00f6kseen, ja nyt k\u00e4ynniss\u00e4 on jo hyv\u00e4\u00e4 vauhtia valmistautumien uuteen kouluvuoteen. Kev\u00e4\u00e4n aikana olemme viimeistelleet my\u00f6s j\u00e4rjest\u00f6n toimintasuunnitelman mukaisia kev\u00e4tkauden toimia. N\u00e4ist\u00e4 t\u00e4rkeimpi\u00e4 oli oppilaitosjohtajien edunvalvonnan tavoiteohjelman p\u00e4ivitys seuraavia virkaehtosopimusneuvotteluja varten. P\u00e4ivitysty\u00f6 k\u00e4ynnistyi jo j\u00e4rjest\u00f6n edellisen hallituksen &#8230; <a title=\"J\u00e4senkirje 6\/2021\" class=\"read-more\" href=\"https:\/\/suomenrehtorit.fi\/web\/2021\/06\/15\/jasenkirje-6-2021\/\" aria-label=\"Lue lis\u00e4\u00e4 aiheesta J\u00e4senkirje 6\/2021\">Lue lis\u00e4\u00e4<\/a><\/p>\n","protected":false},"author":3,"featured_media":1125,"comment_status":"closed","ping_status":"closed","sticky":false,"template":"","format":"standard","meta":{"_uag_custom_page_level_css":"","footnotes":""},"categories":[23,24],"tags":[],"class_list":["post-1124","post","type-post","status-publish","format-standard","has-post-thumbnail","hentry","category-jasenkirje","category-uutisarkisto"],"uagb_featured_image_src":{"full":["https:\/\/suomenrehtorit.fi\/web\/wp-content\/uploads\/sites\/2\/mcx\/2023-6\/sunflower-1627179_1920-1.jpg",1920,1280,false],"thumbnail":["https:\/\/suomenrehtorit.fi\/web\/wp-content\/uploads\/sites\/2\/mcx\/2023-6\/sunflower-1627179_1920-1-150x150.jpg",150,150,true],"medium":["https:\/\/suomenrehtorit.fi\/web\/wp-content\/uploads\/sites\/2\/mcx\/2023-6\/sunflower-1627179_1920-1-300x200.jpg",300,200,true],"medium_large":["https:\/\/suomenrehtorit.fi\/web\/wp-content\/uploads\/sites\/2\/mcx\/2023-6\/sunflower-1627179_1920-1-768x512.jpg",768,512,true],"large":["https:\/\/suomenrehtorit.fi\/web\/wp-content\/uploads\/sites\/2\/mcx\/2023-6\/sunflower-1627179_1920-1-1024x683.jpg",1024,683,true],"magazine-cw3":["https:\/\/suomenrehtorit.fi\/web\/wp-content\/uploads\/sites\/2\/mcx\/2023-6\/sunflower-1627179_1920-1-252x168.jpg",252,168,true],"magazine-cw6":["https:\/\/suomenrehtorit.fi\/web\/wp-content\/uploads\/sites\/2\/mcx\/2023-6\/sunflower-1627179_1920-1-522x348.jpg",522,348,true],"magazine-cw9":["https:\/\/suomenrehtorit.fi\/web\/wp-content\/uploads\/sites\/2\/mcx\/2023-6\/sunflower-1627179_1920-1-792x528.jpg",792,528,true],"magazine-cw12":["https:\/\/suomenrehtorit.fi\/web\/wp-content\/uploads\/sites\/2\/mcx\/2023-6\/sunflower-1627179_1920-1-1062x708.jpg",1062,708,true],"magazine-thumb":["https:\/\/suomenrehtorit.fi\/web\/wp-content\/uploads\/sites\/2\/mcx\/2023-6\/sunflower-1627179_1920-1-72x72.jpg",72,72,true],"magazine-toc":["https:\/\/suomenrehtorit.fi\/web\/wp-content\/uploads\/sites\/2\/mcx\/2023-6\/sunflower-1627179_1920-1-126x126.jpg",126,126,true],"1536x1536":["https:\/\/suomenrehtorit.fi\/web\/wp-content\/uploads\/sites\/2\/mcx\/2023-6\/sunflower-1627179_1920-1-1536x1024.jpg",1536,1024,true],"2048x2048":["https:\/\/suomenrehtorit.fi\/web\/wp-content\/uploads\/sites\/2\/mcx\/2023-6\/sunflower-1627179_1920-1.jpg",1920,1280,false],"gform-image-choice-sm":["https:\/\/suomenrehtorit.fi\/web\/wp-content\/uploads\/sites\/2\/mcx\/2023-6\/sunflower-1627179_1920-1.jpg",300,200,false],"gform-image-choice-md":["https:\/\/suomenrehtorit.fi\/web\/wp-content\/uploads\/sites\/2\/mcx\/2023-6\/sunflower-1627179_1920-1.jpg",400,267,false],"gform-image-choice-lg":["https:\/\/suomenrehtorit.fi\/web\/wp-content\/uploads\/sites\/2\/mcx\/2023-6\/sunflower-1627179_1920-1.jpg",600,400,false]},"uagb_author_info":{"display_name":"Admin","author_link":"https:\/\/suomenrehtorit.fi\/web\/author\/toni-lehtinen\/"},"uagb_comment_info":0,"uagb_excerpt":"Puheenjohtajan palsta &nbsp; Valmista tuli \u2013 opetuksessa ja ohjelmaty\u00f6ss\u00e4 Lukuvuoden 2020\u201321 opetusty\u00f6 maamme yleissivist\u00e4viss\u00e4 oppilaitoksissa on saatu kunniakkaasti p\u00e4\u00e4t\u00f6kseen, ja nyt k\u00e4ynniss\u00e4 on jo hyv\u00e4\u00e4 vauhtia valmistautumien uuteen kouluvuoteen. Kev\u00e4\u00e4n aikana olemme viimeistelleet my\u00f6s j\u00e4rjest\u00f6n toimintasuunnitelman mukaisia kev\u00e4tkauden toimia. N\u00e4ist\u00e4 t\u00e4rkeimpi\u00e4 oli oppilaitosjohtajien edunvalvonnan tavoiteohjelman p\u00e4ivitys seuraavia virkaehtosopimusneuvotteluja varten. P\u00e4ivitysty\u00f6 k\u00e4ynnistyi jo j\u00e4rjest\u00f6n edellisen hallituksen&hellip;","_links":{"self":[{"href":"https:\/\/suomenrehtorit.fi\/web\/wp-json\/wp\/v2\/posts\/1124","targetHints":{"allow":["GET"]}}],"collection":[{"href":"https:\/\/suomenrehtorit.fi\/web\/wp-json\/wp\/v2\/posts"}],"about":[{"href":"https:\/\/suomenrehtorit.fi\/web\/wp-json\/wp\/v2\/types\/post"}],"author":[{"embeddable":true,"href":"https:\/\/suomenrehtorit.fi\/web\/wp-json\/wp\/v2\/users\/3"}],"replies":[{"embeddable":true,"href":"https:\/\/suomenrehtorit.fi\/web\/wp-json\/wp\/v2\/comments?post=1124"}],"version-history":[{"count":1,"href":"https:\/\/suomenrehtorit.fi\/web\/wp-json\/wp\/v2\/posts\/1124\/revisions"}],"predecessor-version":[{"id":1791,"href":"https:\/\/suomenrehtorit.fi\/web\/wp-json\/wp\/v2\/posts\/1124\/revisions\/1791"}],"wp:featuredmedia":[{"embeddable":true,"href":"https:\/\/suomenrehtorit.fi\/web\/wp-json\/wp\/v2\/media\/1125"}],"wp:attachment":[{"href":"https:\/\/suomenrehtorit.fi\/web\/wp-json\/wp\/v2\/media?parent=1124"}],"wp:term":[{"taxonomy":"category","embeddable":true,"href":"https:\/\/suomenrehtorit.fi\/web\/wp-json\/wp\/v2\/categories?post=1124"},{"taxonomy":"post_tag","embeddable":true,"href":"https:\/\/suomenrehtorit.fi\/web\/wp-json\/wp\/v2\/tags?post=1124"}],"curies":[{"name":"wp","href":"https:\/\/api.w.org\/{rel}","templated":true}]}}