{"id":1137,"date":"2019-12-16T08:51:33","date_gmt":"2019-12-16T08:51:33","guid":{"rendered":"https:\/\/suomenrehtorit.fi\/web\/?p=1137"},"modified":"2023-08-07T06:47:01","modified_gmt":"2023-08-07T06:47:01","slug":"jasenkirje-11-2019","status":"publish","type":"post","link":"https:\/\/suomenrehtorit.fi\/web\/2019\/12\/16\/jasenkirje-11-2019\/","title":{"rendered":"J\u00e4senkirje 11\/2019"},"content":{"rendered":"<h1>Jukka Kuittinen muistoissamme<\/h1>\n<p><img loading=\"lazy\" decoding=\"async\" class=\"alignnone size-medium wp-image-1138\" src=\"https:\/\/suomenrehtorit.fi\/web\/wp-content\/uploads\/sites\/2\/mcx\/2023-6\/jukka-300x200.png\" alt=\"\" width=\"300\" height=\"200\" srcset=\"https:\/\/suomenrehtorit.fi\/web\/wp-content\/uploads\/sites\/2\/mcx\/2023-6\/jukka-300x200.png 300w, https:\/\/suomenrehtorit.fi\/web\/wp-content\/uploads\/sites\/2\/mcx\/2023-6\/jukka-252x168.png 252w, https:\/\/suomenrehtorit.fi\/web\/wp-content\/uploads\/sites\/2\/mcx\/2023-6\/jukka.png 430w\" sizes=\"auto, (max-width: 300px) 100vw, 300px\" \/><\/p>\n<p>Marraskuun lopussa 2019 j\u00e4rjest\u00f6v\u00e4kemme tavoitti yll\u00e4tt\u00e4v\u00e4 suru-uutinen: Suomen Rehtoreiden hallituksen j\u00e4sen Jukka Kuittinen on poissa keskuudestamme. Jukan pitk\u00e4 ura opettajana ja sittemmin rehtorina vuosikymmenien ajan oli p\u00e4\u00e4ttynyt vain pient\u00e4 hetke\u00e4 aiemmin. Jukka oli j\u00e4rjest\u00f6mme grand old man, jonka ty\u00f6 hallituksen j\u00e4senen\u00e4, varapuheenjohtajana sek\u00e4 kansainv\u00e4lisess\u00e4 ty\u00f6ss\u00e4 oli my\u00f6s pitk\u00e4 ja menestyksek\u00e4s. Jukan k\u00e4denj\u00e4lki n\u00e4kyy paljossa viel\u00e4 pitk\u00e4\u00e4n: siksi lukuisissa niin j\u00e4rjest\u00f6n kehittymisen kuin my\u00f6s rehtoriprofession kehitt\u00e4misen vaiheissa h\u00e4n enn\u00e4tti olla mukana. Haluan esitt\u00e4\u00e4 omasta ja j\u00e4rjest\u00f6mme puolesta postuumit suruvalittelut kaikille Jukan l\u00e4heisille, entisille ty\u00f6tovereille kuin lukuisille Jukan tunteneille kollegoille.<\/p>\n<h1>Puheenjohtajalta<\/h1>\n<figure id=\"attachment_3740\" aria-describedby=\"caption-attachment-3740\" style=\"width: 221px\" class=\"wp-caption alignnone\"><img loading=\"lazy\" decoding=\"async\" class=\"wp-image-762 size-medium\" src=\"https:\/\/suomenrehtorit.fi\/web\/wp-content\/uploads\/sites\/2\/mcx\/2023-6\/Antti-uusin-231x300.jpg\" alt=\"\" width=\"231\" height=\"300\" srcset=\"https:\/\/suomenrehtorit.fi\/web\/wp-content\/uploads\/sites\/2\/mcx\/2023-6\/Antti-uusin-231x300.jpg 231w, https:\/\/suomenrehtorit.fi\/web\/wp-content\/uploads\/sites\/2\/mcx\/2023-6\/Antti-uusin-788x1024.jpg 788w, https:\/\/suomenrehtorit.fi\/web\/wp-content\/uploads\/sites\/2\/mcx\/2023-6\/Antti-uusin-768x999.jpg 768w, https:\/\/suomenrehtorit.fi\/web\/wp-content\/uploads\/sites\/2\/mcx\/2023-6\/Antti-uusin-252x328.jpg 252w, https:\/\/suomenrehtorit.fi\/web\/wp-content\/uploads\/sites\/2\/mcx\/2023-6\/Antti-uusin-522x679.jpg 522w, https:\/\/suomenrehtorit.fi\/web\/wp-content\/uploads\/sites\/2\/mcx\/2023-6\/Antti-uusin-792x1030.jpg 792w, https:\/\/suomenrehtorit.fi\/web\/wp-content\/uploads\/sites\/2\/mcx\/2023-6\/Antti-uusin.jpg 866w\" sizes=\"auto, (max-width: 231px) 100vw, 231px\" \/><figcaption id=\"caption-attachment-3740\" class=\"wp-caption-text\">Antti Ikonen<br \/>pj Suomen Rehtorit<br \/>twitter: @AnttiIkonen<\/figcaption><\/figure>\n<h1>Rehtorin terveys ja hyvinvointi -tutkimushanke etenee<\/h1>\n<p style=\"text-align: justify;\">Kev\u00e4\u00e4ll\u00e4 2019 toteutetun peruskoulujen ja lukioiden esimiesten hyvinvointitutkimusten ensimm\u00e4isi\u00e4 tuloksia julkistettiin kansallisilla rehtorip\u00e4ivill\u00e4 Espoon Dipolissa Pro Rexi -tapahtuman yhteydess\u00e4 21.11.2019. Avausp\u00e4iv\u00e4n\u00e4 j\u00e4rjestetyn luennon k\u00e4ynnisti professori Phil Riley Australiasta kertomalla t\u00e4m\u00e4n kansainv\u00e4lisess\u00e4 yhteisty\u00f6ss\u00e4 teht\u00e4v\u00e4n tutkimuksen aiemmista vaiheista. T\u00e4m\u00e4n j\u00e4lkeen vuorossa olivat tutkimuksen kotimaiset tekij\u00e4t professorit Katariina Salmela-Aro sek\u00e4 Minna Huotilainen Helsingin yliopistosta. Tulosten mukaan suomalaiset oppilaitosjohtajat n\u00e4kev\u00e4t ty\u00f6ns\u00e4 hyvin merkityksellisen\u00e4 ja ovat innostuneita ja sitoutuneita tekem\u00e4\u00e4n sen hyvin. Haasteet syntyv\u00e4t \u2013 t\u00e4m\u00e4n tuoreen tutkimuksen vahvistamana \u2013 suuresta ty\u00f6m\u00e4\u00e4r\u00e4st\u00e4. Ty\u00f6uupumuksen tunnusmerkit t\u00e4yttyv\u00e4t yli joka kymmenell\u00e4 esimiehell\u00e4. Ehk\u00e4p\u00e4 huolestuttavinta on, ett\u00e4 kohonneen uupumisriskin edess\u00e4 on t\u00e4m\u00e4n lis\u00e4ksi jopa joka kolmas oppilaitosjohtaja maassamme! Tuloksien tarkempi analyysi jatkuu, ja n\u00e4ihin tulemme palaamaan niin Rexi-lehdess\u00e4 4\/2019 kuin pian vuoden vaihtumisen j\u00e4lkeen.<\/p>\n<p><img loading=\"lazy\" decoding=\"async\" class=\"alignnone size-medium wp-image-1139\" src=\"https:\/\/suomenrehtorit.fi\/web\/wp-content\/uploads\/sites\/2\/mcx\/2023-6\/eka-reksi-barometri-300x225.png\" alt=\"\" width=\"300\" height=\"225\" srcset=\"https:\/\/suomenrehtorit.fi\/web\/wp-content\/uploads\/sites\/2\/mcx\/2023-6\/eka-reksi-barometri-300x225.png 300w, https:\/\/suomenrehtorit.fi\/web\/wp-content\/uploads\/sites\/2\/mcx\/2023-6\/eka-reksi-barometri-1024x768.png 1024w, https:\/\/suomenrehtorit.fi\/web\/wp-content\/uploads\/sites\/2\/mcx\/2023-6\/eka-reksi-barometri-768x576.png 768w, https:\/\/suomenrehtorit.fi\/web\/wp-content\/uploads\/sites\/2\/mcx\/2023-6\/eka-reksi-barometri-252x189.png 252w, https:\/\/suomenrehtorit.fi\/web\/wp-content\/uploads\/sites\/2\/mcx\/2023-6\/eka-reksi-barometri-522x392.png 522w, https:\/\/suomenrehtorit.fi\/web\/wp-content\/uploads\/sites\/2\/mcx\/2023-6\/eka-reksi-barometri-792x594.png 792w, https:\/\/suomenrehtorit.fi\/web\/wp-content\/uploads\/sites\/2\/mcx\/2023-6\/eka-reksi-barometri-1062x797.png 1062w, https:\/\/suomenrehtorit.fi\/web\/wp-content\/uploads\/sites\/2\/mcx\/2023-6\/eka-reksi-barometri-1536x1152.png 1536w, https:\/\/suomenrehtorit.fi\/web\/wp-content\/uploads\/sites\/2\/mcx\/2023-6\/eka-reksi-barometri.png 2048w\" sizes=\"auto, (max-width: 300px) 100vw, 300px\" \/><\/p>\n<h1>Panostuksia oppilaitosjohtamiseen luvassa<\/h1>\n<p style=\"text-align: justify;\">Kuluneen syksyn aikana olemme tarttuneet eritt\u00e4in aktiivisesti per\u00e4ti hallitusohjelmaan kirjatun tavoitteen suomalaisen koulun johtamisen kehitt\u00e4mistavoitteeseen. T\u00e4t\u00e4 ty\u00f6t\u00e4 on tehty laajalla rintamalla niin SURE:n kirjallisissa ja suullisissa lausunnoissa eduskunnassa kuin my\u00f6skin suorana vuoropuheluna Opetus- ja kulttuuriministeri\u00f6n ylimp\u00e4\u00e4n johtoon. T\u00e4m\u00e4n alussa mainitun poikkeuksellisen vahvan kannanoton ja hallitusohjelmatavoitteen edist\u00e4misen vuoksi nopeasti p\u00e4\u00e4ttynyt hallituskriisi oli hyv\u00e4 juttu, sill\u00e4 isot teot ja panostukset esimiesty\u00f6n kehitt\u00e4miseksi odottavat viel\u00e4 vuoroaan. N\u00e4ist\u00e4 kuulimme kuitenkin lupauksia her\u00e4tt\u00e4vi\u00e4 avauksia jo Pro Rexi -tapahtuman yhteydess\u00e4, johon opetusministeri Li Andersson toi oman tervehdyksens\u00e4. Syksyn ensimm\u00e4iseen Rexi-lehden numeroon kirjasin ajatuksiani suomalaisen koulun kehitt\u00e4misest\u00e4 t\u00e4h\u00e4n saakka niin vahvasti opettajuus edell\u00e4, ett\u00e4 esimiesty\u00f6n ja johtamisen kehitt\u00e4minen on j\u00e4\u00e4nyt t\u00e4m\u00e4n varjoon. Opetus- ja kulttuuriministeri\u00f6n uusimmat kuulumiset kertovat nyt selv\u00e4\u00e4 kielt\u00e4 siit\u00e4, ett\u00e4 my\u00f6s ministeri\u00f6 kiinnitt\u00e4\u00e4 huomiota esimiesty\u00f6n kehitt\u00e4miseen aivan uudella tarmolla. T\u00e4m\u00e4n tavoitteen edist\u00e4miseen kiinnit\u00e4mme nyt paljon huomiota ja teemme j\u00e4rjest\u00f6n\u00e4 tiivist\u00e4 yhteisty\u00f6t\u00e4 kaikkien keskeisten toimijoiden kanssa.<\/p>\n<p><img loading=\"lazy\" decoding=\"async\" class=\"alignnone size-medium wp-image-1140\" src=\"https:\/\/suomenrehtorit.fi\/web\/wp-content\/uploads\/sites\/2\/mcx\/2023-6\/antti-ja-opm-300x300.png\" alt=\"\" width=\"300\" height=\"300\" srcset=\"https:\/\/suomenrehtorit.fi\/web\/wp-content\/uploads\/sites\/2\/mcx\/2023-6\/antti-ja-opm-300x300.png 300w, https:\/\/suomenrehtorit.fi\/web\/wp-content\/uploads\/sites\/2\/mcx\/2023-6\/antti-ja-opm-1024x1024.png 1024w, https:\/\/suomenrehtorit.fi\/web\/wp-content\/uploads\/sites\/2\/mcx\/2023-6\/antti-ja-opm-150x150.png 150w, https:\/\/suomenrehtorit.fi\/web\/wp-content\/uploads\/sites\/2\/mcx\/2023-6\/antti-ja-opm-768x768.png 768w, https:\/\/suomenrehtorit.fi\/web\/wp-content\/uploads\/sites\/2\/mcx\/2023-6\/antti-ja-opm-252x252.png 252w, https:\/\/suomenrehtorit.fi\/web\/wp-content\/uploads\/sites\/2\/mcx\/2023-6\/antti-ja-opm-522x522.png 522w, https:\/\/suomenrehtorit.fi\/web\/wp-content\/uploads\/sites\/2\/mcx\/2023-6\/antti-ja-opm-792x792.png 792w, https:\/\/suomenrehtorit.fi\/web\/wp-content\/uploads\/sites\/2\/mcx\/2023-6\/antti-ja-opm-1062x1062.png 1062w, https:\/\/suomenrehtorit.fi\/web\/wp-content\/uploads\/sites\/2\/mcx\/2023-6\/antti-ja-opm-72x72.png 72w, https:\/\/suomenrehtorit.fi\/web\/wp-content\/uploads\/sites\/2\/mcx\/2023-6\/antti-ja-opm-126x126.png 126w, https:\/\/suomenrehtorit.fi\/web\/wp-content\/uploads\/sites\/2\/mcx\/2023-6\/antti-ja-opm.png 1080w\" sizes=\"auto, (max-width: 300px) 100vw, 300px\" \/><\/p>\n<h1>PISA-tutkimuksen tulokset julki 3.12.2019<\/h1>\n<p style=\"text-align: justify;\">Joulukuun alussa julkaistiin OECD-maiden PISA-tutkimusten tuloksia, jotka perustuivat vuoden 2018 aikana ker\u00e4ttyyn aineistoon. On sin\u00e4ns\u00e4 mielenkiintoista, ett\u00e4 vaikka omankin arviomme mukaan suomalaisen koulun menestystarina perustuu pitk\u00e4lti juuri siihen, ett\u00e4 emme perusta k\u00e4sityst\u00e4mme koulutuksen laadusta standardoituihin testeihin, PISA-tutkimuksen tuloksia odotetaan Suomessakin k\u00e4mmenet hioten. Eik\u00e4 syyt\u00e4 suureen huoleen. Vaikka monissa tutkimuksen osa-alueissa suunta on ollut tutkimuksesta toiseen hienokseltaan laskeva, suomalainen koulu lukeutuu edelleen PISA-tutkimuksen k\u00e4rkimaihin. Lukutaidon alueella saavutimme parhaan yksitt\u00e4isen tuloksen ja erinomaisten lukijoiden m\u00e4\u00e4r\u00e4 on s\u00e4ilynyt maassamme likimain ennallaan. Huolestuttavaa sen sijaan on, ett\u00e4 heikoimman tason lukutaidon suoritusten m\u00e4\u00e4r\u00e4 &#8211; mik\u00e4 katsotaan v\u00e4ltt\u00e4m\u00e4tt\u00f6m\u00e4ksi jo arkiel\u00e4m\u00e4ss\u00e4 selviytymisen ja toisen asteen perusopinnoista suoriutumisen kannalta katsottuna &#8211; on kasvanut vuosikymmeness\u00e4 8,1 %:sta 13,5 %:in. Sen sijaan matematiikan osaamisessa ter\u00e4vin k\u00e4rki on jo karannut ja Suomi on t\u00e4ss\u00e4 en\u00e4\u00e4 vain t\u00e4p\u00e4r\u00e4sti Ruotsin edell\u00e4 sijoituksellaan 16. kaikkiaan liki kahdeksankymmenen maan tai suuralueen joukossa. Ilahduttavinta on, ett\u00e4 edelleenk\u00e4\u00e4n Suomessa menestymist\u00e4si ei kuitenkaan ratkaise, mihin kouluun menet, sill\u00e4 koulujen v\u00e4linen vaihtelu tuloksissa on PISA-tutkimuksen pienin. Sen sijaan koulutuksen tasa-arvon kannalta hyvin huolestuttavaa on, ett\u00e4 koulujen sis\u00e4inen vaihtelu vaikuttaa eritt\u00e4in merkitt\u00e4v\u00e4sti lopputulokseen. N\u00e4in se, millaisesta sosio-ekonomisesta taustasta kouluun tulet vaikuttaa aivan liian ratkaisevasti oppilaan menestymisen mahdollisuuksiin.<\/p>\n<p><img loading=\"lazy\" decoding=\"async\" class=\"alignnone wp-image-1141 size-full\" src=\"https:\/\/suomenrehtorit.fi\/web\/wp-content\/uploads\/sites\/2\/mcx\/2023-6\/pisa.png\" alt=\"\" width=\"634\" height=\"845\" srcset=\"https:\/\/suomenrehtorit.fi\/web\/wp-content\/uploads\/sites\/2\/mcx\/2023-6\/pisa.png 634w, https:\/\/suomenrehtorit.fi\/web\/wp-content\/uploads\/sites\/2\/mcx\/2023-6\/pisa-225x300.png 225w, https:\/\/suomenrehtorit.fi\/web\/wp-content\/uploads\/sites\/2\/mcx\/2023-6\/pisa-252x336.png 252w, https:\/\/suomenrehtorit.fi\/web\/wp-content\/uploads\/sites\/2\/mcx\/2023-6\/pisa-522x696.png 522w\" sizes=\"auto, (max-width: 634px) 100vw, 634px\" \/><\/p>\n<p>&nbsp;<\/p>\n<p><img loading=\"lazy\" decoding=\"async\" class=\"alignnone wp-image-1142 size-large\" src=\"https:\/\/suomenrehtorit.fi\/web\/wp-content\/uploads\/sites\/2\/mcx\/2023-6\/esimies-educa-1024x514.png\" alt=\"\" width=\"980\" height=\"492\" srcset=\"https:\/\/suomenrehtorit.fi\/web\/wp-content\/uploads\/sites\/2\/mcx\/2023-6\/esimies-educa-1024x514.png 1024w, https:\/\/suomenrehtorit.fi\/web\/wp-content\/uploads\/sites\/2\/mcx\/2023-6\/esimies-educa-300x150.png 300w, https:\/\/suomenrehtorit.fi\/web\/wp-content\/uploads\/sites\/2\/mcx\/2023-6\/esimies-educa-768x385.png 768w, https:\/\/suomenrehtorit.fi\/web\/wp-content\/uploads\/sites\/2\/mcx\/2023-6\/esimies-educa-252x126.png 252w, https:\/\/suomenrehtorit.fi\/web\/wp-content\/uploads\/sites\/2\/mcx\/2023-6\/esimies-educa-522x262.png 522w, https:\/\/suomenrehtorit.fi\/web\/wp-content\/uploads\/sites\/2\/mcx\/2023-6\/esimies-educa-792x397.png 792w, https:\/\/suomenrehtorit.fi\/web\/wp-content\/uploads\/sites\/2\/mcx\/2023-6\/esimies-educa-1062x533.png 1062w, https:\/\/suomenrehtorit.fi\/web\/wp-content\/uploads\/sites\/2\/mcx\/2023-6\/esimies-educa.png 1346w\" sizes=\"auto, (max-width: 980px) 100vw, 980px\" \/><\/p>\n<h1>Educa-messut k\u00e4ynnist\u00e4v\u00e4t rehtoriammatin kehitt\u00e4misen uuden vuosikymmenen<\/h1>\n<p style=\"text-align: justify;\">Vuosi 2019 on pian takana ja olemme uuden vuosikymmenen edess\u00e4. Aloitamme uuden kymmenluvun aivan uudella avauksella Educa-messujen yhteydess\u00e4, jossa olemme mukana ensimm\u00e4ist\u00e4 kertaa toteutettavassa OAJ:n esimiesten yhteisess\u00e4 esimiesosuudessa. T\u00e4m\u00e4 uusi lava ja yhteinen ohjelma perustuu hyv\u00e4\u00e4n yhteisty\u00f6h\u00f6n, jota SURE on aktiivisesti vienyt eteenp\u00e4in yhteisty\u00f6ss\u00e4 Opsia:n (mm sivistysjohtajat), KEA:n (mm. ammatillisen koulutuksen esimiehet) kuin VOL:n (eritysesti p\u00e4iv\u00e4kotien esimiehet) kanssa. T\u00e4m\u00e4 yhteisty\u00f6 on aiemmin jo tuottanut aivan uuden avauksen esimiesten alueellisen edunvalvonnan kehitt\u00e4misty\u00f6st\u00e4, joka on k\u00e4ynnistym\u00e4ss\u00e4 nyt vuoden 2020 alusta. Jatkoa seuraa nyt siis t\u00e4m\u00e4n esimiesten uuden yhteisen esiintulon muodossa Educa-messujen yhteydess\u00e4. Seuraa siis tarkasti Educa-messujen ohjelmaa ja tule mukaan esimieslavan tunnelmaan ja tapahtumiin. Vinkkin\u00e4 SURE:n esimiehille tiedoksi jo nyt, ett\u00e4 tuossa tapahtumassa jatkamme Rehtorin terveys ja hyvinvointi -tutkimuksen tulosten julkistamista yhteisty\u00f6ss\u00e4 kotimaisen tutkijaryhm\u00e4n kanssa!<\/p>\n<h1>Hyv\u00e4\u00e4 joulua ja onnellista uutta vuotta!<\/h1>\n<p>Toivotan kaikille j\u00e4senillemme rauhaisaa joulun aikaa Sakari Topeliuksen runon sanoin:<\/p>\n<p>T\u00e4hdet pienet tuikahtaa,<br \/>\nmeilt\u00e4 huolet poistaa.<br \/>\nRevontulet hulmuaa,<br \/>\nvalo meille loistaa.<br \/>\nT\u00e4hdet maata katselee,<br \/>\nloimu y\u00f6t\u00e4 valaisee,<br \/>\nmeille uuden riemun suo,<br \/>\njoulun ihmisille tuo.<\/p>\n<p>Onnellista uutta vuotta ja koko ammattikunnallemme menestyksellist\u00e4 2020-luvun vuosikymment\u00e4, tapaamisiin Educa-messuilla Helsingiss\u00e4 24.-25.1.2020!<\/p>\n<p>Antti Ikonen<br \/>\npj Suomen Rehtorit<br \/>\ntwitter: @AnttiIkonen<\/p>\n<p><img loading=\"lazy\" decoding=\"async\" class=\"alignnone size-medium wp-image-1143\" src=\"https:\/\/suomenrehtorit.fi\/web\/wp-content\/uploads\/sites\/2\/mcx\/2023-6\/leado-joulu-300x271.jpg\" alt=\"\" width=\"300\" height=\"271\" srcset=\"https:\/\/suomenrehtorit.fi\/web\/wp-content\/uploads\/sites\/2\/mcx\/2023-6\/leado-joulu-300x271.jpg 300w, https:\/\/suomenrehtorit.fi\/web\/wp-content\/uploads\/sites\/2\/mcx\/2023-6\/leado-joulu-1024x926.jpg 1024w, https:\/\/suomenrehtorit.fi\/web\/wp-content\/uploads\/sites\/2\/mcx\/2023-6\/leado-joulu-768x695.jpg 768w, https:\/\/suomenrehtorit.fi\/web\/wp-content\/uploads\/sites\/2\/mcx\/2023-6\/leado-joulu-252x228.jpg 252w, https:\/\/suomenrehtorit.fi\/web\/wp-content\/uploads\/sites\/2\/mcx\/2023-6\/leado-joulu-522x472.jpg 522w, https:\/\/suomenrehtorit.fi\/web\/wp-content\/uploads\/sites\/2\/mcx\/2023-6\/leado-joulu-792x717.jpg 792w, https:\/\/suomenrehtorit.fi\/web\/wp-content\/uploads\/sites\/2\/mcx\/2023-6\/leado-joulu-1062x961.jpg 1062w, https:\/\/suomenrehtorit.fi\/web\/wp-content\/uploads\/sites\/2\/mcx\/2023-6\/leado-joulu-1536x1390.jpg 1536w, https:\/\/suomenrehtorit.fi\/web\/wp-content\/uploads\/sites\/2\/mcx\/2023-6\/leado-joulu-2048x1853.jpg 2048w\" sizes=\"auto, (max-width: 300px) 100vw, 300px\" \/><\/p>\n<h2>Videoterveisten kera LeaDo -alennuskoodi Pro Rexi 2019:ssa mukana olleille:<\/h2>\n<p>&nbsp;<\/p>\n<p><iframe loading=\"lazy\" title=\"LeaDo Terveiset\" width=\"1200\" height=\"675\" src=\"https:\/\/www.youtube.com\/embed\/0UK1NuzFHZ8?feature=oembed\" frameborder=\"0\" allow=\"accelerometer; autoplay; clipboard-write; encrypted-media; gyroscope; picture-in-picture; web-share\" referrerpolicy=\"strict-origin-when-cross-origin\" allowfullscreen><\/iframe><\/p>\n<p style=\"text-align: justify;\">Koodi on PRO REXIN ALE 2019.\u00a0Koodilla saat LeaDo-hankinnoista ja erillisist\u00e4 koulutuspaketeista 7% alennusta, kun tilaat 31.12.2019 menness\u00e4 puhelimitse 0443187100 tai s\u00e4hk\u00f6postitse info@leado.fi tai lea@leado.fi.<\/p>\n<p style=\"text-align: justify;\">P\u00e4ivyst\u00e4mme teit\u00e4 varten 27.12.2019 -31.12.2019.<\/p>\n<p style=\"text-align: justify;\">LeaDo on paljon enemm\u00e4n kuin fyysinen v\u00e4lineist\u00f6. Se on kokonaisvaltainen ja t\u00e4ydentyv\u00e4 oppimisen ekosysteemi, joka helpottaa opettajaa oman pedagogiikan selkiytt\u00e4misess\u00e4, kehitt\u00e4misess\u00e4 ja digitaalisten ratkaisujen hy\u00f6dynt\u00e4misess\u00e4.<\/p>\n<p style=\"text-align: justify;\">Kysy lis\u00e4\u00e4 ja varaa tammikuulle tai helmikuulle edullinen et\u00e4koulutus. Se ei velvoita hankintoihin.<\/p>\n<p style=\"text-align: justify;\">T\u00e4st\u00e4 linkist\u00e4 t\u00e4m\u00e4nhetkinen hinnasto, joka on voimassa 31.12.2019 asti:<a href=\"https:\/\/app.seidat.com\/presentation\/shared\/wRNquPuMsXqbNtBFS\" target=\"_blank\" rel=\"noopener noreferrer\">\u00a0https:\/\/app.seidat.com\/presentation\/shared\/wRNquPuMsXqbNtBFS\u00a0<\/a><\/p>\n<p style=\"text-align: justify;\">Kysy lis\u00e4\u00e4 my\u00f6s mikrosiruista ja l\u00e4ksysiruistamme! Helppoutta ja korkeampaa laatua oppimisen organisointiin! Hyv\u00e4\u00e4 joulun aikaa ja energiaa kev\u00e4tlukukaudelle pedagogiseen kehitt\u00e4miseen!<\/p>\n<p>&nbsp;<\/p>\n<p><img loading=\"lazy\" decoding=\"async\" class=\"alignnone size-medium wp-image-1144\" src=\"https:\/\/suomenrehtorit.fi\/web\/wp-content\/uploads\/sites\/2\/mcx\/2023-6\/Koulumaailma_2020-300x240.jpg\" alt=\"\" width=\"300\" height=\"240\" srcset=\"https:\/\/suomenrehtorit.fi\/web\/wp-content\/uploads\/sites\/2\/mcx\/2023-6\/Koulumaailma_2020-300x240.jpg 300w, https:\/\/suomenrehtorit.fi\/web\/wp-content\/uploads\/sites\/2\/mcx\/2023-6\/Koulumaailma_2020-1024x819.jpg 1024w, https:\/\/suomenrehtorit.fi\/web\/wp-content\/uploads\/sites\/2\/mcx\/2023-6\/Koulumaailma_2020-768x614.jpg 768w, https:\/\/suomenrehtorit.fi\/web\/wp-content\/uploads\/sites\/2\/mcx\/2023-6\/Koulumaailma_2020-252x202.jpg 252w, https:\/\/suomenrehtorit.fi\/web\/wp-content\/uploads\/sites\/2\/mcx\/2023-6\/Koulumaailma_2020-522x418.jpg 522w, https:\/\/suomenrehtorit.fi\/web\/wp-content\/uploads\/sites\/2\/mcx\/2023-6\/Koulumaailma_2020-792x634.jpg 792w, https:\/\/suomenrehtorit.fi\/web\/wp-content\/uploads\/sites\/2\/mcx\/2023-6\/Koulumaailma_2020-1062x850.jpg 1062w, https:\/\/suomenrehtorit.fi\/web\/wp-content\/uploads\/sites\/2\/mcx\/2023-6\/Koulumaailma_2020-1536x1229.jpg 1536w, https:\/\/suomenrehtorit.fi\/web\/wp-content\/uploads\/sites\/2\/mcx\/2023-6\/Koulumaailma_2020.jpg 2000w\" sizes=\"auto, (max-width: 300px) 100vw, 300px\" \/><\/p>\n<h2>Edumarin koulumaailman koulutustarjontamme kev\u00e4\u00e4lle 2020!<\/h2>\n<p style=\"text-align: justify;\">Koulumaailman t\u00e4ydennyskoulutuksista saat virtaa ajoittain haastavaan ty\u00f6h\u00f6si sek\u00e4 p\u00e4ivit\u00e4t tietosi olitpa sitten rehtori, opettaja, koulukuraattori, koulupsykologi, koulusihteeri, kouluterveydenhoitaja tai koulunk\u00e4ynninohjaaja.<\/p>\n<p><a href=\"https:\/\/us12.admin.mailchimp.com\/campaigns\/show?id=422249\" target=\"_blank\" rel=\"noopener noreferrer\">Reilu ja Rohkea Rehtori 5.2.\u20146.2.2020\u00a0<\/a><\/p>\n<p><a href=\"https:\/\/edumar.fi\/koulutus\/koulunkaynninohjaaja\/\" target=\"_blank\" rel=\"noopener noreferrer\">Koulunk\u00e4ynninohjaaja 18.3.2020<\/a><\/p>\n<p><a href=\"https:\/\/edumar.fi\/koulutus\/haastava-oppilas-2\/\" target=\"_blank\" rel=\"noopener noreferrer\">Haastava oppilas 31.3.\u20141.4.2020<\/a><\/p>\n<p><a href=\"https:\/\/edumar.fi\/koulutus\/koulusihteeri-2020\/\" target=\"_blank\" rel=\"noopener noreferrer\">Koulusihteeri 2020 31.3.\u20141.4.2020<\/a><\/p>\n<p><a href=\"https:\/\/edumar.fi\/koulutus\/onnistu-vaikeissa-johtamistilanteissa-laki-ja-tyopsykologia\/\" target=\"_blank\" rel=\"noopener noreferrer\">Onnistu vaikeissa johtamistilanteissa &#8211; laki ja ty\u00f6psykologia 2.4.2020<\/a><\/p>\n<p><a href=\"https:\/\/edumar.fi\/koulutus\/terve-koululainen-2020\/\" target=\"_blank\" rel=\"noopener noreferrer\">Terve koululainen 2020 5.5.\u20146.5.2020<\/a><\/p>\n<p>&nbsp;<\/p>\n<h2>ERASMUS-tuetut kielikurssit ulkomailla 2020<\/h2>\n<p style=\"text-align: justify;\">ERASMUS-tuen oikeuttaville kielikursseille voi osallistua eri oppilaitosten ja instituuttien kielen ja muiden aineiden opettajat sek\u00e4 henkil\u00f6kunnan edustajat mik\u00e4li ty\u00f6skentelev\u00e4t kansainv\u00e4lisess\u00e4 projektissa.<\/p>\n<p style=\"text-align: justify;\">ERASMUS-tuen piiriin kuuluva kielikurssitarjonta kattaa englannin, saksan, ranskan, italian ja espanjan kielet. Lis\u00e4ksi tarjoamme opettajille korkeatasoisia ven\u00e4j\u00e4n kielen kursseja Pietarissa.<\/p>\n<p style=\"text-align: justify;\">Katso koko ohjelma www.kielimatkat.net -&gt; Opettajien kielikurssit 2020<\/p>\n<p style=\"text-align: justify;\">ERASMUS-tukea voi hakea vain oppilaitos tai j\u00e4rjest\u00f6, poikkeuksena nuorisosektori.\u00a0 Tuki haetaan Opetushallituksesta. Yksitt\u00e4inen henkil\u00f6 ei voi hakea tukea, mutta voi toimia luonnollisesti aloitteentekij\u00e4n\u00e4.<\/p>\n<p style=\"text-align: justify;\">Muita ohjelmiamme: Aikuisten kielikurssit, Leirikoulumatkat, Vaihto-oppilasohjelmat, 50+ kielikurssit, Koululaisten kes\u00e4kurssit, Liike-el\u00e4m\u00e4n kielikurssit, Parent + Child -kielikurssit, College\/yliopisto-ohjelmat.<\/p>\n<p>TR-KIELIMATKAT OY, Hietalahdenkatu 10 C 57, 00180 Helsinki, puh. 010\u00a0666 5800, s-posti: info@trkielimatkat.fi\u00a0 Yhteyshenkil\u00f6: Riitta Tiainen<\/p>\n<p>Olemme v\u00e4litt\u00e4neet kielikursseja suomalaisille jo vuodesta 1975!<\/p>\n<p><img loading=\"lazy\" decoding=\"async\" class=\"alignnone size-medium wp-image-1145\" src=\"https:\/\/suomenrehtorit.fi\/web\/wp-content\/uploads\/sites\/2\/mcx\/2023-6\/Qridi-oppilasnakyma-300x195.jpg\" alt=\"\" width=\"300\" height=\"195\" srcset=\"https:\/\/suomenrehtorit.fi\/web\/wp-content\/uploads\/sites\/2\/mcx\/2023-6\/Qridi-oppilasnakyma-300x195.jpg 300w, https:\/\/suomenrehtorit.fi\/web\/wp-content\/uploads\/sites\/2\/mcx\/2023-6\/Qridi-oppilasnakyma-1024x666.jpg 1024w, https:\/\/suomenrehtorit.fi\/web\/wp-content\/uploads\/sites\/2\/mcx\/2023-6\/Qridi-oppilasnakyma-768x500.jpg 768w, https:\/\/suomenrehtorit.fi\/web\/wp-content\/uploads\/sites\/2\/mcx\/2023-6\/Qridi-oppilasnakyma-252x164.jpg 252w, https:\/\/suomenrehtorit.fi\/web\/wp-content\/uploads\/sites\/2\/mcx\/2023-6\/Qridi-oppilasnakyma-522x340.jpg 522w, https:\/\/suomenrehtorit.fi\/web\/wp-content\/uploads\/sites\/2\/mcx\/2023-6\/Qridi-oppilasnakyma-792x515.jpg 792w, https:\/\/suomenrehtorit.fi\/web\/wp-content\/uploads\/sites\/2\/mcx\/2023-6\/Qridi-oppilasnakyma-1062x691.jpg 1062w, https:\/\/suomenrehtorit.fi\/web\/wp-content\/uploads\/sites\/2\/mcx\/2023-6\/Qridi-oppilasnakyma.jpg 1408w\" sizes=\"auto, (max-width: 300px) 100vw, 300px\" \/><\/p>\n<h1>Qridin\u00a0auttaa arviointikulttuurin muutoksessa<\/h1>\n<p style=\"text-align: justify;\">Qridi on kansainv\u00e4lisesti palkittu, suomalainen oppimisen ja arvioinnin asiantuntijayritys. Tuotteisiimme kuuluu konsultointia, koulutusta ja k\u00e4yt\u00e4nn\u00f6n ty\u00f6kaluja. Yksi Qridin t\u00e4rkeimmist\u00e4 teht\u00e4vist\u00e4 on tukea kouluja arviointikulttuurin muutoksessa ja auttaa yhten\u00e4ist\u00e4m\u00e4\u00e4n t\u00e4rke\u00e4ksi koettuja k\u00e4yt\u00e4nteit\u00e4. Yhteisty\u00f6ss\u00e4 oppilaiden ja opettajien kanssa Qridi on luonut digitaalisen, formatiivisen arvioinnin ja oppimisen analytiikan alustan. Sen\u00a0avulla oppimisprosessista tulee n\u00e4kyv\u00e4\u00e4; suunnittelussa ja seuraamisessa keskityt\u00e4\u00e4n taitojen kehittymiseen sek\u00e4 omien vahvuuksien ja mielenkiinnon kohteiden l\u00f6yt\u00e4miseen. Tavoitety\u00f6kalusta, teht\u00e4v\u00e4korteista, portfoliosta, monipuolisista arvioinneista ja harjoituksista saatavan datan avulla oppilas ymm\u00e4rt\u00e4\u00e4 enemm\u00e4n juuri omasta oppimisestaan.<\/p>\n<p style=\"text-align: justify;\">Johdon k\u00e4ytt\u00f6liittym\u00e4n avulla voidaan yll\u00e4pit\u00e4\u00e4 ja seurata koko koululle t\u00e4rkeimpien tavoitteiden etenemist\u00e4. My\u00f6s huoltajat p\u00e4\u00e4sev\u00e4t mukaan matkalle, seuraamaan ja osallistumaan.<\/p>\n<p>Lue lis\u00e4\u00e4 verkkosivuiltamme <a href=\"http:\/\/www.qridi.fi\" target=\"_blank\" rel=\"noopener noreferrer\">www.qridi.fi<\/a><\/p>\n<p>Lyhyt esittelyvideomme l\u00f6ytyy t\u00e4\u00e4lt\u00e4: <a href=\"https:\/\/www.youtube.com\/watch?v=2-G-jfqzLYA&amp;feature=youtu.be\" target=\"_blank\" rel=\"noopener noreferrer\">Mik\u00e4 on Qridi<\/a><\/p>\n<p><img loading=\"lazy\" decoding=\"async\" class=\"alignnone size-medium wp-image-1146\" src=\"https:\/\/suomenrehtorit.fi\/web\/wp-content\/uploads\/sites\/2\/mcx\/2023-6\/MG_1269-300x200.jpg\" alt=\"\" width=\"300\" height=\"200\" srcset=\"https:\/\/suomenrehtorit.fi\/web\/wp-content\/uploads\/sites\/2\/mcx\/2023-6\/MG_1269-300x200.jpg 300w, https:\/\/suomenrehtorit.fi\/web\/wp-content\/uploads\/sites\/2\/mcx\/2023-6\/MG_1269-1024x683.jpg 1024w, https:\/\/suomenrehtorit.fi\/web\/wp-content\/uploads\/sites\/2\/mcx\/2023-6\/MG_1269-768x512.jpg 768w, https:\/\/suomenrehtorit.fi\/web\/wp-content\/uploads\/sites\/2\/mcx\/2023-6\/MG_1269-252x168.jpg 252w, https:\/\/suomenrehtorit.fi\/web\/wp-content\/uploads\/sites\/2\/mcx\/2023-6\/MG_1269-522x348.jpg 522w, https:\/\/suomenrehtorit.fi\/web\/wp-content\/uploads\/sites\/2\/mcx\/2023-6\/MG_1269-792x528.jpg 792w, https:\/\/suomenrehtorit.fi\/web\/wp-content\/uploads\/sites\/2\/mcx\/2023-6\/MG_1269-1062x708.jpg 1062w, https:\/\/suomenrehtorit.fi\/web\/wp-content\/uploads\/sites\/2\/mcx\/2023-6\/MG_1269-1536x1024.jpg 1536w, https:\/\/suomenrehtorit.fi\/web\/wp-content\/uploads\/sites\/2\/mcx\/2023-6\/MG_1269-2048x1365.jpg 2048w\" sizes=\"auto, (max-width: 300px) 100vw, 300px\" \/><\/p>\n<h1>Koulun ja kodin s\u00e4hk\u00f6isen yhteydenpidon pelis\u00e4\u00e4nn\u00f6t puuttuvat yh\u00e4 monista kunnista<\/h1>\n<p style=\"text-align: justify;\">Tuoreen suomalaistutkimuksen mukaan sek\u00e4 lasten huoltajat ett\u00e4 opettajat ovat p\u00e4\u00e4osin tyytyv\u00e4isi\u00e4 keskin\u00e4iseen digitaaliseen viestint\u00e4\u00e4ns\u00e4. Vaikka kehityst\u00e4 parempaan on tapahtunut, matkaa ideaalitilanteeseen on yh\u00e4: opettajien ja koulujen k\u00e4yt\u00e4nn\u00f6t Wilman k\u00e4yt\u00f6ss\u00e4 vaihtelevat edelleen.<\/p>\n<p style=\"text-align: justify;\">\u201dEhk\u00e4 tilanne kertoo siit\u00e4, ett\u00e4 kaikissa kouluissa ei ole linjattu sit\u00e4, miten Wilmaa pit\u00e4isi k\u00e4ytt\u00e4\u00e4 \u2013 mit\u00e4 j\u00e4rjestelm\u00e4\u00e4n kirjataan ja mit\u00e4 ei. T\u00e4m\u00e4 on viime k\u00e4dess\u00e4 johtamiskysymys kouluissa ja kuntatasolla\u201d, Suomen Vanhempainliiton toimnnanjohtaja Ulla Siimes sanoo.<\/p>\n<p>Lue koko artikkeli kasvatuskumppanuudesta ja digitaalisen yhteydenpidon kehitt\u00e4misest\u00e4: <a href=\"https:\/\/www.visma.fi\/blog\/koulun-ja-kodin-wilma-pelisaannot-eivat-synny-itsestaan\/\" target=\"_blank\" rel=\"noopener noreferrer\">https:\/\/www.visma.fi\/blog\/koulun-ja-kodin-wilma-pelisaannot-eivat-synny-itsestaan\/<\/a><\/p>\n<p><img loading=\"lazy\" decoding=\"async\" class=\"alignnone size-medium wp-image-1147\" src=\"https:\/\/suomenrehtorit.fi\/web\/wp-content\/uploads\/sites\/2\/mcx\/2023-6\/1499-HCL-press-300x105.jpg\" alt=\"\" width=\"300\" height=\"105\" srcset=\"https:\/\/suomenrehtorit.fi\/web\/wp-content\/uploads\/sites\/2\/mcx\/2023-6\/1499-HCL-press-300x105.jpg 300w, https:\/\/suomenrehtorit.fi\/web\/wp-content\/uploads\/sites\/2\/mcx\/2023-6\/1499-HCL-press-1024x359.jpg 1024w, https:\/\/suomenrehtorit.fi\/web\/wp-content\/uploads\/sites\/2\/mcx\/2023-6\/1499-HCL-press-768x269.jpg 768w, https:\/\/suomenrehtorit.fi\/web\/wp-content\/uploads\/sites\/2\/mcx\/2023-6\/1499-HCL-press-252x88.jpg 252w, https:\/\/suomenrehtorit.fi\/web\/wp-content\/uploads\/sites\/2\/mcx\/2023-6\/1499-HCL-press-522x183.jpg 522w, https:\/\/suomenrehtorit.fi\/web\/wp-content\/uploads\/sites\/2\/mcx\/2023-6\/1499-HCL-press-792x277.jpg 792w, https:\/\/suomenrehtorit.fi\/web\/wp-content\/uploads\/sites\/2\/mcx\/2023-6\/1499-HCL-press-1062x372.jpg 1062w, https:\/\/suomenrehtorit.fi\/web\/wp-content\/uploads\/sites\/2\/mcx\/2023-6\/1499-HCL-press-1536x538.jpg 1536w, https:\/\/suomenrehtorit.fi\/web\/wp-content\/uploads\/sites\/2\/mcx\/2023-6\/1499-HCL-press-2048x717.jpg 2048w\" sizes=\"auto, (max-width: 300px) 100vw, 300px\" \/><\/p>\n<h2>Kiitos kaikille Pro Rex tapahtumasta ja mielenkiintoisista keskusteluista siell\u00e4!<\/h2>\n<p style=\"text-align: justify;\">Jos ihmisl\u00e4ht\u00f6inen valaistus alkoi kiinnostamaan ja haluat tiet\u00e4\u00e4 siit\u00e4 lis\u00e4\u00e4, ota osaa webinaariimme. K\u00e4sittelemme ihmisl\u00e4ht\u00f6isen valaistuksen teoriaa, valaistuksen suunnittelun perusteita sek\u00e4 k\u00e4ymme l\u00e4pi my\u00f6s tutkimustuloksia. Ilmoittautuminen alla olevasta linkist\u00e4:<\/p>\n<p style=\"text-align: justify;\"><a href=\"https:\/\/attendee.gotowebinar.com\/register\/8916772523517480972\" target=\"_blank\" rel=\"noopener noreferrer\">https:\/\/attendee.gotowebinar.com\/register\/8916772523517480972<\/a><\/p>\n<p style=\"text-align: justify;\">Me tulemme mielell\u00e4mme kertomaan joko ihmisl\u00e4ht\u00f6isest\u00e4 valaistuksesta tai kouluvalaistuksesta yleisemminkin my\u00f6s paikan p\u00e4\u00e4lle. Eli jos teill\u00e4 on joku tilaisuus tai henkil\u00f6kohtaisesti lis\u00e4tiedon tarvetta asiaan liittyen, voitte kutsua asiantuntijan paikan p\u00e4\u00e4lle. Yhteystiedot alla:<\/p>\n<p>Marko Nieminen<br \/>\nSegmenttip\u00e4\u00e4llikk\u00f6 \u2013 toimistot, koulut, liikerakentaminen<br \/>\n050 388 8060<br \/>\nmarko.nieminen@glamox.com<\/p>\n<p style=\"text-align: justify;\"><img loading=\"lazy\" decoding=\"async\" class=\"wp-image-1148 size-large\" src=\"https:\/\/suomenrehtorit.fi\/web\/wp-content\/uploads\/sites\/2\/mcx\/2023-6\/AdobeStock_192328015-1024x455.jpeg\" alt=\"\" width=\"980\" height=\"435\" srcset=\"https:\/\/suomenrehtorit.fi\/web\/wp-content\/uploads\/sites\/2\/mcx\/2023-6\/AdobeStock_192328015-1024x455.jpeg 1024w, https:\/\/suomenrehtorit.fi\/web\/wp-content\/uploads\/sites\/2\/mcx\/2023-6\/AdobeStock_192328015-300x133.jpeg 300w, https:\/\/suomenrehtorit.fi\/web\/wp-content\/uploads\/sites\/2\/mcx\/2023-6\/AdobeStock_192328015-768x341.jpeg 768w, https:\/\/suomenrehtorit.fi\/web\/wp-content\/uploads\/sites\/2\/mcx\/2023-6\/AdobeStock_192328015-252x112.jpeg 252w, https:\/\/suomenrehtorit.fi\/web\/wp-content\/uploads\/sites\/2\/mcx\/2023-6\/AdobeStock_192328015-522x232.jpeg 522w, https:\/\/suomenrehtorit.fi\/web\/wp-content\/uploads\/sites\/2\/mcx\/2023-6\/AdobeStock_192328015-792x352.jpeg 792w, https:\/\/suomenrehtorit.fi\/web\/wp-content\/uploads\/sites\/2\/mcx\/2023-6\/AdobeStock_192328015-1062x472.jpeg 1062w, https:\/\/suomenrehtorit.fi\/web\/wp-content\/uploads\/sites\/2\/mcx\/2023-6\/AdobeStock_192328015-1536x682.jpeg 1536w, https:\/\/suomenrehtorit.fi\/web\/wp-content\/uploads\/sites\/2\/mcx\/2023-6\/AdobeStock_192328015-2048x909.jpeg 2048w\" sizes=\"auto, (max-width: 980px) 100vw, 980px\" \/><\/p>\n<h2>Rehtorin Iltakoulu Educassa<\/h2>\n<p><em>J\u00e4rjest\u00e4mme j\u00e4lleen jo perinteiseksi muodotuneen Rehtorin Iltakoulun 24.1.2020. Lis\u00e4tietoja ja ilmoittautumislinkki tulee s\u00e4hk\u00f6postiisi t\u00e4ll\u00e4 viikolla!<\/em><\/p>\n<p><img loading=\"lazy\" decoding=\"async\" class=\"alignnone size-full wp-image-1149\" src=\"https:\/\/suomenrehtorit.fi\/web\/wp-content\/uploads\/sites\/2\/mcx\/2023-6\/joulua.jpg\" alt=\"\" width=\"454\" height=\"667\" srcset=\"https:\/\/suomenrehtorit.fi\/web\/wp-content\/uploads\/sites\/2\/mcx\/2023-6\/joulua.jpg 454w, https:\/\/suomenrehtorit.fi\/web\/wp-content\/uploads\/sites\/2\/mcx\/2023-6\/joulua-204x300.jpg 204w, https:\/\/suomenrehtorit.fi\/web\/wp-content\/uploads\/sites\/2\/mcx\/2023-6\/joulua-252x370.jpg 252w\" sizes=\"auto, (max-width: 454px) 100vw, 454px\" \/><\/p>\n<p>&nbsp;<\/p>\n","protected":false},"excerpt":{"rendered":"<p>Jukka Kuittinen muistoissamme Marraskuun lopussa 2019 j\u00e4rjest\u00f6v\u00e4kemme tavoitti yll\u00e4tt\u00e4v\u00e4 suru-uutinen: Suomen Rehtoreiden hallituksen j\u00e4sen Jukka Kuittinen on poissa keskuudestamme. Jukan pitk\u00e4 ura opettajana ja sittemmin rehtorina vuosikymmenien ajan oli p\u00e4\u00e4ttynyt vain pient\u00e4 hetke\u00e4 aiemmin. Jukka oli j\u00e4rjest\u00f6mme grand old man, jonka ty\u00f6 hallituksen j\u00e4senen\u00e4, varapuheenjohtajana sek\u00e4 kansainv\u00e4lisess\u00e4 ty\u00f6ss\u00e4 oli my\u00f6s pitk\u00e4 ja menestyksek\u00e4s. Jukan k\u00e4denj\u00e4lki &#8230; <a title=\"J\u00e4senkirje 11\/2019\" class=\"read-more\" href=\"https:\/\/suomenrehtorit.fi\/web\/2019\/12\/16\/jasenkirje-11-2019\/\" aria-label=\"Lue lis\u00e4\u00e4 aiheesta J\u00e4senkirje 11\/2019\">Lue lis\u00e4\u00e4<\/a><\/p>\n","protected":false},"author":3,"featured_media":0,"comment_status":"closed","ping_status":"closed","sticky":false,"template":"","format":"standard","meta":{"_uag_custom_page_level_css":"","footnotes":""},"categories":[23,24],"tags":[],"class_list":["post-1137","post","type-post","status-publish","format-standard","hentry","category-jasenkirje","category-uutisarkisto"],"uagb_featured_image_src":{"full":false,"thumbnail":false,"medium":false,"medium_large":false,"large":false,"magazine-cw3":false,"magazine-cw6":false,"magazine-cw9":false,"magazine-cw12":false,"magazine-thumb":false,"magazine-toc":false,"1536x1536":false,"2048x2048":false,"gform-image-choice-sm":false,"gform-image-choice-md":false,"gform-image-choice-lg":false},"uagb_author_info":{"display_name":"Admin","author_link":"https:\/\/suomenrehtorit.fi\/web\/author\/toni-lehtinen\/"},"uagb_comment_info":0,"uagb_excerpt":"Jukka Kuittinen muistoissamme Marraskuun lopussa 2019 j\u00e4rjest\u00f6v\u00e4kemme tavoitti yll\u00e4tt\u00e4v\u00e4 suru-uutinen: Suomen Rehtoreiden hallituksen j\u00e4sen Jukka Kuittinen on poissa keskuudestamme. Jukan pitk\u00e4 ura opettajana ja sittemmin rehtorina vuosikymmenien ajan oli p\u00e4\u00e4ttynyt vain pient\u00e4 hetke\u00e4 aiemmin. Jukka oli j\u00e4rjest\u00f6mme grand old man, jonka ty\u00f6 hallituksen j\u00e4senen\u00e4, varapuheenjohtajana sek\u00e4 kansainv\u00e4lisess\u00e4 ty\u00f6ss\u00e4 oli my\u00f6s pitk\u00e4 ja menestyksek\u00e4s. Jukan k\u00e4denj\u00e4lki&hellip;","_links":{"self":[{"href":"https:\/\/suomenrehtorit.fi\/web\/wp-json\/wp\/v2\/posts\/1137","targetHints":{"allow":["GET"]}}],"collection":[{"href":"https:\/\/suomenrehtorit.fi\/web\/wp-json\/wp\/v2\/posts"}],"about":[{"href":"https:\/\/suomenrehtorit.fi\/web\/wp-json\/wp\/v2\/types\/post"}],"author":[{"embeddable":true,"href":"https:\/\/suomenrehtorit.fi\/web\/wp-json\/wp\/v2\/users\/3"}],"replies":[{"embeddable":true,"href":"https:\/\/suomenrehtorit.fi\/web\/wp-json\/wp\/v2\/comments?post=1137"}],"version-history":[{"count":1,"href":"https:\/\/suomenrehtorit.fi\/web\/wp-json\/wp\/v2\/posts\/1137\/revisions"}],"predecessor-version":[{"id":1807,"href":"https:\/\/suomenrehtorit.fi\/web\/wp-json\/wp\/v2\/posts\/1137\/revisions\/1807"}],"wp:attachment":[{"href":"https:\/\/suomenrehtorit.fi\/web\/wp-json\/wp\/v2\/media?parent=1137"}],"wp:term":[{"taxonomy":"category","embeddable":true,"href":"https:\/\/suomenrehtorit.fi\/web\/wp-json\/wp\/v2\/categories?post=1137"},{"taxonomy":"post_tag","embeddable":true,"href":"https:\/\/suomenrehtorit.fi\/web\/wp-json\/wp\/v2\/tags?post=1137"}],"curies":[{"name":"wp","href":"https:\/\/api.w.org\/{rel}","templated":true}]}}