{"id":1163,"date":"2022-12-15T09:13:39","date_gmt":"2022-12-15T09:13:39","guid":{"rendered":"https:\/\/suomenrehtorit.fi\/web\/?p=1163"},"modified":"2023-08-07T06:46:00","modified_gmt":"2023-08-07T06:46:00","slug":"jasenkirje-11-2022","status":"publish","type":"post","link":"https:\/\/suomenrehtorit.fi\/web\/2022\/12\/15\/jasenkirje-11-2022\/","title":{"rendered":"J\u00e4senkirje 11\/2022"},"content":{"rendered":"<h1>Puheenjohtajan palsta<\/h1>\n<h1><img loading=\"lazy\" decoding=\"async\" class=\"alignnone size-large wp-image-669\" src=\"https:\/\/suomenrehtorit.fi\/web\/wp-content\/uploads\/sites\/2\/mcx\/2023-6\/Ikonen_Antti_4-2-uusi-682x1024.jpg\" alt=\"\" width=\"682\" height=\"1024\" srcset=\"https:\/\/suomenrehtorit.fi\/web\/wp-content\/uploads\/sites\/2\/mcx\/2023-6\/Ikonen_Antti_4-2-uusi-682x1024.jpg 682w, https:\/\/suomenrehtorit.fi\/web\/wp-content\/uploads\/sites\/2\/mcx\/2023-6\/Ikonen_Antti_4-2-uusi-200x300.jpg 200w, https:\/\/suomenrehtorit.fi\/web\/wp-content\/uploads\/sites\/2\/mcx\/2023-6\/Ikonen_Antti_4-2-uusi-768x1152.jpg 768w, https:\/\/suomenrehtorit.fi\/web\/wp-content\/uploads\/sites\/2\/mcx\/2023-6\/Ikonen_Antti_4-2-uusi-252x378.jpg 252w, https:\/\/suomenrehtorit.fi\/web\/wp-content\/uploads\/sites\/2\/mcx\/2023-6\/Ikonen_Antti_4-2-uusi-522x783.jpg 522w, https:\/\/suomenrehtorit.fi\/web\/wp-content\/uploads\/sites\/2\/mcx\/2023-6\/Ikonen_Antti_4-2-uusi-792x1188.jpg 792w, https:\/\/suomenrehtorit.fi\/web\/wp-content\/uploads\/sites\/2\/mcx\/2023-6\/Ikonen_Antti_4-2-uusi-1062x1593.jpg 1062w, https:\/\/suomenrehtorit.fi\/web\/wp-content\/uploads\/sites\/2\/mcx\/2023-6\/Ikonen_Antti_4-2-uusi-1024x1536.jpg 1024w, https:\/\/suomenrehtorit.fi\/web\/wp-content\/uploads\/sites\/2\/mcx\/2023-6\/Ikonen_Antti_4-2-uusi.jpg 1181w\" sizes=\"auto, (max-width: 682px) 100vw, 682px\" \/><\/h1>\n<h1>Varautuminen haastaa oppilaitosjohtajia<\/h1>\n<p style=\"text-align: justify;\">Syyslukukauden viimeisi\u00e4 viikkoja on vietetty talvisessa s\u00e4\u00e4ss\u00e4 kautta Suomen maan. Viimeist\u00e4\u00e4n ensimm\u00e4iset lumimyr\u00e4k\u00e4t ja pakkaset ovat konkretisoineet uuden kest\u00e4vyytt\u00e4mme koettelevan haasteen. Ven\u00e4j\u00e4n hy\u00f6kk\u00e4yssota ja sen lukuisat seurannaisvaikutukset vaativat meit\u00e4 varautumaan niin s\u00e4hk\u00f6katkoihin kuin muihin h\u00e4iri\u00f6ihin, jopa h\u00e4irint\u00e4\u00e4n monissa yhteiskunnan perustoiminnoissa. Tilanne on rehtoreille haastava. Suunnitelmien tekeminen ja vastuu oppilaitoksen toiminnasta my\u00f6s ep\u00e4tavallisissa tilanteissa on n\u00e4in lukukauden lopussa ty\u00f6l\u00e4s ja osittain my\u00f6s hahmoton rasti. Rehtoribarometrin mukaan kun \u2013 koko maan tilannetta tarkastellen \u2013 oppilaitosjohtajat eiv\u00e4t ole viel\u00e4 p\u00e4\u00e4sseet palautumaan edes pandemian aiheuttamasta kuormituksesta.<\/p>\n<p><img loading=\"lazy\" decoding=\"async\" class=\"alignnone size-large wp-image-1165\" src=\"https:\/\/suomenrehtorit.fi\/web\/wp-content\/uploads\/sites\/2\/mcx\/2023-6\/question-g2380cecb8_1920-1024x352.png\" alt=\"\" width=\"980\" height=\"337\" srcset=\"https:\/\/suomenrehtorit.fi\/web\/wp-content\/uploads\/sites\/2\/mcx\/2023-6\/question-g2380cecb8_1920-1024x352.png 1024w, https:\/\/suomenrehtorit.fi\/web\/wp-content\/uploads\/sites\/2\/mcx\/2023-6\/question-g2380cecb8_1920-300x103.png 300w, https:\/\/suomenrehtorit.fi\/web\/wp-content\/uploads\/sites\/2\/mcx\/2023-6\/question-g2380cecb8_1920-768x264.png 768w, https:\/\/suomenrehtorit.fi\/web\/wp-content\/uploads\/sites\/2\/mcx\/2023-6\/question-g2380cecb8_1920-252x87.png 252w, https:\/\/suomenrehtorit.fi\/web\/wp-content\/uploads\/sites\/2\/mcx\/2023-6\/question-g2380cecb8_1920-522x179.png 522w, https:\/\/suomenrehtorit.fi\/web\/wp-content\/uploads\/sites\/2\/mcx\/2023-6\/question-g2380cecb8_1920-792x272.png 792w, https:\/\/suomenrehtorit.fi\/web\/wp-content\/uploads\/sites\/2\/mcx\/2023-6\/question-g2380cecb8_1920-1062x365.png 1062w, https:\/\/suomenrehtorit.fi\/web\/wp-content\/uploads\/sites\/2\/mcx\/2023-6\/question-g2380cecb8_1920-1536x528.png 1536w, https:\/\/suomenrehtorit.fi\/web\/wp-content\/uploads\/sites\/2\/mcx\/2023-6\/question-g2380cecb8_1920.png 1920w\" sizes=\"auto, (max-width: 980px) 100vw, 980px\" \/><\/p>\n<h1>Johtamisen kehitt\u00e4minen<\/h1>\n<p style=\"text-align: justify;\">2020-luvun poikkeukselliset tapahtumat ja Rehtoribarometrin tuottama faktatieto ovat tehneet entist\u00e4 selvemm\u00e4ksi maan hallituksen tavoitteen koulujen johtamisj\u00e4rjestelmien kehitt\u00e4misest\u00e4. On sin\u00e4ns\u00e4 jossain m\u00e4\u00e4rin ymm\u00e4rrett\u00e4v\u00e4\u00e4, ett\u00e4 kuluneen hallituskauden aikana asian edist\u00e4minen j\u00e4i suunnitelmien tasolle. Kun tilanne koko maan kouluissa on mennyt t\u00e4n\u00e4 aikana pikemminkin yh\u00e4 huonompaan suuntaan, kehitt\u00e4misty\u00f6n tarve on entist\u00e4kin ilmeisemp\u00e4\u00e4. Kehitt\u00e4misty\u00f6n edellytt\u00e4m\u00e4\u00e4 suunnitteluty\u00f6t\u00e4 on kyll\u00e4 tehty. Yksi t\u00e4rkeimmist\u00e4 on <a href=\"https:\/\/www.helsinki.fi\/fi\/tutkimusryhmat\/kasvatus-ja-opetusalan-johtajuuden-tutkimus-ja-koulutusryhma\/tutkimus\/vepo-johtaminen-2035\" target=\"_blank\" rel=\"noopener\"><strong>VEPO-hankkeen<\/strong><\/a> piiriss\u00e4 tehty ty\u00f6, jossa uudistuvalle johtajuuden koulutuskokonaisuudelle on laadittu sis\u00e4lt\u00f6j\u00e4 ja toteutusmalleja. T\u00e4rke\u00e4 on my\u00f6s <a href=\"https:\/\/valtioneuvosto.fi\/-\/1410845\/opettajankoulutusfoorumi-jatkaa-tyotaan-vuoden-2023-loppuun-asti\" target=\"_blank\" rel=\"noopener\"><strong>Opettajankoulutusfoorumille<\/strong><\/a> annettu vuoden jatkoaika vuoden 2023 loppuun saakka. Se mahdollistaa my\u00f6s johtajuuden kehitt\u00e4missuunnitelmien konkretisoitumisen osana yliopistojen antamaa perus- ja t\u00e4ydennyskoulutusta.<\/p>\n<p>&nbsp;<\/p>\n<p><img loading=\"lazy\" decoding=\"async\" class=\"alignnone size-full wp-image-1166\" src=\"https:\/\/suomenrehtorit.fi\/web\/wp-content\/uploads\/sites\/2\/mcx\/2023-6\/Eduskuntavaalit_ylabanneri.jpg\" alt=\"\" width=\"1000\" height=\"258\" srcset=\"https:\/\/suomenrehtorit.fi\/web\/wp-content\/uploads\/sites\/2\/mcx\/2023-6\/Eduskuntavaalit_ylabanneri.jpg 1000w, https:\/\/suomenrehtorit.fi\/web\/wp-content\/uploads\/sites\/2\/mcx\/2023-6\/Eduskuntavaalit_ylabanneri-300x77.jpg 300w, https:\/\/suomenrehtorit.fi\/web\/wp-content\/uploads\/sites\/2\/mcx\/2023-6\/Eduskuntavaalit_ylabanneri-768x198.jpg 768w, https:\/\/suomenrehtorit.fi\/web\/wp-content\/uploads\/sites\/2\/mcx\/2023-6\/Eduskuntavaalit_ylabanneri-252x65.jpg 252w, https:\/\/suomenrehtorit.fi\/web\/wp-content\/uploads\/sites\/2\/mcx\/2023-6\/Eduskuntavaalit_ylabanneri-522x135.jpg 522w, https:\/\/suomenrehtorit.fi\/web\/wp-content\/uploads\/sites\/2\/mcx\/2023-6\/Eduskuntavaalit_ylabanneri-792x204.jpg 792w\" sizes=\"auto, (max-width: 1000px) 100vw, 1000px\" \/><\/p>\n<h1>Millaiselle ehdokkaalle sin\u00e4 annat \u00e4\u00e4nesi?<\/h1>\n<p style=\"text-align: justify;\">Ilman rahaa ei tuoteta laadukkaita koulutuspalveluita. Valtiontalouden tila on viime vuosien koettelemusten j\u00e4ljilt\u00e4 tukala, mutta tosiasia on sekin, ett\u00e4 <a href=\"https:\/\/www.stat.fi\/tietotrendit\/artikkelit\/2022\/osaaminen-naivettyy-ilman-panostuksia-erityisesti-miesten-koulutuspolku-on-kivikkoinen\/\" target=\"_blank\" rel=\"noopener\"><strong>suomalaisnuoret eiv\u00e4t saavuta edes vanhempiensa koulutustasoa<\/strong><\/a>. Osaamisen taso on ollut laskeva peruskoululaisten osaamista mittaavassa PISA-tutkimuksessa. Korkea-asteen tutkinnon suorittaneissa Suomen sijoitus on pudonnut OECD-maiden keskiarvon alapuolelle. Tilannekuvaa t\u00e4ydent\u00e4\u00e4 se tieto, ett\u00e4 ty\u00f6voimapulaa on maassamme erityisesti korkeampaa osaamista vaativissa ammateissa.<\/p>\n<p style=\"text-align: justify;\">Mill\u00e4 strategialla kaltaisemme pieni pohjoinen maa sitten tavoittelee menestyst\u00e4 tulevaisuudessa? Siit\u00e4 p\u00e4\u00e4t\u00e4mme me kaikki osaltamme, kun annamme \u00e4\u00e4nemme kev\u00e4\u00e4n eduskuntavaaleissa. Koulutus on tulevaisuusinvestointi, ja rehtorij\u00e4rjest\u00f6mme on strategiassaan sitoutunut koulutuksen voimavarojen puolustamiseen. Yksi t\u00e4m\u00e4n ty\u00f6n t\u00e4rkeimmist\u00e4 vaiheista on k\u00e4sill\u00e4 pian, kun Suomen suuntaa m\u00e4\u00e4ritell\u00e4\u00e4n seuraavaksi nelj\u00e4ksi vuodeksi. Kun uskomme, ett\u00e4 tulevaisuudessa menestys perustuu ainakin osaamiseen, vaadimmehan t\u00e4t\u00e4 n\u00e4kemyst\u00e4 my\u00f6s omalta kansanedustajaehdokkaaltamme!<\/p>\n<p><img loading=\"lazy\" decoding=\"async\" class=\"alignnone size-large wp-image-999\" src=\"https:\/\/suomenrehtorit.fi\/web\/wp-content\/uploads\/sites\/2\/mcx\/2023-6\/lahiopetus-scaled-1-1024x684.jpeg\" alt=\"\" width=\"980\" height=\"655\" srcset=\"https:\/\/suomenrehtorit.fi\/web\/wp-content\/uploads\/sites\/2\/mcx\/2023-6\/lahiopetus-scaled-1-1024x684.jpeg 1024w, https:\/\/suomenrehtorit.fi\/web\/wp-content\/uploads\/sites\/2\/mcx\/2023-6\/lahiopetus-scaled-1-300x200.jpeg 300w, https:\/\/suomenrehtorit.fi\/web\/wp-content\/uploads\/sites\/2\/mcx\/2023-6\/lahiopetus-scaled-1-768x513.jpeg 768w, https:\/\/suomenrehtorit.fi\/web\/wp-content\/uploads\/sites\/2\/mcx\/2023-6\/lahiopetus-scaled-1-252x168.jpeg 252w, https:\/\/suomenrehtorit.fi\/web\/wp-content\/uploads\/sites\/2\/mcx\/2023-6\/lahiopetus-scaled-1-522x348.jpeg 522w, https:\/\/suomenrehtorit.fi\/web\/wp-content\/uploads\/sites\/2\/mcx\/2023-6\/lahiopetus-scaled-1-792x529.jpeg 792w, https:\/\/suomenrehtorit.fi\/web\/wp-content\/uploads\/sites\/2\/mcx\/2023-6\/lahiopetus-scaled-1-1062x709.jpeg 1062w, https:\/\/suomenrehtorit.fi\/web\/wp-content\/uploads\/sites\/2\/mcx\/2023-6\/lahiopetus-scaled-1-1536x1025.jpeg 1536w, https:\/\/suomenrehtorit.fi\/web\/wp-content\/uploads\/sites\/2\/mcx\/2023-6\/lahiopetus-scaled-1-2048x1367.jpeg 2048w\" sizes=\"auto, (max-width: 980px) 100vw, 980px\" \/><\/p>\n<h1>Tuen ohjeiden tulkinnoissa on varmistettava my\u00f6s ohjeiden toteuttamiskelpoisuus<\/h1>\n<p style=\"text-align: justify;\"><strong><a href=\"https:\/\/www.oikeusasiamies.fi\/r\/fi\/ratkaisut\/-\/eoar\/3927\/2021\" target=\"_blank\" rel=\"noopener\">Apulaisoikeusasiamiehen ratkaisu<\/a><\/strong> kolmiportaisen tuen j\u00e4rjest\u00e4misest\u00e4 on synnytt\u00e4nyt keskustelua siit\u00e4, miten tuki pystyt\u00e4\u00e4n tulevaisuudessa k\u00e4yt\u00e4nn\u00f6ss\u00e4 toteuttamaan. Kyse on isosta kokonaisuudesta. Siihen liittyy kysymyksi\u00e4 niin opettajan kelpoisuudesta tuen eri vaiheissa kuin <a href=\"https:\/\/www.kuntaliitto.fi\/ajankohtaista\/2022\/perusopetuksen-ja-oppilaiden-erityisen-tuen-jarjestaminen-kunnissa-eduskunnan\" target=\"_blank\" rel=\"noopener\">opetuksen j\u00e4rjest\u00e4misen k\u00e4yt\u00e4nteist\u00e4<\/a>, joista oppilaitoksen rehtori tekee viime k\u00e4dess\u00e4 ratkaisut. Kolmiportaisen tuen j\u00e4rjest\u00e4misen kritiikki on kohdistunut mm. lis\u00e4\u00e4ntyneeseen byrokratiaan \u2013 samaan aikaan, kun tuen todellisia tuen resursseja on jopa leikattu.<\/p>\n<p style=\"text-align: justify;\">Apulaisoikeusasiamies on oikeutetusti ratkaisussaan kantanut huolta lapsen edun ensisijaisuudesta ja edellytt\u00e4nyt, ett\u00e4 <strong><a href=\"https:\/\/www.oaj.fi\/ajankohtaista\/uutiset-ja-tiedotteet\/2022\/laillisuusvalvoja-vahvisti-oajn-kannan-oppimisen-tuen-lainsaadanto-on-epaselva-ja-johtaa-vaariin-tulkintoihin\/\" target=\"_blank\" rel=\"noopener\">Opetushallituksen ja opetus- ja kulttuuriministeri\u00f6n on ilmoitettava<\/a><\/strong> eduskunnan oikeusasiamiehelle helmikuun 2023 loppuun menness\u00e4, mihin toimiin ne ovat ryhtyneet p\u00e4\u00e4t\u00f6ksen johdosta. Prosessia on t\u00e4rke\u00e4 seurata my\u00f6s oppilaitosjohtajien kannalta. Rehtorit vastaavat koulujen ty\u00f6j\u00e4rjestyksen laatimisesta, eik\u00e4 ty\u00f6st\u00e4 saa tulla uutta mitoitus- tai kelpoisuuspalapeli\u00e4. Tuen j\u00e4rjest\u00e4misen ohjeiden p\u00e4ivitt\u00e4misess\u00e4 on varmistettava, ett\u00e4 rehtoreilla on edellytykset selviyty\u00e4 k\u00e4yt\u00e4nn\u00f6ss\u00e4 uusista tulkinnoista. My\u00f6sk\u00e4\u00e4n opetuksen j\u00e4rjest\u00e4j\u00e4t eiv\u00e4t saa joutua kohtuuttomiin tilanteisiin. Vaarana on, ett\u00e4 t\u00e4m\u00e4 heijastuu tuen tason m\u00e4\u00e4rittelyyn lopulta lapsen edun vastaisesti: erityisen tuen p\u00e4\u00e4t\u00f6ksi\u00e4 saatetaan j\u00e4tt\u00e4\u00e4 tekem\u00e4tt\u00e4 siksi, ett\u00e4 edellytyksi\u00e4 niiden toteuttamiselle ei sill\u00e4 hetkell\u00e4 ole.<\/p>\n<p><img loading=\"lazy\" decoding=\"async\" class=\"alignnone size-full wp-image-892\" src=\"https:\/\/suomenrehtorit.fi\/web\/wp-content\/uploads\/sites\/2\/mcx\/2023-6\/joulu.jpg\" alt=\"\" width=\"960\" height=\"664\" srcset=\"https:\/\/suomenrehtorit.fi\/web\/wp-content\/uploads\/sites\/2\/mcx\/2023-6\/joulu.jpg 960w, https:\/\/suomenrehtorit.fi\/web\/wp-content\/uploads\/sites\/2\/mcx\/2023-6\/joulu-300x208.jpg 300w, https:\/\/suomenrehtorit.fi\/web\/wp-content\/uploads\/sites\/2\/mcx\/2023-6\/joulu-768x531.jpg 768w, https:\/\/suomenrehtorit.fi\/web\/wp-content\/uploads\/sites\/2\/mcx\/2023-6\/joulu-252x174.jpg 252w, https:\/\/suomenrehtorit.fi\/web\/wp-content\/uploads\/sites\/2\/mcx\/2023-6\/joulu-522x361.jpg 522w, https:\/\/suomenrehtorit.fi\/web\/wp-content\/uploads\/sites\/2\/mcx\/2023-6\/joulu-792x548.jpg 792w\" sizes=\"auto, (max-width: 960px) 100vw, 960px\" \/><\/p>\n<h2><em>Hyv\u00e4\u00e4 joulua ja onnellista uutta vuotta 2023<\/em><\/h2>\n<p>Pian on aika unohtaa hetkeksi kiire ja touhu, onhan joulu! Toivotan kaikille j\u00e4senillemme rauhaisaa joulun aikaa sek\u00e4 aikaa itselle ja l\u00e4heisillemme seuraavin Avaruus \u2013 Walking in the Air -kappaleen sanoin:<\/p>\n<p><em>On allain avaruus ja t\u00e4htipolku kauas vie.<\/em><br \/>\n<em>On toinen maailma, on h\u00e4m\u00e4r\u00e4inen tie.<\/em><br \/>\n<em>On t\u00e4htiaika uus ja taivaansini m\u00e4\u00e4r\u00e4np\u00e4\u00e4.<\/em><br \/>\n<em>Kun pilven portaisiin vain kevyt j\u00e4lki j\u00e4\u00e4.<\/em><\/p>\n<p>Antti Ikonen<br \/>\npj Suomen Rehtorit<br \/>\n@AnttiIkonen<\/p>\n<p><img loading=\"lazy\" decoding=\"async\" class=\"alignnone size-large wp-image-1167\" src=\"https:\/\/suomenrehtorit.fi\/web\/wp-content\/uploads\/sites\/2\/mcx\/2023-6\/6.12.Newsletter-Ukraine-22-002-1024x512.png\" alt=\"\" width=\"980\" height=\"490\" srcset=\"https:\/\/suomenrehtorit.fi\/web\/wp-content\/uploads\/sites\/2\/mcx\/2023-6\/6.12.Newsletter-Ukraine-22-002-1024x512.png 1024w, https:\/\/suomenrehtorit.fi\/web\/wp-content\/uploads\/sites\/2\/mcx\/2023-6\/6.12.Newsletter-Ukraine-22-002-300x150.png 300w, https:\/\/suomenrehtorit.fi\/web\/wp-content\/uploads\/sites\/2\/mcx\/2023-6\/6.12.Newsletter-Ukraine-22-002-768x384.png 768w, https:\/\/suomenrehtorit.fi\/web\/wp-content\/uploads\/sites\/2\/mcx\/2023-6\/6.12.Newsletter-Ukraine-22-002-252x126.png 252w, https:\/\/suomenrehtorit.fi\/web\/wp-content\/uploads\/sites\/2\/mcx\/2023-6\/6.12.Newsletter-Ukraine-22-002-522x261.png 522w, https:\/\/suomenrehtorit.fi\/web\/wp-content\/uploads\/sites\/2\/mcx\/2023-6\/6.12.Newsletter-Ukraine-22-002-792x396.png 792w, https:\/\/suomenrehtorit.fi\/web\/wp-content\/uploads\/sites\/2\/mcx\/2023-6\/6.12.Newsletter-Ukraine-22-002-1062x531.png 1062w, https:\/\/suomenrehtorit.fi\/web\/wp-content\/uploads\/sites\/2\/mcx\/2023-6\/6.12.Newsletter-Ukraine-22-002.png 1250w\" sizes=\"auto, (max-width: 980px) 100vw, 980px\" \/><\/p>\n<h1>UNICEF kouluttaa ja tarjoaa tukimateriaalia sotaa paenneiden lasten kohtaamiseen<\/h1>\n<p>Ukrainasta sotaa paenneita lapsia on Suomessa yli 13\u202f000. Suuri osa heist\u00e4 on suomalaisen kouluj\u00e4rjestelm\u00e4n piiriss\u00e4. Moni paennut perhe asuu edelleen kotimajoituksessa, ja siksi monille n\u00e4ist\u00e4 lapsista ja huoltajista\u00a0koulu voi olla ainoa viranomaistaho, jonka he Suomessa kohtaavat. Siksi koululla ja opettajilla on t\u00e4rke\u00e4 rooli n\u00e4iden lasten tukijoina.<\/p>\n<p>Suomen UNICEF on tuottanut opettajille maksutonta koulutusta ja tukimateriaalia paenneiden lasten ja perheiden kohtaamiseen.<\/p>\n<p>UNICEF j\u00e4rjest\u00e4\u00e4 yhdess\u00e4 Pelastakaa Lapset ry:n kanssa opettajille ja muille lapsia ty\u00f6ss\u00e4\u00e4n kohtaaville ammattilaisille maksuttoman et\u00e4koulutuksen 7.3.2023. Koulutuksessa opitaan tunnistamaan tuen tarpeessa oleva lapsi sek\u00e4 perusperiaatteet kriisin kohdanneen lapsen tukemisesta.<\/p>\n<p>Lis\u00e4ksi UNICEF on tuottanut tulostettavaa suomen- ja ukrainankielist\u00e4 materiaalia, jonka avulla opettajat voivat jakaa lapsille ja huoltajille tietoa lapsille Suomessa kuuluvista palveluista. UNICEFin ja Suomen Vanhempainliiton yhdess\u00e4 tekem\u00e4n, muokattavan diasetin avulla opettaja voi j\u00e4rjest\u00e4\u00e4 vanhempainillan valmistavan luokan oppilaiden vanhemmille.<\/p>\n<p>Levit\u00e4th\u00e4n koulusi opettajille tietoa UNICEFin koulutuksesta ja materiaaleista.<\/p>\n<ul>\n<li>Ilmoittautuminen Kriisin kohdanneen lapsen tukeminen -koulutukseen: <a href=\"https:\/\/www.lyyti.fi\/reg\/lapsen_kohtaaminen_kriisissa\" target=\"_blank\" rel=\"noopener\">https:\/\/www.lyyti.fi\/reg\/lapsen_kohtaaminen_kriisissa <\/a><\/li>\n<li>Tutustu UNICEFin tarjoamiin materiaaleihin: <a href=\"https:\/\/www.lapsiystavallinenkunta.fi\/pakenevien-lasten-oikeudet\/materiaalia-paenneiden-lasten-ja-perheiden-tukemiseen\" target=\"_blank\" rel=\"noopener\">https:\/\/www.lapsiystavallinenkunta.fi\/pakenevien-lasten-oikeudet\/materiaalia-paenneiden-lasten-ja-perheiden-tukemiseen\u00a0<\/a><\/li>\n<\/ul>\n<p>&nbsp;<\/p>\n<p><img loading=\"lazy\" decoding=\"async\" class=\"alignnone size-large wp-image-1168\" src=\"https:\/\/suomenrehtorit.fi\/web\/wp-content\/uploads\/sites\/2\/mcx\/2023-6\/rehtorit-uutiskirje02-1024x538.jpg\" alt=\"\" width=\"980\" height=\"515\" srcset=\"https:\/\/suomenrehtorit.fi\/web\/wp-content\/uploads\/sites\/2\/mcx\/2023-6\/rehtorit-uutiskirje02-1024x538.jpg 1024w, https:\/\/suomenrehtorit.fi\/web\/wp-content\/uploads\/sites\/2\/mcx\/2023-6\/rehtorit-uutiskirje02-300x158.jpg 300w, https:\/\/suomenrehtorit.fi\/web\/wp-content\/uploads\/sites\/2\/mcx\/2023-6\/rehtorit-uutiskirje02-768x403.jpg 768w, https:\/\/suomenrehtorit.fi\/web\/wp-content\/uploads\/sites\/2\/mcx\/2023-6\/rehtorit-uutiskirje02-252x132.jpg 252w, https:\/\/suomenrehtorit.fi\/web\/wp-content\/uploads\/sites\/2\/mcx\/2023-6\/rehtorit-uutiskirje02-522x274.jpg 522w, https:\/\/suomenrehtorit.fi\/web\/wp-content\/uploads\/sites\/2\/mcx\/2023-6\/rehtorit-uutiskirje02-792x416.jpg 792w, https:\/\/suomenrehtorit.fi\/web\/wp-content\/uploads\/sites\/2\/mcx\/2023-6\/rehtorit-uutiskirje02-1062x558.jpg 1062w, https:\/\/suomenrehtorit.fi\/web\/wp-content\/uploads\/sites\/2\/mcx\/2023-6\/rehtorit-uutiskirje02-1536x806.jpg 1536w, https:\/\/suomenrehtorit.fi\/web\/wp-content\/uploads\/sites\/2\/mcx\/2023-6\/rehtorit-uutiskirje02.jpg 2000w\" sizes=\"auto, (max-width: 980px) 100vw, 980px\" \/><\/p>\n<p>It\u00e4-Suomen yliopiston Jatkuvan oppimisen keskus tarjoaa kattavan valikoiman opetus- ja kasvatusalan opintoja ja koulutuksia, joilla p\u00e4ivit\u00e4t omaa asiantuntijuuttasi.<br \/>\nMeill\u00e4 opiskelet joustavasti ty\u00f6n ohella ja saat uutta osaamista ty\u00f6skentelyysi.<\/p>\n<p><a href=\"https:\/\/www.uef.fi\/fi\/jatkuvan-oppimisen-koulutukset?f%5B0%5D=categories%3A515\" target=\"_blank\" rel=\"noopener\"><strong>Klikkaa koulutushakuun<\/strong><\/a> tutustumaan tarjontaan!<\/p>\n<p><img loading=\"lazy\" decoding=\"async\" class=\"alignnone size-full wp-image-1169\" src=\"https:\/\/suomenrehtorit.fi\/web\/wp-content\/uploads\/sites\/2\/mcx\/2023-6\/Kaksi-nuorta-920x613-1.jpg\" alt=\"\" width=\"920\" height=\"613\" srcset=\"https:\/\/suomenrehtorit.fi\/web\/wp-content\/uploads\/sites\/2\/mcx\/2023-6\/Kaksi-nuorta-920x613-1.jpg 920w, https:\/\/suomenrehtorit.fi\/web\/wp-content\/uploads\/sites\/2\/mcx\/2023-6\/Kaksi-nuorta-920x613-1-300x200.jpg 300w, https:\/\/suomenrehtorit.fi\/web\/wp-content\/uploads\/sites\/2\/mcx\/2023-6\/Kaksi-nuorta-920x613-1-768x512.jpg 768w, https:\/\/suomenrehtorit.fi\/web\/wp-content\/uploads\/sites\/2\/mcx\/2023-6\/Kaksi-nuorta-920x613-1-252x168.jpg 252w, https:\/\/suomenrehtorit.fi\/web\/wp-content\/uploads\/sites\/2\/mcx\/2023-6\/Kaksi-nuorta-920x613-1-522x348.jpg 522w, https:\/\/suomenrehtorit.fi\/web\/wp-content\/uploads\/sites\/2\/mcx\/2023-6\/Kaksi-nuorta-920x613-1-792x528.jpg 792w\" sizes=\"auto, (max-width: 920px) 100vw, 920px\" \/><\/p>\n<h1>Tietopaketti sateenkaarilasten ja -nuorten parissa toimivalle ammattilaiselle<\/h1>\n<p style=\"text-align: justify;\">Miten opettaja kohtaa sensitiivisesti translapsen tai seksuaaliv\u00e4hemmist\u00f6\u00f6n kuuluvan nuoren? Miten koulun tiloista ja toimintakulttuurista voidaan muokata kaikille turvallisia?<\/p>\n<p style=\"text-align: justify;\">Terveyden ja hyvinvoinnin laitos ja Seta ry ovat julkaisseet tietopaketin lasten, nuorten ja perheiden parissa toimiville ammattilaisille. Pakettiin kuuluu konkreettisia ty\u00f6v\u00e4lineit\u00e4 tarjoava nettisivusto sek\u00e4 haavoittuvassa asemassa olevien lasten oikeuksiin paneutuva verkkokoulutus. Tietopaketti kuuluu Kansallisen lapsistrategian toteutukseen. Materiaalit ovat maksuttomia ja vapaasti hy\u00f6dynnett\u00e4viss\u00e4 t\u00e4ydennyskoulutukseen tai itsen\u00e4iseen tiedonhakuun. Ruotsinkieliset materiaalit valmistuvat 2023 alussa.<\/p>\n<p style=\"text-align: justify;\"><strong><a href=\"https:\/\/thl.fi\/fi\/web\/sukupuolten-tasa-arvo\/tasa-arvon-edistaminen\/tietopaketti-sateenkaarilapsista-ja-nuorista-ammattilaiselle\" target=\"_blank\" rel=\"noopener\">thl.fi\/sateenkaaritieto<\/a><\/strong><\/p>\n<p><img loading=\"lazy\" decoding=\"async\" class=\"alignnone size-large wp-image-1170\" src=\"https:\/\/suomenrehtorit.fi\/web\/wp-content\/uploads\/sites\/2\/mcx\/2023-6\/yhteistyooppilaitos-uutiskirje-kuva02-1024x538.jpg\" alt=\"\" width=\"980\" height=\"515\" srcset=\"https:\/\/suomenrehtorit.fi\/web\/wp-content\/uploads\/sites\/2\/mcx\/2023-6\/yhteistyooppilaitos-uutiskirje-kuva02-1024x538.jpg 1024w, https:\/\/suomenrehtorit.fi\/web\/wp-content\/uploads\/sites\/2\/mcx\/2023-6\/yhteistyooppilaitos-uutiskirje-kuva02-300x158.jpg 300w, https:\/\/suomenrehtorit.fi\/web\/wp-content\/uploads\/sites\/2\/mcx\/2023-6\/yhteistyooppilaitos-uutiskirje-kuva02-768x403.jpg 768w, https:\/\/suomenrehtorit.fi\/web\/wp-content\/uploads\/sites\/2\/mcx\/2023-6\/yhteistyooppilaitos-uutiskirje-kuva02-252x132.jpg 252w, https:\/\/suomenrehtorit.fi\/web\/wp-content\/uploads\/sites\/2\/mcx\/2023-6\/yhteistyooppilaitos-uutiskirje-kuva02-522x274.jpg 522w, https:\/\/suomenrehtorit.fi\/web\/wp-content\/uploads\/sites\/2\/mcx\/2023-6\/yhteistyooppilaitos-uutiskirje-kuva02-792x416.jpg 792w, https:\/\/suomenrehtorit.fi\/web\/wp-content\/uploads\/sites\/2\/mcx\/2023-6\/yhteistyooppilaitos-uutiskirje-kuva02-1062x558.jpg 1062w, https:\/\/suomenrehtorit.fi\/web\/wp-content\/uploads\/sites\/2\/mcx\/2023-6\/yhteistyooppilaitos-uutiskirje-kuva02.jpg 1200w\" sizes=\"auto, (max-width: 980px) 100vw, 980px\" \/><\/p>\n<p>Olisiko oppilaitoksesi kiinnostunut avoimen yliopiston opetustarjonnasta lukiolaisille tai muille toisen asteen opiskelijoille? It\u00e4-Suomen yliopisto tekee yhteisty\u00f6t\u00e4 lukioiden ja muiden toisen asteen oppilaitosten kanssa tarjoamalla sopimusoppilaitosten opiskelijoille mahdollisuuden opiskella maksutta avoimia yliopisto-opintoja. N\u00e4in vahvistamme toisen asteen opiskelijoiden mahdollisuuksia yksil\u00f6llisiin valintoihin ja tuemme opiskelijoiden ty\u00f6el\u00e4m\u00e4- ja jatko-opiskeluvalmiuksia.<\/p>\n<p>Tutustu yhteisty\u00f6h\u00f6n <a href=\"https:\/\/www.uef.fi\/fi\/yhteistyo-lukioiden-ja-toisen-asteen-oppilaitosten-kanssa\" target=\"_blank\" rel=\"noopener\"><strong>nettisivuiltamme<\/strong><\/a>\u00a0tai ota yhteytt\u00e4 suunnittelija Leila Saram\u00e4ki: leila.saramaki@uef.fi, puh. 050 564 6193.<\/p>\n<p><img loading=\"lazy\" decoding=\"async\" class=\"alignnone size-large wp-image-1171\" src=\"https:\/\/suomenrehtorit.fi\/web\/wp-content\/uploads\/sites\/2\/mcx\/2023-6\/heart-ge5d51459a_1920-1024x287.jpg\" alt=\"\" width=\"980\" height=\"275\" srcset=\"https:\/\/suomenrehtorit.fi\/web\/wp-content\/uploads\/sites\/2\/mcx\/2023-6\/heart-ge5d51459a_1920-1024x287.jpg 1024w, https:\/\/suomenrehtorit.fi\/web\/wp-content\/uploads\/sites\/2\/mcx\/2023-6\/heart-ge5d51459a_1920-300x84.jpg 300w, https:\/\/suomenrehtorit.fi\/web\/wp-content\/uploads\/sites\/2\/mcx\/2023-6\/heart-ge5d51459a_1920-768x216.jpg 768w, https:\/\/suomenrehtorit.fi\/web\/wp-content\/uploads\/sites\/2\/mcx\/2023-6\/heart-ge5d51459a_1920-252x71.jpg 252w, https:\/\/suomenrehtorit.fi\/web\/wp-content\/uploads\/sites\/2\/mcx\/2023-6\/heart-ge5d51459a_1920-522x147.jpg 522w, https:\/\/suomenrehtorit.fi\/web\/wp-content\/uploads\/sites\/2\/mcx\/2023-6\/heart-ge5d51459a_1920-792x222.jpg 792w, https:\/\/suomenrehtorit.fi\/web\/wp-content\/uploads\/sites\/2\/mcx\/2023-6\/heart-ge5d51459a_1920-1062x298.jpg 1062w, https:\/\/suomenrehtorit.fi\/web\/wp-content\/uploads\/sites\/2\/mcx\/2023-6\/heart-ge5d51459a_1920-1536x431.jpg 1536w, https:\/\/suomenrehtorit.fi\/web\/wp-content\/uploads\/sites\/2\/mcx\/2023-6\/heart-ge5d51459a_1920.jpg 1920w\" sizes=\"auto, (max-width: 980px) 100vw, 980px\" \/><\/p>\n<h1>Kiitos sinulle!<\/h1>\n<p>Arvoisa j\u00e4sen, sin\u00e4 olet koulusi tai oppilaitoksesi yll\u00e4pit\u00e4v\u00e4 voima. Olet muutaman viimeisen vuoden aikana joutunut paineeseen ja py\u00f6ritykseen, jota ei voi oikein todeksi uskoa.\u00a0 Rehtoribarometrin karu kertoma siit\u00e4 kuinka rehtorit voivat t\u00e4ll\u00e4 hetkell\u00e4, nostaa arvokkaan ty\u00f6si entist\u00e4kin isompaan arvoon. Siksi haluan esitt\u00e4\u00e4 sinulle isoimmat kiitokset tekem\u00e4st\u00e4si ty\u00f6st\u00e4 ja venymisest\u00e4. Syd\u00e4mest\u00e4ni toivon, ett\u00e4 saat joulun aikaan lepoa ja rauhaa palautumiseen.<\/p>\n<p>Lumisin terveisin<br \/>\nToni Lehtinen<br \/>\nJ\u00e4rjest\u00f6sihteeri<\/p>\n<p>&#8221;Lumit\u00f6it\u00e4 t\u00e4ytyy vaan rakastaa!&#8221;<\/p>\n<h1>Muuttuuko ty\u00f6paikkasi vuoden vaihteessa, j\u00e4\u00e4tk\u00f6 el\u00e4kkeelle, oletko muuttanut?<\/h1>\n<p><img loading=\"lazy\" decoding=\"async\" class=\"alignnone wp-image-1011 size-large\" src=\"https:\/\/suomenrehtorit.fi\/web\/wp-content\/uploads\/sites\/2\/mcx\/2023-6\/AdobeStock_317014179-scaled-1-1024x683.jpeg\" alt=\"\" width=\"980\" height=\"654\" srcset=\"https:\/\/suomenrehtorit.fi\/web\/wp-content\/uploads\/sites\/2\/mcx\/2023-6\/AdobeStock_317014179-scaled-1-1024x683.jpeg 1024w, https:\/\/suomenrehtorit.fi\/web\/wp-content\/uploads\/sites\/2\/mcx\/2023-6\/AdobeStock_317014179-scaled-1-300x200.jpeg 300w, https:\/\/suomenrehtorit.fi\/web\/wp-content\/uploads\/sites\/2\/mcx\/2023-6\/AdobeStock_317014179-scaled-1-768x512.jpeg 768w, https:\/\/suomenrehtorit.fi\/web\/wp-content\/uploads\/sites\/2\/mcx\/2023-6\/AdobeStock_317014179-scaled-1-252x168.jpeg 252w, https:\/\/suomenrehtorit.fi\/web\/wp-content\/uploads\/sites\/2\/mcx\/2023-6\/AdobeStock_317014179-scaled-1-522x348.jpeg 522w, https:\/\/suomenrehtorit.fi\/web\/wp-content\/uploads\/sites\/2\/mcx\/2023-6\/AdobeStock_317014179-scaled-1-792x528.jpeg 792w, https:\/\/suomenrehtorit.fi\/web\/wp-content\/uploads\/sites\/2\/mcx\/2023-6\/AdobeStock_317014179-scaled-1-1062x708.jpeg 1062w, https:\/\/suomenrehtorit.fi\/web\/wp-content\/uploads\/sites\/2\/mcx\/2023-6\/AdobeStock_317014179-scaled-1-1536x1024.jpeg 1536w, https:\/\/suomenrehtorit.fi\/web\/wp-content\/uploads\/sites\/2\/mcx\/2023-6\/AdobeStock_317014179-scaled-1-2048x1366.jpeg 2048w\" sizes=\"auto, (max-width: 980px) 100vw, 980px\" \/><\/p>\n<h2>Muistathan ilmoittaa muuttuvat tiedot toimisto@surefire.fi<\/h2>\n<p>&nbsp;<\/p>\n<p><img loading=\"lazy\" decoding=\"async\" class=\"alignnone wp-image-979 size-full\" src=\"https:\/\/suomenrehtorit.fi\/web\/wp-content\/uploads\/sites\/2\/mcx\/2023-6\/Educa23_TavataanEducassa_798X120.jpg\" alt=\"\" width=\"798\" height=\"120\" srcset=\"https:\/\/suomenrehtorit.fi\/web\/wp-content\/uploads\/sites\/2\/mcx\/2023-6\/Educa23_TavataanEducassa_798X120.jpg 798w, https:\/\/suomenrehtorit.fi\/web\/wp-content\/uploads\/sites\/2\/mcx\/2023-6\/Educa23_TavataanEducassa_798X120-300x45.jpg 300w, https:\/\/suomenrehtorit.fi\/web\/wp-content\/uploads\/sites\/2\/mcx\/2023-6\/Educa23_TavataanEducassa_798X120-768x115.jpg 768w, https:\/\/suomenrehtorit.fi\/web\/wp-content\/uploads\/sites\/2\/mcx\/2023-6\/Educa23_TavataanEducassa_798X120-252x38.jpg 252w, https:\/\/suomenrehtorit.fi\/web\/wp-content\/uploads\/sites\/2\/mcx\/2023-6\/Educa23_TavataanEducassa_798X120-522x78.jpg 522w, https:\/\/suomenrehtorit.fi\/web\/wp-content\/uploads\/sites\/2\/mcx\/2023-6\/Educa23_TavataanEducassa_798X120-792x119.jpg 792w\" sizes=\"auto, (max-width: 798px) 100vw, 798px\" \/><\/p>\n<h1>Olemme mukana Educassa!<\/h1>\n<p>L\u00f6yd\u00e4t meid\u00e4t osastolta 6e39. Tule k\u00e4ym\u00e4\u00e4n osastolla ja keskustelemaan ajankohtaisista asioista.\u00a0<a href=\"https:\/\/educa.messukeskus.com\/\">Educa 27.\u201328.1.2023 | Messukeskus<\/a><\/p>\n<p><strong>Rekister\u00f6idy k\u00e4vij\u00e4ksi ja ruksaathan ammattiryhm\u00e4ksi Rehtori\/johtaja (yleissivist\u00e4v\u00e4). Jos olet apulais- tai vararehtori, niin ruksaathan saman kohdan.\u00a0<\/strong><\/p>\n<p>J\u00e4rjest\u00e4mme j\u00e4lleen my\u00f6s Rehtorin Iltakoulun perjantaina 27.1.2023, t\u00e4st\u00e4 tulee pian lis\u00e4tietoja s\u00e4hk\u00f6postiisi!<\/p>\n<p><img loading=\"lazy\" decoding=\"async\" class=\"alignnone size-large wp-image-1172\" src=\"https:\/\/suomenrehtorit.fi\/web\/wp-content\/uploads\/sites\/2\/mcx\/2023-6\/Fb-1-1024x450.png\" alt=\"\" width=\"980\" height=\"431\" srcset=\"https:\/\/suomenrehtorit.fi\/web\/wp-content\/uploads\/sites\/2\/mcx\/2023-6\/Fb-1-1024x450.png 1024w, https:\/\/suomenrehtorit.fi\/web\/wp-content\/uploads\/sites\/2\/mcx\/2023-6\/Fb-1-300x132.png 300w, https:\/\/suomenrehtorit.fi\/web\/wp-content\/uploads\/sites\/2\/mcx\/2023-6\/Fb-1-768x337.png 768w, https:\/\/suomenrehtorit.fi\/web\/wp-content\/uploads\/sites\/2\/mcx\/2023-6\/Fb-1-252x111.png 252w, https:\/\/suomenrehtorit.fi\/web\/wp-content\/uploads\/sites\/2\/mcx\/2023-6\/Fb-1-522x229.png 522w, https:\/\/suomenrehtorit.fi\/web\/wp-content\/uploads\/sites\/2\/mcx\/2023-6\/Fb-1-792x348.png 792w, https:\/\/suomenrehtorit.fi\/web\/wp-content\/uploads\/sites\/2\/mcx\/2023-6\/Fb-1-1062x466.png 1062w, https:\/\/suomenrehtorit.fi\/web\/wp-content\/uploads\/sites\/2\/mcx\/2023-6\/Fb-1-1536x674.png 1536w, https:\/\/suomenrehtorit.fi\/web\/wp-content\/uploads\/sites\/2\/mcx\/2023-6\/Fb-1.png 1640w\" sizes=\"auto, (max-width: 980px) 100vw, 980px\" \/><\/p>\n<p>&nbsp;<\/p>\n","protected":false},"excerpt":{"rendered":"<p>Puheenjohtajan palsta Varautuminen haastaa oppilaitosjohtajia Syyslukukauden viimeisi\u00e4 viikkoja on vietetty talvisessa s\u00e4\u00e4ss\u00e4 kautta Suomen maan. Viimeist\u00e4\u00e4n ensimm\u00e4iset lumimyr\u00e4k\u00e4t ja pakkaset ovat konkretisoineet uuden kest\u00e4vyytt\u00e4mme koettelevan haasteen. Ven\u00e4j\u00e4n hy\u00f6kk\u00e4yssota ja sen lukuisat seurannaisvaikutukset vaativat meit\u00e4 varautumaan niin s\u00e4hk\u00f6katkoihin kuin muihin h\u00e4iri\u00f6ihin, jopa h\u00e4irint\u00e4\u00e4n monissa yhteiskunnan perustoiminnoissa. Tilanne on rehtoreille haastava. Suunnitelmien tekeminen ja vastuu oppilaitoksen toiminnasta &#8230; <a title=\"J\u00e4senkirje 11\/2022\" class=\"read-more\" href=\"https:\/\/suomenrehtorit.fi\/web\/2022\/12\/15\/jasenkirje-11-2022\/\" aria-label=\"Lue lis\u00e4\u00e4 aiheesta J\u00e4senkirje 11\/2022\">Lue lis\u00e4\u00e4<\/a><\/p>\n","protected":false},"author":3,"featured_media":1164,"comment_status":"closed","ping_status":"closed","sticky":false,"template":"","format":"standard","meta":{"_uag_custom_page_level_css":"","footnotes":""},"categories":[23,24],"tags":[],"class_list":["post-1163","post","type-post","status-publish","format-standard","has-post-thumbnail","hentry","category-jasenkirje","category-uutisarkisto"],"uagb_featured_image_src":{"full":["https:\/\/suomenrehtorit.fi\/web\/wp-content\/uploads\/sites\/2\/mcx\/2023-6\/Hyvaa-joulua-2023.jpg",520,360,false],"thumbnail":["https:\/\/suomenrehtorit.fi\/web\/wp-content\/uploads\/sites\/2\/mcx\/2023-6\/Hyvaa-joulua-2023-150x150.jpg",150,150,true],"medium":["https:\/\/suomenrehtorit.fi\/web\/wp-content\/uploads\/sites\/2\/mcx\/2023-6\/Hyvaa-joulua-2023-300x208.jpg",300,208,true],"medium_large":["https:\/\/suomenrehtorit.fi\/web\/wp-content\/uploads\/sites\/2\/mcx\/2023-6\/Hyvaa-joulua-2023.jpg",520,360,false],"large":["https:\/\/suomenrehtorit.fi\/web\/wp-content\/uploads\/sites\/2\/mcx\/2023-6\/Hyvaa-joulua-2023.jpg",520,360,false],"magazine-cw3":["https:\/\/suomenrehtorit.fi\/web\/wp-content\/uploads\/sites\/2\/mcx\/2023-6\/Hyvaa-joulua-2023-252x174.jpg",252,174,true],"magazine-cw6":["https:\/\/suomenrehtorit.fi\/web\/wp-content\/uploads\/sites\/2\/mcx\/2023-6\/Hyvaa-joulua-2023.jpg",520,360,false],"magazine-cw9":["https:\/\/suomenrehtorit.fi\/web\/wp-content\/uploads\/sites\/2\/mcx\/2023-6\/Hyvaa-joulua-2023.jpg",520,360,false],"magazine-cw12":["https:\/\/suomenrehtorit.fi\/web\/wp-content\/uploads\/sites\/2\/mcx\/2023-6\/Hyvaa-joulua-2023.jpg",520,360,false],"magazine-thumb":["https:\/\/suomenrehtorit.fi\/web\/wp-content\/uploads\/sites\/2\/mcx\/2023-6\/Hyvaa-joulua-2023-72x72.jpg",72,72,true],"magazine-toc":["https:\/\/suomenrehtorit.fi\/web\/wp-content\/uploads\/sites\/2\/mcx\/2023-6\/Hyvaa-joulua-2023-126x126.jpg",126,126,true],"1536x1536":["https:\/\/suomenrehtorit.fi\/web\/wp-content\/uploads\/sites\/2\/mcx\/2023-6\/Hyvaa-joulua-2023.jpg",520,360,false],"2048x2048":["https:\/\/suomenrehtorit.fi\/web\/wp-content\/uploads\/sites\/2\/mcx\/2023-6\/Hyvaa-joulua-2023.jpg",520,360,false],"gform-image-choice-sm":["https:\/\/suomenrehtorit.fi\/web\/wp-content\/uploads\/sites\/2\/mcx\/2023-6\/Hyvaa-joulua-2023.jpg",300,208,false],"gform-image-choice-md":["https:\/\/suomenrehtorit.fi\/web\/wp-content\/uploads\/sites\/2\/mcx\/2023-6\/Hyvaa-joulua-2023.jpg",400,277,false],"gform-image-choice-lg":["https:\/\/suomenrehtorit.fi\/web\/wp-content\/uploads\/sites\/2\/mcx\/2023-6\/Hyvaa-joulua-2023.jpg",520,360,false]},"uagb_author_info":{"display_name":"Admin","author_link":"https:\/\/suomenrehtorit.fi\/web\/author\/toni-lehtinen\/"},"uagb_comment_info":0,"uagb_excerpt":"Puheenjohtajan palsta Varautuminen haastaa oppilaitosjohtajia Syyslukukauden viimeisi\u00e4 viikkoja on vietetty talvisessa s\u00e4\u00e4ss\u00e4 kautta Suomen maan. Viimeist\u00e4\u00e4n ensimm\u00e4iset lumimyr\u00e4k\u00e4t ja pakkaset ovat konkretisoineet uuden kest\u00e4vyytt\u00e4mme koettelevan haasteen. Ven\u00e4j\u00e4n hy\u00f6kk\u00e4yssota ja sen lukuisat seurannaisvaikutukset vaativat meit\u00e4 varautumaan niin s\u00e4hk\u00f6katkoihin kuin muihin h\u00e4iri\u00f6ihin, jopa h\u00e4irint\u00e4\u00e4n monissa yhteiskunnan perustoiminnoissa. Tilanne on rehtoreille haastava. Suunnitelmien tekeminen ja vastuu oppilaitoksen toiminnasta&hellip;","_links":{"self":[{"href":"https:\/\/suomenrehtorit.fi\/web\/wp-json\/wp\/v2\/posts\/1163","targetHints":{"allow":["GET"]}}],"collection":[{"href":"https:\/\/suomenrehtorit.fi\/web\/wp-json\/wp\/v2\/posts"}],"about":[{"href":"https:\/\/suomenrehtorit.fi\/web\/wp-json\/wp\/v2\/types\/post"}],"author":[{"embeddable":true,"href":"https:\/\/suomenrehtorit.fi\/web\/wp-json\/wp\/v2\/users\/3"}],"replies":[{"embeddable":true,"href":"https:\/\/suomenrehtorit.fi\/web\/wp-json\/wp\/v2\/comments?post=1163"}],"version-history":[{"count":1,"href":"https:\/\/suomenrehtorit.fi\/web\/wp-json\/wp\/v2\/posts\/1163\/revisions"}],"predecessor-version":[{"id":1775,"href":"https:\/\/suomenrehtorit.fi\/web\/wp-json\/wp\/v2\/posts\/1163\/revisions\/1775"}],"wp:featuredmedia":[{"embeddable":true,"href":"https:\/\/suomenrehtorit.fi\/web\/wp-json\/wp\/v2\/media\/1164"}],"wp:attachment":[{"href":"https:\/\/suomenrehtorit.fi\/web\/wp-json\/wp\/v2\/media?parent=1163"}],"wp:term":[{"taxonomy":"category","embeddable":true,"href":"https:\/\/suomenrehtorit.fi\/web\/wp-json\/wp\/v2\/categories?post=1163"},{"taxonomy":"post_tag","embeddable":true,"href":"https:\/\/suomenrehtorit.fi\/web\/wp-json\/wp\/v2\/tags?post=1163"}],"curies":[{"name":"wp","href":"https:\/\/api.w.org\/{rel}","templated":true}]}}