{"id":1207,"date":"2019-04-15T10:23:37","date_gmt":"2019-04-15T10:23:37","guid":{"rendered":"https:\/\/suomenrehtorit.fi\/web\/?p=1207"},"modified":"2023-08-07T06:47:13","modified_gmt":"2023-08-07T06:47:13","slug":"jasenkirje-4-2019","status":"publish","type":"post","link":"https:\/\/suomenrehtorit.fi\/web\/2019\/04\/15\/jasenkirje-4-2019\/","title":{"rendered":"J\u00e4senkirje 4\/2019"},"content":{"rendered":"<h1>Puheenjohtajalta<\/h1>\n<figure id=\"attachment_3740\" aria-describedby=\"caption-attachment-3740\" style=\"width: 221px\" class=\"wp-caption alignnone\"><img loading=\"lazy\" decoding=\"async\" class=\"size-medium wp-image-762\" src=\"https:\/\/suomenrehtorit.fi\/web\/wp-content\/uploads\/sites\/2\/mcx\/2023-6\/Antti-uusin-231x300.jpg\" alt=\"\" width=\"231\" height=\"300\" srcset=\"https:\/\/suomenrehtorit.fi\/web\/wp-content\/uploads\/sites\/2\/mcx\/2023-6\/Antti-uusin-231x300.jpg 231w, https:\/\/suomenrehtorit.fi\/web\/wp-content\/uploads\/sites\/2\/mcx\/2023-6\/Antti-uusin-788x1024.jpg 788w, https:\/\/suomenrehtorit.fi\/web\/wp-content\/uploads\/sites\/2\/mcx\/2023-6\/Antti-uusin-768x999.jpg 768w, https:\/\/suomenrehtorit.fi\/web\/wp-content\/uploads\/sites\/2\/mcx\/2023-6\/Antti-uusin-252x328.jpg 252w, https:\/\/suomenrehtorit.fi\/web\/wp-content\/uploads\/sites\/2\/mcx\/2023-6\/Antti-uusin-522x679.jpg 522w, https:\/\/suomenrehtorit.fi\/web\/wp-content\/uploads\/sites\/2\/mcx\/2023-6\/Antti-uusin-792x1030.jpg 792w, https:\/\/suomenrehtorit.fi\/web\/wp-content\/uploads\/sites\/2\/mcx\/2023-6\/Antti-uusin.jpg 866w\" sizes=\"auto, (max-width: 231px) 100vw, 231px\" \/><figcaption id=\"caption-attachment-3740\" class=\"wp-caption-text\">Antti Ikonen<br \/>pj Suomen Rehtorit<br \/>twitter: @AnttiIkonen<\/figcaption><\/figure>\n<h1>Vahvistusta esimiesten alueellisen edunvalvontaty\u00f6h\u00f6n<\/h1>\n<p style=\"text-align: justify;\">Olemme juuri saaneet tiedon, jonka mukaan helmikuun lopussa esimiesj\u00e4rjest\u00f6jen SURE:n, Opsia:n sek\u00e4 KEA:n sek\u00e4 n\u00e4iden lis\u00e4ksi LTOL:n esimiesten yhteisaloite alueellisen esimiesty\u00f6n vahvistamisesta on OAJ:n hallituksen yksimielisesti hyv\u00e4ksym\u00e4. OAJ:n hallitus hyv\u00e4ksyi puheenjohtajistonsa yksimielisen esityksen mukaisesti aloitteemme sellaisenaan pohjaksi kokeilulle vuoden 2021 loppuun saakka. Esityksen my\u00f6t\u00e4mielinen k\u00e4sittely oli pitk\u00e4n ja huolellisen pohjaty\u00f6n ansiosta lopulta nopea prosessi. Tapahtumaa voi pit\u00e4\u00e4 eritt\u00e4in merkitt\u00e4v\u00e4n\u00e4 k\u00e4\u00e4nteen\u00e4 OAJ:n esimiesj\u00e4senien asioiden edist\u00e4misess\u00e4. Esimiesty\u00f6n erityispiirteet sek\u00e4 esimiesten omaan ty\u00f6suhteeseen liittyv\u00e4t kysymykset paikallisella tasolla ovat olleet pitk\u00e4\u00e4n tiedossa ollut kehitt\u00e4miskohde. Koska p\u00e4\u00e4t\u00f6s on uunituore, ei kokeilun toimeenpanosta ole enn\u00e4tetty viel\u00e4 k\u00e4yd\u00e4 yksityiskohtaisempia keskusteluja. J\u00e4rjest\u00f6mme jatkaa aktiivista ty\u00f6t\u00e4\u00e4n mallien kehittelyss\u00e4 yhteisty\u00f6ss\u00e4 muiden aloitteentekij\u00f6iden ja erityisesti OAJ:n kansallisten ja paikallisten toimijoiden kanssa. Aloite on kokonaisuudessaan luettavissa SURE:n kotisivuilta oheisen linkin kautta\u00a0<a href=\"https:\/\/suomenrehtorit.fi\/web\/2019\/03\/15\/esimiesten-alueellisen-edunvalvonnan-kehittaminen\/\" target=\"_blank\" rel=\"noopener\">Aloite esimiesten alueellisen edunvalvonnan kehitt\u00e4minen<\/a><\/p>\n<p><img loading=\"lazy\" decoding=\"async\" class=\"alignnone size-medium wp-image-764\" src=\"https:\/\/suomenrehtorit.fi\/web\/wp-content\/uploads\/sites\/2\/mcx\/2023-6\/fist-pump-300x205.jpg\" alt=\"\" width=\"300\" height=\"205\" srcset=\"https:\/\/suomenrehtorit.fi\/web\/wp-content\/uploads\/sites\/2\/mcx\/2023-6\/fist-pump-300x205.jpg 300w, https:\/\/suomenrehtorit.fi\/web\/wp-content\/uploads\/sites\/2\/mcx\/2023-6\/fist-pump-252x172.jpg 252w, https:\/\/suomenrehtorit.fi\/web\/wp-content\/uploads\/sites\/2\/mcx\/2023-6\/fist-pump.jpg 498w\" sizes=\"auto, (max-width: 300px) 100vw, 300px\" \/><\/p>\n<h1>Koulun moottori kuormittuu mutta kest\u00e4\u00e4<\/h1>\n<p style=\"text-align: justify;\">Viime syksyn\u00e4 Pro Rexin k\u00e4ynnistyess\u00e4 kasvatustieteen opiskelija Anne Kinos-J\u00e4rvinen aloitti ison esimiesten hyvinvointitutkimusta pilotoivan gradunsa haastatteluaineiston ker\u00e4\u00e4misen. Annen gradu on parhaillaan tarkastettavana, mutta siit\u00e4 tehty blogi on ollut hetken aikaa Helsingin yliopiston sivuilla luettavissa <a href=\"https:\/\/blogs.helsinki.fi\/graduparaati\/2019\/04\/01\/rehtorin-hetki\/\" target=\"_blank\" rel=\"noopener\">https:\/\/blogs.helsinki.fi\/graduparaati\/2019\/04\/01\/rehtorin-hetki\/<\/a>. Haastatteluaineiston perusteella tutkimus toi esiin sek\u00e4 merkitt\u00e4vi\u00e4 ty\u00f6n kuormittumistekij\u00f6it\u00e4 mutta toisaalta my\u00f6s ty\u00f6tyytyv\u00e4isyytt\u00e4 edist\u00e4v\u00e4t tekij\u00f6it\u00e4. Tutkimuksen mukaan kuormittumista aiheuttaa keskijohdon ja hallinnon tukipalveluiden puute, jotka osaltaan ovat osatekij\u00f6it\u00e4 tavattoman laajaan ja pirstaloituneeseen ty\u00f6nkuvaan. Suurena vahvuutena on kuitenkin iso autonomia ja mahdollisuus tehd\u00e4 merkitykselliseksi koettua ty\u00f6t\u00e4 ihmisten parissa. Inhimillinen vuorovaikutus on sek\u00e4 ty\u00f6n rikkaus, mutta toisaalta sen suuri m\u00e4\u00e4r\u00e4 my\u00f6s merkitt\u00e4v\u00e4 haaste. Vaikka t\u00e4m\u00e4 tutkimus oli ensisijaisesti laadullinen, tutkijan huomion her\u00e4tti uniongelmien paljous. Haastatelluista puolet tunnistivat ty\u00f6n kuormituksen aiheuttamia y\u00f6uneen liittyvi\u00e4 ongelmia siin\u00e4 m\u00e4\u00e4rin, ett\u00e4 Kinos-J\u00e4rvinen p\u00e4\u00e4tyi ehdottomaan aamuy\u00f6n kello 03 uudelleen nime\u00e4misen rehtorin hetkeksi. Annen ty\u00f6 esimiestutkimuksen merkeiss\u00e4 jatkuu viel\u00e4 loppukev\u00e4\u00e4n ajan fysiologisten mittausten ker\u00e4\u00e4misen merkeiss\u00e4.<\/p>\n<p><img loading=\"lazy\" decoding=\"async\" class=\"alignnone size-medium wp-image-1209\" src=\"https:\/\/suomenrehtorit.fi\/web\/wp-content\/uploads\/sites\/2\/mcx\/2023-6\/kello-300x184.jpg\" alt=\"\" width=\"300\" height=\"184\" srcset=\"https:\/\/suomenrehtorit.fi\/web\/wp-content\/uploads\/sites\/2\/mcx\/2023-6\/kello-300x184.jpg 300w, https:\/\/suomenrehtorit.fi\/web\/wp-content\/uploads\/sites\/2\/mcx\/2023-6\/kello-768x472.jpg 768w, https:\/\/suomenrehtorit.fi\/web\/wp-content\/uploads\/sites\/2\/mcx\/2023-6\/kello-252x155.jpg 252w, https:\/\/suomenrehtorit.fi\/web\/wp-content\/uploads\/sites\/2\/mcx\/2023-6\/kello-522x321.jpg 522w, https:\/\/suomenrehtorit.fi\/web\/wp-content\/uploads\/sites\/2\/mcx\/2023-6\/kello-792x487.jpg 792w, https:\/\/suomenrehtorit.fi\/web\/wp-content\/uploads\/sites\/2\/mcx\/2023-6\/kello.jpg 960w\" sizes=\"auto, (max-width: 300px) 100vw, 300px\" \/><\/p>\n<h1>Opetushallitus SURE:n kumppaniksi esimiestutkimuksen toteuttamisessa<\/h1>\n<p style=\"text-align: justify;\">Pitk\u00e4\u00e4n valmisteltu esimiesten ty\u00f6hyvinvointitutkimus on k\u00e4ynnistym\u00e4ss\u00e4 n\u00e4ill\u00e4 hetkill\u00e4. K\u00e4vimme tutkimuksen t\u00e4rkeydest\u00e4 keskustelua my\u00f6s Opetushallituksen kanssa. Ilomme on nyt kertoa, ett\u00e4 asia her\u00e4tt\u00e4\u00e4 suurta kiinnostusta my\u00f6s koulutuksen keskusvirastossa. Olemme saaneet kyselymme toteuttamiseen tuen Opetushallitukselta ja p\u00e4\u00e4johtaja Olli-Pekka Heinoselta, joka allekirjoittaa my\u00f6s kysely\u00e4 seuraavan saatekirjeen ja esitt\u00e4\u00e4 toiveen mahdollisimman laajalla joukolla vastaamisesta. Opetushallituksen kautta kysely tavoittaa kerralla kaikki maamme yleissivist\u00e4v\u00e4t koulut ja niiden rehtorit. Kysely tullaan luonnollisesti jakamaan suoraan my\u00f6s SURE:n j\u00e4senrekisteriin merkityille j\u00e4senille, mutta sit\u00e4 jaetaan my\u00f6s OAJ:n verkostojen kautta. N\u00e4in kysely tullee suurelle osalle j\u00e4seni\u00e4mme pariinkin kertaan, jolle on t\u00e4m\u00e4 selityksens\u00e4 olemassa. Mahdolliset toistona tulevat l\u00e4hetykset voi huoletta h\u00e4vitt\u00e4\u00e4. Sen sijaan erityisen t\u00e4rke\u00e4\u00e4 on, ett\u00e4 rehtori v\u00e4litt\u00e4\u00e4 kyselyn omalla koulullaan eteenp\u00e4in koulun apulaisrehtorille\/apulaisjohtajalle\/vararehtorille, sill\u00e4 omia nykyisi\u00e4 j\u00e4seni\u00e4mme lukuun ottamatta t\u00e4t\u00e4 joukkoa kysely ei muulla tavoin tavoita.<\/p>\n<p><img loading=\"lazy\" decoding=\"async\" class=\"alignnone size-medium wp-image-1210\" src=\"https:\/\/suomenrehtorit.fi\/web\/wp-content\/uploads\/sites\/2\/mcx\/2023-6\/opheinonen-246x300.jpg\" alt=\"\" width=\"246\" height=\"300\" srcset=\"https:\/\/suomenrehtorit.fi\/web\/wp-content\/uploads\/sites\/2\/mcx\/2023-6\/opheinonen-246x300.jpg 246w, https:\/\/suomenrehtorit.fi\/web\/wp-content\/uploads\/sites\/2\/mcx\/2023-6\/opheinonen-840x1024.jpg 840w, https:\/\/suomenrehtorit.fi\/web\/wp-content\/uploads\/sites\/2\/mcx\/2023-6\/opheinonen-768x937.jpg 768w, https:\/\/suomenrehtorit.fi\/web\/wp-content\/uploads\/sites\/2\/mcx\/2023-6\/opheinonen-252x307.jpg 252w, https:\/\/suomenrehtorit.fi\/web\/wp-content\/uploads\/sites\/2\/mcx\/2023-6\/opheinonen-522x637.jpg 522w, https:\/\/suomenrehtorit.fi\/web\/wp-content\/uploads\/sites\/2\/mcx\/2023-6\/opheinonen-792x966.jpg 792w, https:\/\/suomenrehtorit.fi\/web\/wp-content\/uploads\/sites\/2\/mcx\/2023-6\/opheinonen.jpg 924w\" sizes=\"auto, (max-width: 246px) 100vw, 246px\" \/><\/p>\n<h1>Tapaaminen lukiolaisten liiton kanssa<\/h1>\n<p style=\"text-align: justify;\">Suomen Lukiolaisten liiton ja SURE:n edustuston hiljattaisessa yhteisty\u00f6tapaamisessa k\u00e4ytiin hyv\u00e4\u00e4 ja rakentavaa keskustelua yhteisist\u00e4 tavoitteista. Opiskelijaj\u00e4rjest\u00f6ss\u00e4 on luonnollisesti tervehditty ilolla lukiokoulutuksen p\u00e4ivitetty\u00e4 normiohjausta ja mm. tuen j\u00e4rjest\u00e4miseen ja opintojen ohjaukseen tehtyihin panostuksiin. My\u00f6s k\u00e4ynniss\u00e4 oleva lukion opetussuunnitelmauudistus saattaa t\u00e4rke\u00e4ll\u00e4 tavalla rakentavaan vuoropuheluun koulujen v\u00e4en ja lukioiden opiskelijat niin kansallisella kuin paikallisella tasolla. SURE:n suunnasta avattiin lukiolaisten j\u00e4rjest\u00f6lle k\u00e4ynnistym\u00e4ss\u00e4 olevaa esimiesten ty\u00f6hyvinvoinnin selvitt\u00e4misohjelmaa. Jaettu n\u00e4ky kummallakin toimijalla on siit\u00e4, ett\u00e4 henkil\u00f6kunnan ja opiskelijakunnan hyvinvointi kulkevat hyvin pitk\u00e4lti k\u00e4si k\u00e4dess\u00e4 ja t\u00e4m\u00e4 hyvinvoinnin kokonaisuus vaikuttaa ratkaisevalla tavalla my\u00f6s oppimiseen ja menestykseen lukio-opinnoissa. K\u00e4vimme my\u00f6s t\u00e4rke\u00e4\u00e4 keskustelua ajankohtaisesta ilmastokysymyksest\u00e4, joka on meid\u00e4n kaikkien yhteinen huolenaihe. Kansalaisaktiivisuuden, osallisuuden ja my\u00f6s vaikuttamismahdollisuuksien edist\u00e4minen on tavattoman t\u00e4rke\u00e4\u00e4 ilmastokysymysten kaltaisissa globaaleissa kysymyksiss\u00e4. J\u00e4imme ajatuksiin palata yhteiseen keskusteluun ja my\u00f6s yhteisiin suunnitelmiin siit\u00e4, mill\u00e4 tavoin pystymme parhaiten yhdess\u00e4 edist\u00e4m\u00e4\u00e4n toimillamme my\u00f6s ilmastokysymysten kaltaisissa kysymyksiss\u00e4 parempaa asioiden tilaa.<\/p>\n<p><img loading=\"lazy\" decoding=\"async\" class=\"alignnone size-medium wp-image-1211\" src=\"https:\/\/suomenrehtorit.fi\/web\/wp-content\/uploads\/sites\/2\/mcx\/2023-6\/tapaaminen-sll-300x225.jpg\" alt=\"\" width=\"300\" height=\"225\" srcset=\"https:\/\/suomenrehtorit.fi\/web\/wp-content\/uploads\/sites\/2\/mcx\/2023-6\/tapaaminen-sll-300x225.jpg 300w, https:\/\/suomenrehtorit.fi\/web\/wp-content\/uploads\/sites\/2\/mcx\/2023-6\/tapaaminen-sll-1024x768.jpg 1024w, https:\/\/suomenrehtorit.fi\/web\/wp-content\/uploads\/sites\/2\/mcx\/2023-6\/tapaaminen-sll-768x576.jpg 768w, https:\/\/suomenrehtorit.fi\/web\/wp-content\/uploads\/sites\/2\/mcx\/2023-6\/tapaaminen-sll-252x189.jpg 252w, https:\/\/suomenrehtorit.fi\/web\/wp-content\/uploads\/sites\/2\/mcx\/2023-6\/tapaaminen-sll-522x392.jpg 522w, https:\/\/suomenrehtorit.fi\/web\/wp-content\/uploads\/sites\/2\/mcx\/2023-6\/tapaaminen-sll-792x594.jpg 792w, https:\/\/suomenrehtorit.fi\/web\/wp-content\/uploads\/sites\/2\/mcx\/2023-6\/tapaaminen-sll-1062x797.jpg 1062w, https:\/\/suomenrehtorit.fi\/web\/wp-content\/uploads\/sites\/2\/mcx\/2023-6\/tapaaminen-sll.jpg 1473w\" sizes=\"auto, (max-width: 300px) 100vw, 300px\" \/><\/p>\n<h1>Vaalitulos edellytt\u00e4\u00e4 vahvaa panostusta koulutukseen!<\/h1>\n<p style=\"text-align: justify;\">Kev\u00e4\u00e4n eduskuntavaalien tulos on nyt selvill\u00e4 ja edess\u00e4 on pian k\u00e4ynnistyv\u00e4t hallitustunnustelut. Koulutuksen ja eritysesti oppilaitosjohtamisen voimavarojen puolustaminen ovat t\u00e4rkeit\u00e4 SURE:n strategian mukaisia tavoitteita. Vaalimenestys suosi useaa puoluetta, jotka vaaliohjelmissaan ovat tehneet koulutuksen rahoitusaseman parantamiseen liittyvi\u00e4 lupauksia. Koulutukseen liittyv\u00e4t kysymykset nousivat odotetun vaihtelevasti esiin vaalikeskusteluissa, mutta hallitusohjelman rakentamisessa koulutuspolitiikkaohjelma on joka tapauksessa yksi t\u00e4rkeist\u00e4 sovittavista vaalikauden linjauksista. Riippumatta siit\u00e4, millainen hallituskoalitio maahan lopulta syntyy, on edess\u00e4 t\u00e4rke\u00e4 vaihe vaikuttaa ja varmistaa, miten vaalien alla k\u00e4ydyt keskustelut tulevat n\u00e4kym\u00e4\u00e4n lopullisessa hallitusohjelmassa. Edess\u00e4 on siis monella tapaa mielenkiintoinen kev\u00e4t my\u00f6s koulutuspolitiikan saralla!<\/p>\n<p><img loading=\"lazy\" decoding=\"async\" class=\"alignnone size-medium wp-image-1212\" src=\"https:\/\/suomenrehtorit.fi\/web\/wp-content\/uploads\/sites\/2\/mcx\/2023-6\/vaalit-300x225.jpg\" alt=\"\" width=\"300\" height=\"225\" srcset=\"https:\/\/suomenrehtorit.fi\/web\/wp-content\/uploads\/sites\/2\/mcx\/2023-6\/vaalit-300x225.jpg 300w, https:\/\/suomenrehtorit.fi\/web\/wp-content\/uploads\/sites\/2\/mcx\/2023-6\/vaalit-1024x768.jpg 1024w, https:\/\/suomenrehtorit.fi\/web\/wp-content\/uploads\/sites\/2\/mcx\/2023-6\/vaalit-768x576.jpg 768w, https:\/\/suomenrehtorit.fi\/web\/wp-content\/uploads\/sites\/2\/mcx\/2023-6\/vaalit-252x189.jpg 252w, https:\/\/suomenrehtorit.fi\/web\/wp-content\/uploads\/sites\/2\/mcx\/2023-6\/vaalit-522x392.jpg 522w, https:\/\/suomenrehtorit.fi\/web\/wp-content\/uploads\/sites\/2\/mcx\/2023-6\/vaalit-792x594.jpg 792w, https:\/\/suomenrehtorit.fi\/web\/wp-content\/uploads\/sites\/2\/mcx\/2023-6\/vaalit-1062x797.jpg 1062w, https:\/\/suomenrehtorit.fi\/web\/wp-content\/uploads\/sites\/2\/mcx\/2023-6\/vaalit.jpg 1205w\" sizes=\"auto, (max-width: 300px) 100vw, 300px\" \/><\/p>\n<p>Toivotan hyv\u00e4\u00e4 ja virkist\u00e4v\u00e4\u00e4 l\u00e4hestyv\u00e4\u00e4 p\u00e4\u00e4si\u00e4isen aikaa kaikille j\u00e4senillemme<\/p>\n<p>Antti Ikonen<br \/>\npj Suomen Rehtorit<br \/>\ntwitter: @AnttiIkonen<\/p>\n<p><img loading=\"lazy\" decoding=\"async\" class=\"alignnone size-medium wp-image-1213\" src=\"https:\/\/suomenrehtorit.fi\/web\/wp-content\/uploads\/sites\/2\/mcx\/2023-6\/Apujuniori-232x300.jpg\" alt=\"\" width=\"232\" height=\"300\" srcset=\"https:\/\/suomenrehtorit.fi\/web\/wp-content\/uploads\/sites\/2\/mcx\/2023-6\/Apujuniori-232x300.jpg 232w, https:\/\/suomenrehtorit.fi\/web\/wp-content\/uploads\/sites\/2\/mcx\/2023-6\/Apujuniori-793x1024.jpg 793w, https:\/\/suomenrehtorit.fi\/web\/wp-content\/uploads\/sites\/2\/mcx\/2023-6\/Apujuniori-768x992.jpg 768w, https:\/\/suomenrehtorit.fi\/web\/wp-content\/uploads\/sites\/2\/mcx\/2023-6\/Apujuniori-252x325.jpg 252w, https:\/\/suomenrehtorit.fi\/web\/wp-content\/uploads\/sites\/2\/mcx\/2023-6\/Apujuniori-522x674.jpg 522w, https:\/\/suomenrehtorit.fi\/web\/wp-content\/uploads\/sites\/2\/mcx\/2023-6\/Apujuniori-792x1023.jpg 792w, https:\/\/suomenrehtorit.fi\/web\/wp-content\/uploads\/sites\/2\/mcx\/2023-6\/Apujuniori-1062x1371.jpg 1062w, https:\/\/suomenrehtorit.fi\/web\/wp-content\/uploads\/sites\/2\/mcx\/2023-6\/Apujuniori-1190x1536.jpg 1190w, https:\/\/suomenrehtorit.fi\/web\/wp-content\/uploads\/sites\/2\/mcx\/2023-6\/Apujuniori.jpg 1281w\" sizes=\"auto, (max-width: 232px) 100vw, 232px\" \/><\/p>\n<h2>Apu Juniori \u2013 lukutaidon puolesta<\/h2>\n<p style=\"text-align: justify;\">Hyv\u00e4 vastaanottaja, haluamme vaalia suomalaisten lasten lukutaitoa ja houkutella heit\u00e4 laadukkaan journalismin pariin. Siksi pyyd\u00e4mme lupaanne l\u00e4hett\u00e4\u00e4 koulullenne Apu Juniorin esitteit\u00e4 kotiin viet\u00e4v\u00e4ksi. Kiitokseksi yhteisty\u00f6st\u00e4 saatte lukuvuodeksi 2019-2020 opettajainhuoneeseen Apu Juniorin sek\u00e4 toisen vapaavalintaisen lehden A-lehtien valikoimasta.<\/p>\n<p style=\"text-align: justify;\">Apu Juniori kannustaa itsen\u00e4iseen ajatteluun ja tukee lapsen kasvua ajattelevaksi aikuiseksi. Lehti auttaa parantamaan koulumenestyst\u00e4 kasvattamalla yleissivistyst\u00e4 ja taustoittamalla uutisia ja ilmi\u00f6it\u00e4. Apu Juniori on suunniteltu my\u00f6s opettajien ty\u00f6n tueksi, sill\u00e4 opetussuunnitelmassa linjataan, ett\u00e4 opettajien tulisi k\u00e4sitell\u00e4 lasten kanssa ajankohtaisia uutisia ja tapahtumia.<\/p>\n<h3><strong><a href=\"https:\/\/lue.apu.fi\/apujuniori_esitteet\" target=\"_blank\" rel=\"noopener\">Voit tilata esitteet koululle t\u00e4st\u00e4<\/a> \u00a0<\/strong><br \/>\n<strong> Tilaa esitteet 30.4.2019 menness\u00e4.<\/strong><\/h3>\n<p>&nbsp;<\/p>\n<p><img loading=\"lazy\" decoding=\"async\" class=\"alignnone size-medium wp-image-1214\" src=\"https:\/\/suomenrehtorit.fi\/web\/wp-content\/uploads\/sites\/2\/mcx\/2023-6\/JULISTE_Kodin-ja-Koulun-Paiva-2019-212x300.jpg\" alt=\"\" width=\"212\" height=\"300\" srcset=\"https:\/\/suomenrehtorit.fi\/web\/wp-content\/uploads\/sites\/2\/mcx\/2023-6\/JULISTE_Kodin-ja-Koulun-Paiva-2019-212x300.jpg 212w, https:\/\/suomenrehtorit.fi\/web\/wp-content\/uploads\/sites\/2\/mcx\/2023-6\/JULISTE_Kodin-ja-Koulun-Paiva-2019-722x1024.jpg 722w, https:\/\/suomenrehtorit.fi\/web\/wp-content\/uploads\/sites\/2\/mcx\/2023-6\/JULISTE_Kodin-ja-Koulun-Paiva-2019-768x1088.jpg 768w, https:\/\/suomenrehtorit.fi\/web\/wp-content\/uploads\/sites\/2\/mcx\/2023-6\/JULISTE_Kodin-ja-Koulun-Paiva-2019-252x357.jpg 252w, https:\/\/suomenrehtorit.fi\/web\/wp-content\/uploads\/sites\/2\/mcx\/2023-6\/JULISTE_Kodin-ja-Koulun-Paiva-2019-522x740.jpg 522w, https:\/\/suomenrehtorit.fi\/web\/wp-content\/uploads\/sites\/2\/mcx\/2023-6\/JULISTE_Kodin-ja-Koulun-Paiva-2019-792x1123.jpg 792w, https:\/\/suomenrehtorit.fi\/web\/wp-content\/uploads\/sites\/2\/mcx\/2023-6\/JULISTE_Kodin-ja-Koulun-Paiva-2019-1062x1505.jpg 1062w, https:\/\/suomenrehtorit.fi\/web\/wp-content\/uploads\/sites\/2\/mcx\/2023-6\/JULISTE_Kodin-ja-Koulun-Paiva-2019-1084x1536.jpg 1084w, https:\/\/suomenrehtorit.fi\/web\/wp-content\/uploads\/sites\/2\/mcx\/2023-6\/JULISTE_Kodin-ja-Koulun-Paiva-2019.jpg 1167w\" sizes=\"auto, (max-width: 212px) 100vw, 212px\" \/><\/p>\n<h2>Koulusuunnistusta vanhemmille Kodin ja Koulun P\u00e4iv\u00e4n\u00e4?<\/h2>\n<p style=\"text-align: justify;\">Kotiv\u00e4en k\u00e4sitys nykykoulun arjesta saattaa yh\u00e4 n\u00e4ytt\u00e4yty\u00e4 suppeana ja jopa vanhanaikaisena. Vanhempien on helpompaa tukea lasta koulunk\u00e4ynniss\u00e4, kun he ovat tietoisia miten, mink\u00e4laisessa ymp\u00e4rist\u00f6ss\u00e4 ja kenen seurassa lapsi kouluarkeaan viett\u00e4\u00e4. My\u00f6s kodin ja koulun v\u00e4linen kommunikointi helpottuu, kun koulun kulttuuri tulee vanhemmille tutummaksi.<\/p>\n<p style=\"text-align: justify;\">Mit\u00e4p\u00e4 jos j\u00e4rjest\u00e4isitte kotiv\u00e4elle koulusuunnistuksen Kodin ja Koulun P\u00e4iv\u00e4n\u00e4? Oppilaat ja vanhempien edustajat voivat yhdess\u00e4 suunnitella ja toteuttaa teht\u00e4v\u00e4rastit ja laatia koteihin kutsut, joilla houkutellaan mahdollisimman monet vanhemmat mukaan leikkimieliseen tapahtumaan. N\u00e4ytet\u00e4\u00e4n vanhemmille, ett\u00e4 koulu on paljon muutakin, kuin pitk\u00e4t p\u00e4iv\u00e4t pulpettiriveiss\u00e4!<\/p>\n<p style=\"text-align: justify;\">Olethan jo ilmoittanut koulusi mukaan? <a href=\"http:\/\/www.kodinjakoulunpaiva.fi\" target=\"_blank\" rel=\"noopener\">www.kodinjakoulunpaiva.fi<\/a> tai <a href=\"http:\/\/www.hemochskola.fi\/dagen\" target=\"_blank\" rel=\"noopener\">www.hemochskola.fi\/dagen<\/a><\/p>\n<p><img loading=\"lazy\" decoding=\"async\" class=\"alignnone size-medium wp-image-1215\" src=\"https:\/\/suomenrehtorit.fi\/web\/wp-content\/uploads\/sites\/2\/mcx\/2023-6\/otava_ilolla-300x168.jpg\" alt=\"\" width=\"300\" height=\"168\" srcset=\"https:\/\/suomenrehtorit.fi\/web\/wp-content\/uploads\/sites\/2\/mcx\/2023-6\/otava_ilolla-300x168.jpg 300w, https:\/\/suomenrehtorit.fi\/web\/wp-content\/uploads\/sites\/2\/mcx\/2023-6\/otava_ilolla-768x429.jpg 768w, https:\/\/suomenrehtorit.fi\/web\/wp-content\/uploads\/sites\/2\/mcx\/2023-6\/otava_ilolla-252x141.jpg 252w, https:\/\/suomenrehtorit.fi\/web\/wp-content\/uploads\/sites\/2\/mcx\/2023-6\/otava_ilolla-522x291.jpg 522w, https:\/\/suomenrehtorit.fi\/web\/wp-content\/uploads\/sites\/2\/mcx\/2023-6\/otava_ilolla-792x442.jpg 792w, https:\/\/suomenrehtorit.fi\/web\/wp-content\/uploads\/sites\/2\/mcx\/2023-6\/otava_ilolla.jpg 933w\" sizes=\"auto, (max-width: 300px) 100vw, 300px\" \/><\/p>\n<h2>Yhteisopettajuuden pelikirja<\/h2>\n<p style=\"text-align: justify;\">Yhteisty\u00f6taidot ovat tulevaisuuden voimavara. Miten yhteisty\u00f6h\u00f6n perustuvan toimintakulttuurin johtamista voi tukea kouluissa?<\/p>\n<p style=\"text-align: justify;\">Otavan palvelutiimi rakentaa yhdess\u00e4 koulujen kanssa Yhteisopettajuuden pelikirjaa. Otava tukee koulua luomaan yhteisty\u00f6ns\u00e4 periaatteet ja toimintatavat osallistavin ja yhteis\u00f6llisin menetelmin. Ne kootaan koulun omaan Yhteisopettajuuden pelikirjaan. Yhteisen suunnitteluty\u00f6n lis\u00e4ksi pelikirjassa voidaan sopia oppimisen ohjauksen ja moniulotteisen arvioinnin pelis\u00e4\u00e4nn\u00f6ist\u00e4.<\/p>\n<p style=\"text-align: justify;\">Pelikirjassa sovitaan kuinka yhteis\u00f6llinen teknologia (O365, Google) otetaan k\u00e4ytt\u00f6\u00f6n oikealla ja mielekk\u00e4\u00e4ll\u00e4 tavalla. Vahvan toimintakulttuurin kehitt\u00e4minen edellytt\u00e4\u00e4 teknologian tehokasta hy\u00f6dynt\u00e4mist\u00e4. T\u00e4m\u00e4 helpottaa my\u00f6s resurssien hallintaa, sill\u00e4 tehokkaasti hy\u00f6dynnetty teknologia auttaa esimerkiksi yhteis\u00f6llisen suunnitteluty\u00f6n tekemist\u00e4 ajasta ja paikasta riippumatta.<\/p>\n<p style=\"text-align: justify;\">Yhdess\u00e4 rakennetun toimintakulttuurin jalkautus on helppoa ja l\u00e4pin\u00e4kyv\u00e4\u00e4 koko kouluyhteis\u00f6lle. Yhteisopettajuuden pelikirjassa sovitut toimintatavat tuovat oppijalle enemm\u00e4n tukea ja ohjausta, lis\u00e4\u00e4v\u00e4t oppijan osallisuutta ja ty\u00f6rauhaa sek\u00e4 takaavat todenmukaisemman arvioinnin ja palautteen. Yhdess\u00e4 tekeminen ja osaamisen jakaminen auttavat opettajia jaksamaan ja kasvattavat heid\u00e4n osaamistaan.<\/p>\n<p style=\"text-align: justify;\">Rakennetaan Yhteisopettajuuden pelikirja sinunkin koulullesi. Olethan yhteydess\u00e4!<\/p>\n<p>Markku Pelkonen<br \/>\nLiiketoimintajohtaja<br \/>\n+358503103078<br \/>\nmarkku.pelkonen@otava.fi<\/p>\n<p><a href=\"https:\/\/oppimisenpalvelut.otava.fi\/palvelut\" target=\"_blank\" rel=\"noopener\">https:\/\/oppimisenpalvelut.otava.fi\/palvelut<\/a><\/p>\n<p><em>Otava Oppimisen palvelut tekee yhteisty\u00f6t\u00e4 Suomen Rehtorit ry:n kanssa. Olemme yksi Pro Rexi 2019 -tapahtuman p\u00e4\u00e4yhteisty\u00f6kumppaneista.<\/em><\/p>\n<h2>Kirjatarjous j\u00e4senillemme PS-Kustannukselta<\/h2>\n<p>PS-Kustannus tarjoaa j\u00e4senillemme kahta aivotutkija Minna Huotilaisen kirjaa pakettitarjouksena.<br \/>\nKatso lis\u00e4\u00e4 <a href=\"https:\/\/www.opettajantietopalvelu.fi\/sure.html\" target=\"_blank\" rel=\"noopener\">https:\/\/www.opettajantietopalvelu.fi\/sure.html<\/a><\/p>\n<h2><img loading=\"lazy\" decoding=\"async\" class=\"alignnone size-medium wp-image-1216\" src=\"https:\/\/suomenrehtorit.fi\/web\/wp-content\/uploads\/sites\/2\/mcx\/2023-6\/MS-FINLANDIA-1200x628px--300x157.jpg\" alt=\"\" width=\"300\" height=\"157\" srcset=\"https:\/\/suomenrehtorit.fi\/web\/wp-content\/uploads\/sites\/2\/mcx\/2023-6\/MS-FINLANDIA-1200x628px--300x157.jpg 300w, https:\/\/suomenrehtorit.fi\/web\/wp-content\/uploads\/sites\/2\/mcx\/2023-6\/MS-FINLANDIA-1200x628px--252x132.jpg 252w, https:\/\/suomenrehtorit.fi\/web\/wp-content\/uploads\/sites\/2\/mcx\/2023-6\/MS-FINLANDIA-1200x628px--522x273.jpg 522w, https:\/\/suomenrehtorit.fi\/web\/wp-content\/uploads\/sites\/2\/mcx\/2023-6\/MS-FINLANDIA-1200x628px-.jpg 640w\" sizes=\"auto, (max-width: 300px) 100vw, 300px\" \/><\/h2>\n<h2>Uusi j\u00e4senetu Ecker\u00f6 Linelta<\/h2>\n<p>Ecker\u00f6 Line my\u00f6nt\u00e4\u00e4 Suomen Rehtorit ry j\u00e4senille 20 % alennuksen henkil\u00f6lippujen risteily- ja vapaavalintaisten reittimatkojen p\u00e4ivitt\u00e4isest\u00e4 verkkokauppahinnasta<br \/>\n(ajalla 1.7.-12.8.2019 alennus on -10%). Alennukset vain verkkokaupasta k\u00e4ytt\u00e4m\u00e4ll\u00e4 tuotekoodia JARJ19 varausvaiheessa.<\/p>\n<p>Voimassa oleva j\u00e4sen- \/henkil\u00f6kortti on varauduttava esitt\u00e4m\u00e4\u00e4n pyydett\u00e4ess\u00e4 lippujen lunastuksen yhteydess\u00e4. Etuhinnat koskevat SURE FIRE:n henkil\u00f6j\u00e4seni\u00e4, j\u00e4senj\u00e4rjest\u00f6jen ja -yhdistysten j\u00e4seni\u00e4, sek\u00e4 toimistojen henkil\u00f6kuntaa ett\u00e4 muita samalla varausnumerolla matkustavia. Alennuksia ei voida my\u00f6nt\u00e4\u00e4 j\u00e4lkik\u00e4teen eik\u00e4 niit\u00e4 voi yhdist\u00e4\u00e4 muihin alennuksiin tai tuotepaketteihin.<\/p>\n<p>Edut voimassa vuoden 2019 loppuun saakka.<br \/>\nVaraukset <a href=\"http:\/\/www.eckeroline.fi\/jasenedut\" target=\"_blank\" rel=\"noopener\">www.eckeroline.fi\/jasenedut<\/a><br \/>\nKokoustila sek\u00e4 bussipaikka varaukset ma-pe klo 0800-1900 puh 09 22 88\u00a0540 tai\u00a0ryhmat@eckeroline.fi<\/p>\n<h2>Opintovierailu Sveitsiss\u00e4 24.-26.9.2019<\/h2>\n<p>Sveitsin Erasmus+ -ohjelman kansallinen toimisto j\u00e4rjest\u00e4\u00e4 oppilaitosjohdolle suunnatun opintovierailun \u201cSharing good practice for high quality and satisfaction in schools\u201d Zugissa 24.-26.9.2019.<\/p>\n<p>Hakemukset j\u00e4tet\u00e4\u00e4n s\u00e4hk\u00f6isen hakuj\u00e4rjestelm\u00e4n kautta viimeist\u00e4\u00e4n 20.4.2019. Sveitsin kansallinen toimisto valitsee osallistujat ja tarjoaa osallistujille ohjelman lis\u00e4ksi kahden y\u00f6n majoituksen ja ruokailut. Matkakulut j\u00e4\u00e4v\u00e4t osallistujaorganisaation itsens\u00e4 maksettavaksi. Lis\u00e4tietoja antaa Sveitsin kansallinen toimisto: school.education@movetia.ch<\/p>\n<p><strong>\u201dSharing good practice for high quality and satisfaction in schools\u201d<\/strong><\/p>\n<p>European school leaders with the objective to learn more about school educational in Switzerland and to meet potential partners for joint projects are invited to attend this study visit in Zug. It takes place September 24-26, 2019 and takes place as part of the world education and leadership symposium in Zug.<\/p>\n<p>Programme<\/p>\n<p>24\/09\/2019: getting to know the Swiss educational system<br \/>\n25\/09\/2019: school visit in the canton of Zug + SwissDinner<br \/>\n26\/09\/2019: exchange of good practice and discussion of joint projects to tackle challenges in schools together<\/p>\n<p><strong>Conditions of participation<\/strong><\/p>\n<p>Movetia, the Swiss national agency for mobility and exchange, provides funding for participation. The attendance to selected seminars and activities at the symposium and accommodation for two nights (24.-26.9.) are free of charge. Breakfast and one additional meal per day are included.<\/p>\n<p>Applications for participation must be submitted online. A maximum of two participants can participate per country. The selection of participants will be made by Movetia.<\/p>\n<p>Venue: 6300 Zug (Switzerland)<br \/>\nConference language: English<br \/>\nApplication deadline: 20\/04\/2019<br \/>\nSelection of participants: early May 2019<br \/>\nContact: school.education@movetia.ch<\/p>\n<p>Online application: <a href=\"https:\/\/movetia.formtitan.com\/study-visit-school-leaders#\/\" target=\"_blank\" rel=\"noopener\">https:\/\/movetia.formtitan.com\/study-visit-school-leaders#\/<\/a><\/p>\n<p><img loading=\"lazy\" decoding=\"async\" class=\"alignnone size-medium wp-image-706\" src=\"https:\/\/suomenrehtorit.fi\/web\/wp-content\/uploads\/sites\/2\/mcx\/2023-6\/eduskunta-300x225.jpg\" alt=\"\" width=\"300\" height=\"225\" srcset=\"https:\/\/suomenrehtorit.fi\/web\/wp-content\/uploads\/sites\/2\/mcx\/2023-6\/eduskunta-300x225.jpg 300w, https:\/\/suomenrehtorit.fi\/web\/wp-content\/uploads\/sites\/2\/mcx\/2023-6\/eduskunta-252x189.jpg 252w, https:\/\/suomenrehtorit.fi\/web\/wp-content\/uploads\/sites\/2\/mcx\/2023-6\/eduskunta.jpg 453w\" sizes=\"auto, (max-width: 300px) 100vw, 300px\" \/><\/p>\n<h2>OPH:lta on tullut SURE:lle lausuntopyynt\u00f6 lukion opetussuunnitelman perusteiden luonnoksesta<\/h2>\n<p>Opetushallitus on k\u00e4ynnist\u00e4nyt elokuussa 2018 lukion opetussuunnitelman\u00a0perusteiden laadintaprosessin lukiolains\u00e4\u00e4d\u00e4nn\u00f6n uudistumisen my\u00f6t\u00e4.\u00a0Opetussuunnitelman perusteet laaditaan laajassa, osallistavassa yhteisty\u00f6ss\u00e4\u00a0lukiokoulutuksen arjen asiantuntijoiden, tutkimuksen edustajien ja keskeisten\u00a0sidosryhmien kanssa. Lukion opetussuunnitelman perusteet julkaistaan\u00a0marraskuussa 2019 ja niiden mukainen opetus alkaa elokuussa 2021. Perusteet\u00a0annetaan erikseen nuorille ja aikuisille tarkoitettuja lukiokoulutuksen oppim\u00e4\u00e4ri\u00e4\u00a0varten.<\/p>\n<p>Opetushallitus pyyt\u00e4\u00e4 Suomen Rehtorit ry:lt\u00e4 lausuntoa lukion\u00a0opetussuunnitelman perusteiden luonnoksesta. Perusteluonnos julkaistaan\u00a0suomenkielisen\u00e4 ja osin ruotsinkielisen\u00e4 versiona.<\/p>\n<p><strong>SURE on lausunut LOPS-perusteista ja <\/strong><a href=\"https:\/\/suomenrehtorit.fi\/web\/2019\/04\/15\/suomen-rehtorit-ryn-lausunto-luonnoksesta-lukion-opetussuunnitelman-perusteiksi\/\" target=\"_blank\" rel=\"noopener\"><strong>p\u00e4\u00e4set t\u00e4st\u00e4 lukemaan lausunnon<\/strong><\/a><\/p>\n<p>Lausuntoon on koottu useiden SURE:n asiantuntijoiden ajatuksia yhdist\u00e4en.<\/p>\n<p>Terveisin<br \/>\nVeli-Matti Hakanen<br \/>\nKoulutuspolitiikka ja asiantuntijuus salkun hoitaja<\/p>\n<h2>Suomen Rehtorit ry:n j\u00e4senmaksu<\/h2>\n<p>J\u00e4senmaksut ovat j\u00e4rjest\u00f6n t\u00e4rkein yksitt\u00e4inen tulonl\u00e4hde. Se on my\u00f6s j\u00e4senen velvollisuus j\u00e4rjest\u00f6\u00e4 kohtaan. Valitettavasti tietoteknillisist\u00e4 syist\u00e4 osa j\u00e4senmaksuista j\u00e4i palomuureihin tai meni suoraan roskapostiksi. N\u00e4m\u00e4 haasteet kun saimme korjattua, p\u00e4\u00e4timme l\u00e4hett\u00e4\u00e4 j\u00e4senmaksun uudelleen kaikille niille, jotka eiv\u00e4t siihen menness\u00e4 olleet viel\u00e4 maksaneet.<\/p>\n<p>Valitettavasti j\u00e4senrekisterimme ja j\u00e4senlaskutuksen palvelun tuottaja mokasi ja maksamattomat j\u00e4senet saivat karhulaskun ja jopa kahteen kertaan. N\u00e4ytt\u00e4isi kuitenkin silt\u00e4, ett\u00e4 j\u00e4senmaksut ovat l\u00f6yt\u00e4neet perille ainakin suurimmalle osalle j\u00e4senist\u00f6\u00e4. Kun t\u00e4m\u00e4n luettuasi, tunnet ep\u00e4ilyksen hiipiv\u00e4n mieleesi, ett\u00e4 olenkohan min\u00e4 maksanut niin \u00e4l\u00e4 huoli. P\u00e4\u00e4si\u00e4isen j\u00e4lkeen l\u00e4htee ihan oikeat karhulaskut kaikille niille, jotka eiv\u00e4t viel\u00e4 siihen menness\u00e4 ole j\u00e4senmaksua maksanut. Voit my\u00f6s varmistua asiasta l\u00e4hett\u00e4m\u00e4ll\u00e4 kyselyn toni.lehtinen@surefire.fi -osoitteeseen.<\/p>\n<h1><img loading=\"lazy\" decoding=\"async\" class=\"alignnone size-medium wp-image-1208\" src=\"https:\/\/suomenrehtorit.fi\/web\/wp-content\/uploads\/sites\/2\/mcx\/2023-6\/easter-349026_1280-300x200.jpg\" alt=\"\" width=\"300\" height=\"200\" srcset=\"https:\/\/suomenrehtorit.fi\/web\/wp-content\/uploads\/sites\/2\/mcx\/2023-6\/easter-349026_1280-300x200.jpg 300w, https:\/\/suomenrehtorit.fi\/web\/wp-content\/uploads\/sites\/2\/mcx\/2023-6\/easter-349026_1280-1024x682.jpg 1024w, https:\/\/suomenrehtorit.fi\/web\/wp-content\/uploads\/sites\/2\/mcx\/2023-6\/easter-349026_1280-768x512.jpg 768w, https:\/\/suomenrehtorit.fi\/web\/wp-content\/uploads\/sites\/2\/mcx\/2023-6\/easter-349026_1280-252x168.jpg 252w, https:\/\/suomenrehtorit.fi\/web\/wp-content\/uploads\/sites\/2\/mcx\/2023-6\/easter-349026_1280-522x348.jpg 522w, https:\/\/suomenrehtorit.fi\/web\/wp-content\/uploads\/sites\/2\/mcx\/2023-6\/easter-349026_1280-792x528.jpg 792w, https:\/\/suomenrehtorit.fi\/web\/wp-content\/uploads\/sites\/2\/mcx\/2023-6\/easter-349026_1280-1062x708.jpg 1062w, https:\/\/suomenrehtorit.fi\/web\/wp-content\/uploads\/sites\/2\/mcx\/2023-6\/easter-349026_1280.jpg 1280w\" sizes=\"auto, (max-width: 300px) 100vw, 300px\" \/><\/h1>\n<h1>Hyv\u00e4\u00e4 p\u00e4\u00e4si\u00e4ist\u00e4!<\/h1>\n<p>&nbsp;<\/p>\n<p>&nbsp;<\/p>\n","protected":false},"excerpt":{"rendered":"<p>Puheenjohtajalta Vahvistusta esimiesten alueellisen edunvalvontaty\u00f6h\u00f6n Olemme juuri saaneet tiedon, jonka mukaan helmikuun lopussa esimiesj\u00e4rjest\u00f6jen SURE:n, Opsia:n sek\u00e4 KEA:n sek\u00e4 n\u00e4iden lis\u00e4ksi LTOL:n esimiesten yhteisaloite alueellisen esimiesty\u00f6n vahvistamisesta on OAJ:n hallituksen yksimielisesti hyv\u00e4ksym\u00e4. OAJ:n hallitus hyv\u00e4ksyi puheenjohtajistonsa yksimielisen esityksen mukaisesti aloitteemme sellaisenaan pohjaksi kokeilulle vuoden 2021 loppuun saakka. Esityksen my\u00f6t\u00e4mielinen k\u00e4sittely oli pitk\u00e4n ja huolellisen pohjaty\u00f6n &#8230; <a title=\"J\u00e4senkirje 4\/2019\" class=\"read-more\" href=\"https:\/\/suomenrehtorit.fi\/web\/2019\/04\/15\/jasenkirje-4-2019\/\" aria-label=\"Lue lis\u00e4\u00e4 aiheesta J\u00e4senkirje 4\/2019\">Lue lis\u00e4\u00e4<\/a><\/p>\n","protected":false},"author":3,"featured_media":1208,"comment_status":"closed","ping_status":"closed","sticky":false,"template":"","format":"standard","meta":{"_uag_custom_page_level_css":"","footnotes":""},"categories":[23,24],"tags":[],"class_list":["post-1207","post","type-post","status-publish","format-standard","has-post-thumbnail","hentry","category-jasenkirje","category-uutisarkisto"],"uagb_featured_image_src":{"full":["https:\/\/suomenrehtorit.fi\/web\/wp-content\/uploads\/sites\/2\/mcx\/2023-6\/easter-349026_1280.jpg",1280,853,false],"thumbnail":["https:\/\/suomenrehtorit.fi\/web\/wp-content\/uploads\/sites\/2\/mcx\/2023-6\/easter-349026_1280-150x150.jpg",150,150,true],"medium":["https:\/\/suomenrehtorit.fi\/web\/wp-content\/uploads\/sites\/2\/mcx\/2023-6\/easter-349026_1280-300x200.jpg",300,200,true],"medium_large":["https:\/\/suomenrehtorit.fi\/web\/wp-content\/uploads\/sites\/2\/mcx\/2023-6\/easter-349026_1280-768x512.jpg",768,512,true],"large":["https:\/\/suomenrehtorit.fi\/web\/wp-content\/uploads\/sites\/2\/mcx\/2023-6\/easter-349026_1280-1024x682.jpg",1024,682,true],"magazine-cw3":["https:\/\/suomenrehtorit.fi\/web\/wp-content\/uploads\/sites\/2\/mcx\/2023-6\/easter-349026_1280-252x168.jpg",252,168,true],"magazine-cw6":["https:\/\/suomenrehtorit.fi\/web\/wp-content\/uploads\/sites\/2\/mcx\/2023-6\/easter-349026_1280-522x348.jpg",522,348,true],"magazine-cw9":["https:\/\/suomenrehtorit.fi\/web\/wp-content\/uploads\/sites\/2\/mcx\/2023-6\/easter-349026_1280-792x528.jpg",792,528,true],"magazine-cw12":["https:\/\/suomenrehtorit.fi\/web\/wp-content\/uploads\/sites\/2\/mcx\/2023-6\/easter-349026_1280-1062x708.jpg",1062,708,true],"magazine-thumb":["https:\/\/suomenrehtorit.fi\/web\/wp-content\/uploads\/sites\/2\/mcx\/2023-6\/easter-349026_1280-72x72.jpg",72,72,true],"magazine-toc":["https:\/\/suomenrehtorit.fi\/web\/wp-content\/uploads\/sites\/2\/mcx\/2023-6\/easter-349026_1280-126x126.jpg",126,126,true],"1536x1536":["https:\/\/suomenrehtorit.fi\/web\/wp-content\/uploads\/sites\/2\/mcx\/2023-6\/easter-349026_1280.jpg",1280,853,false],"2048x2048":["https:\/\/suomenrehtorit.fi\/web\/wp-content\/uploads\/sites\/2\/mcx\/2023-6\/easter-349026_1280.jpg",1280,853,false],"gform-image-choice-sm":["https:\/\/suomenrehtorit.fi\/web\/wp-content\/uploads\/sites\/2\/mcx\/2023-6\/easter-349026_1280.jpg",300,200,false],"gform-image-choice-md":["https:\/\/suomenrehtorit.fi\/web\/wp-content\/uploads\/sites\/2\/mcx\/2023-6\/easter-349026_1280.jpg",400,267,false],"gform-image-choice-lg":["https:\/\/suomenrehtorit.fi\/web\/wp-content\/uploads\/sites\/2\/mcx\/2023-6\/easter-349026_1280.jpg",600,400,false]},"uagb_author_info":{"display_name":"Admin","author_link":"https:\/\/suomenrehtorit.fi\/web\/author\/toni-lehtinen\/"},"uagb_comment_info":0,"uagb_excerpt":"Puheenjohtajalta Vahvistusta esimiesten alueellisen edunvalvontaty\u00f6h\u00f6n Olemme juuri saaneet tiedon, jonka mukaan helmikuun lopussa esimiesj\u00e4rjest\u00f6jen SURE:n, Opsia:n sek\u00e4 KEA:n sek\u00e4 n\u00e4iden lis\u00e4ksi LTOL:n esimiesten yhteisaloite alueellisen esimiesty\u00f6n vahvistamisesta on OAJ:n hallituksen yksimielisesti hyv\u00e4ksym\u00e4. OAJ:n hallitus hyv\u00e4ksyi puheenjohtajistonsa yksimielisen esityksen mukaisesti aloitteemme sellaisenaan pohjaksi kokeilulle vuoden 2021 loppuun saakka. Esityksen my\u00f6t\u00e4mielinen k\u00e4sittely oli pitk\u00e4n ja huolellisen pohjaty\u00f6n&hellip;","_links":{"self":[{"href":"https:\/\/suomenrehtorit.fi\/web\/wp-json\/wp\/v2\/posts\/1207","targetHints":{"allow":["GET"]}}],"collection":[{"href":"https:\/\/suomenrehtorit.fi\/web\/wp-json\/wp\/v2\/posts"}],"about":[{"href":"https:\/\/suomenrehtorit.fi\/web\/wp-json\/wp\/v2\/types\/post"}],"author":[{"embeddable":true,"href":"https:\/\/suomenrehtorit.fi\/web\/wp-json\/wp\/v2\/users\/3"}],"replies":[{"embeddable":true,"href":"https:\/\/suomenrehtorit.fi\/web\/wp-json\/wp\/v2\/comments?post=1207"}],"version-history":[{"count":1,"href":"https:\/\/suomenrehtorit.fi\/web\/wp-json\/wp\/v2\/posts\/1207\/revisions"}],"predecessor-version":[{"id":1812,"href":"https:\/\/suomenrehtorit.fi\/web\/wp-json\/wp\/v2\/posts\/1207\/revisions\/1812"}],"wp:featuredmedia":[{"embeddable":true,"href":"https:\/\/suomenrehtorit.fi\/web\/wp-json\/wp\/v2\/media\/1208"}],"wp:attachment":[{"href":"https:\/\/suomenrehtorit.fi\/web\/wp-json\/wp\/v2\/media?parent=1207"}],"wp:term":[{"taxonomy":"category","embeddable":true,"href":"https:\/\/suomenrehtorit.fi\/web\/wp-json\/wp\/v2\/categories?post=1207"},{"taxonomy":"post_tag","embeddable":true,"href":"https:\/\/suomenrehtorit.fi\/web\/wp-json\/wp\/v2\/tags?post=1207"}],"curies":[{"name":"wp","href":"https:\/\/api.w.org\/{rel}","templated":true}]}}