{"id":1227,"date":"2019-08-15T11:31:23","date_gmt":"2019-08-15T11:31:23","guid":{"rendered":"https:\/\/suomenrehtorit.fi\/web\/?p=1227"},"modified":"2023-08-07T06:47:13","modified_gmt":"2023-08-07T06:47:13","slug":"jasenkirje-7-2019","status":"publish","type":"post","link":"https:\/\/suomenrehtorit.fi\/web\/2019\/08\/15\/jasenkirje-7-2019\/","title":{"rendered":"J\u00e4senkirje 7\/2019"},"content":{"rendered":"<h1>Puheenjohtajalta<\/h1>\n<figure id=\"attachment_3740\" aria-describedby=\"caption-attachment-3740\" style=\"width: 221px\" class=\"wp-caption alignnone\"><img loading=\"lazy\" decoding=\"async\" class=\"size-medium wp-image-762\" src=\"https:\/\/suomenrehtorit.fi\/web\/wp-content\/uploads\/sites\/2\/mcx\/2023-6\/Antti-uusin-231x300.jpg\" alt=\"\" width=\"231\" height=\"300\" srcset=\"https:\/\/suomenrehtorit.fi\/web\/wp-content\/uploads\/sites\/2\/mcx\/2023-6\/Antti-uusin-231x300.jpg 231w, https:\/\/suomenrehtorit.fi\/web\/wp-content\/uploads\/sites\/2\/mcx\/2023-6\/Antti-uusin-788x1024.jpg 788w, https:\/\/suomenrehtorit.fi\/web\/wp-content\/uploads\/sites\/2\/mcx\/2023-6\/Antti-uusin-768x999.jpg 768w, https:\/\/suomenrehtorit.fi\/web\/wp-content\/uploads\/sites\/2\/mcx\/2023-6\/Antti-uusin-252x328.jpg 252w, https:\/\/suomenrehtorit.fi\/web\/wp-content\/uploads\/sites\/2\/mcx\/2023-6\/Antti-uusin-522x679.jpg 522w, https:\/\/suomenrehtorit.fi\/web\/wp-content\/uploads\/sites\/2\/mcx\/2023-6\/Antti-uusin-792x1030.jpg 792w, https:\/\/suomenrehtorit.fi\/web\/wp-content\/uploads\/sites\/2\/mcx\/2023-6\/Antti-uusin.jpg 866w\" sizes=\"auto, (max-width: 231px) 100vw, 231px\" \/><figcaption id=\"caption-attachment-3740\" class=\"wp-caption-text\">Antti Ikonen<br \/>pj Suomen Rehtorit<br \/>twitter: @AnttiIkonen<\/figcaption><\/figure>\n<h1>Koulutielle l\u00e4hdet\u00e4\u00e4n varsin tasaisin taidoin<\/h1>\n<p style=\"text-align: justify;\">N\u00e4in uuden lukuvuoden alkuun on kiinnostavaa tutustua Kansallisen koulutuksen arviointikeskuksen Karvi:n suorittamaan ekaluokkalaisten matematiikan ja \u00e4idinkielentaitoja selvitt\u00e4neeseen arviointiin. On mit\u00e4 ilahduttavinta , ett\u00e4 koulutulokkaiden taidot olivat kokonaisuutena tarkastellen varsin samaa tasoa eri puolilla Suomea vaikka yksil\u00f6lliset erot sis\u00e4lsiv\u00e4t toki paljon vaihtelua. Merkitt\u00e4v\u00e4\u00e4 eroa ei ollut tytt\u00f6jen ja poikien v\u00e4lill\u00e4, eik\u00e4 liioin suomen- ja ruotsinkielisten koululaisten v\u00e4lill\u00e4. Sen sijaan suomea tai ruotsia toisena kielen\u00e4 opiskelevien oppilaiden keskim\u00e4\u00e4r\u00e4iset tulokset olivat heikoimpia kuin muiden, vaikka my\u00f6s t\u00e4ss\u00e4 joukossa hajonta oli suurta. Karvi:n arviointi tehtiin vaiheessa, jossa koulua oli k\u00e4yty vain muutama viikko, joten se antaa hyv\u00e4n kuvan siit\u00e4 mik\u00e4 koulutulokkaiden osaamistaso on koulupolun alkuvaiheissa. Nyt suoritettu arviointi k\u00e4ynnisti kattavan oppimistulosten pitkitt\u00e4isarvion, sill\u00e4 samojen oppilaiden taitoja tullaan mittaamaan useita kertoja koko heid\u00e4n perusopetuksensa ajan.<\/p>\n<p><img loading=\"lazy\" decoding=\"async\" class=\"alignnone wp-image-1228 size-large\" src=\"https:\/\/suomenrehtorit.fi\/web\/wp-content\/uploads\/sites\/2\/mcx\/2023-6\/Karvi-1024x768.png\" alt=\"\" width=\"980\" height=\"735\" srcset=\"https:\/\/suomenrehtorit.fi\/web\/wp-content\/uploads\/sites\/2\/mcx\/2023-6\/Karvi-1024x768.png 1024w, https:\/\/suomenrehtorit.fi\/web\/wp-content\/uploads\/sites\/2\/mcx\/2023-6\/Karvi-300x225.png 300w, https:\/\/suomenrehtorit.fi\/web\/wp-content\/uploads\/sites\/2\/mcx\/2023-6\/Karvi-768x576.png 768w, https:\/\/suomenrehtorit.fi\/web\/wp-content\/uploads\/sites\/2\/mcx\/2023-6\/Karvi-252x189.png 252w, https:\/\/suomenrehtorit.fi\/web\/wp-content\/uploads\/sites\/2\/mcx\/2023-6\/Karvi-522x392.png 522w, https:\/\/suomenrehtorit.fi\/web\/wp-content\/uploads\/sites\/2\/mcx\/2023-6\/Karvi-792x594.png 792w, https:\/\/suomenrehtorit.fi\/web\/wp-content\/uploads\/sites\/2\/mcx\/2023-6\/Karvi-1062x797.png 1062w, https:\/\/suomenrehtorit.fi\/web\/wp-content\/uploads\/sites\/2\/mcx\/2023-6\/Karvi.png 1500w\" sizes=\"auto, (max-width: 980px) 100vw, 980px\" \/><\/p>\n<h1>Rehtorit ovat my\u00f6s yhteisty\u00f6n johtajia<\/h1>\n<p style=\"text-align: justify;\">Oppilaitoksen esimiehen ty\u00f6 pit\u00e4\u00e4 sis\u00e4ll\u00e4\u00e4n mit\u00e4 moninaisempien yhteisty\u00f6verkostojen johtamista. Yksi t\u00e4rke\u00e4 yhteisty\u00f6taho ovat oppilaiden ja opiskelijoiden vanhemmat ja huoltajat. Suomen Vanhempainliitto tarjoaa t\u00e4h\u00e4n ty\u00f6h\u00f6n apua esimiehille oman j\u00e4rjest\u00f6ns\u00e4 asiantuntijoiden ja informaatio-ohjauksen lis\u00e4ksi t\u00e4n\u00e4 syksyn\u00e4 my\u00f6s marraskuun aikana Helsingiss\u00e4 ja Oulussa j\u00e4rjestett\u00e4viss\u00e4 maksuttomissa koulutuksissa. Vanhempainliiton koulutukset kartuttavat osallistujien keinoja edist\u00e4\u00e4\u00e4 vanhempien osallisuutta kouluyhteis\u00f6ss\u00e4. Lis\u00e4tietoja vanhempainliiton toiminnasta ja t\u00e4st\u00e4 koulutuksesta l\u00f6yd\u00e4t Vanhempainliiton sivuilta.<\/p>\n<p><img loading=\"lazy\" decoding=\"async\" class=\"alignnone size-medium wp-image-1229\" src=\"https:\/\/suomenrehtorit.fi\/web\/wp-content\/uploads\/sites\/2\/mcx\/2023-6\/vanhempainliitto-295x300.png\" alt=\"\" width=\"295\" height=\"300\" srcset=\"https:\/\/suomenrehtorit.fi\/web\/wp-content\/uploads\/sites\/2\/mcx\/2023-6\/vanhempainliitto-295x300.png 295w, https:\/\/suomenrehtorit.fi\/web\/wp-content\/uploads\/sites\/2\/mcx\/2023-6\/vanhempainliitto-1008x1024.png 1008w, https:\/\/suomenrehtorit.fi\/web\/wp-content\/uploads\/sites\/2\/mcx\/2023-6\/vanhempainliitto-768x780.png 768w, https:\/\/suomenrehtorit.fi\/web\/wp-content\/uploads\/sites\/2\/mcx\/2023-6\/vanhempainliitto-252x256.png 252w, https:\/\/suomenrehtorit.fi\/web\/wp-content\/uploads\/sites\/2\/mcx\/2023-6\/vanhempainliitto-522x530.png 522w, https:\/\/suomenrehtorit.fi\/web\/wp-content\/uploads\/sites\/2\/mcx\/2023-6\/vanhempainliitto-792x804.png 792w, https:\/\/suomenrehtorit.fi\/web\/wp-content\/uploads\/sites\/2\/mcx\/2023-6\/vanhempainliitto-1062x1079.png 1062w, https:\/\/suomenrehtorit.fi\/web\/wp-content\/uploads\/sites\/2\/mcx\/2023-6\/vanhempainliitto-72x72.png 72w, https:\/\/suomenrehtorit.fi\/web\/wp-content\/uploads\/sites\/2\/mcx\/2023-6\/vanhempainliitto-1512x1536.png 1512w, https:\/\/suomenrehtorit.fi\/web\/wp-content\/uploads\/sites\/2\/mcx\/2023-6\/vanhempainliitto.png 1920w\" sizes=\"auto, (max-width: 295px) 100vw, 295px\" \/><\/p>\n<h1>Kun ty\u00f6tapaturma sattuu tai omassa virkasuhteessa tulee mutka matkaan<\/h1>\n<p style=\"text-align: justify;\">Esimiehen\u00e4 vastaat aina viime k\u00e4dess\u00e4 kaikesta koulusi ja oppilaitoksesi toiminnasta. Esimiehen\u00e4 edustat aina my\u00f6s ty\u00f6nantajaa, mutta omaan virkasuhteeseesi liittyviss\u00e4 kysymyksiss\u00e4 olet toisaalta aina samaan aikaan my\u00f6s ty\u00f6ntekij\u00e4asemassa. Rehtorin ja oppilaitoksen johtoa koskevat kysymykset ovat moninaisia, joita sinun oppilaitoksen esimiehen\u00e4 odotetaan asemasi puolesta osaavan ja viel\u00e4p\u00e4 hyvin. Osa SURE:n ja OAJ:n yhteisty\u00f6n\u00e4 tekem\u00e4\u00e4 edunvalvontaty\u00f6t\u00e4 on esimiehille tarjottavat erikoistuneiden juridiikan ja esimiesty\u00f6n asiantuntijoiden antamata erityiskoulutukset. Omaa esimiesosaamista vastuiden, virkaehtosopimusten ja lains\u00e4\u00e4d\u00e4nn\u00f6n n\u00e4k\u00f6kulmasta kannattaa kasvattaa s\u00e4\u00e4nn\u00f6llisesti. T\u00e4n\u00e4 syksyn\u00e4 t\u00e4llaisia esimiehille rakennettuja koulutuksia j\u00e4rjestet\u00e4\u00e4n erityisesti uusille esimiehille 9.-10.10. ja kaikille esimiehille 7.-8.11.2019. Koulutukset ovat OAJ:n j\u00e4senille maksuttomia, ilmoittautuminen tapahtuu OAJ:n kirjautumislinkin kautta.<\/p>\n<p><img loading=\"lazy\" decoding=\"async\" class=\"alignnone size-full wp-image-1230\" src=\"https:\/\/suomenrehtorit.fi\/web\/wp-content\/uploads\/sites\/2\/mcx\/2023-6\/pettymys.png\" alt=\"\" width=\"275\" height=\"183\" srcset=\"https:\/\/suomenrehtorit.fi\/web\/wp-content\/uploads\/sites\/2\/mcx\/2023-6\/pettymys.png 275w, https:\/\/suomenrehtorit.fi\/web\/wp-content\/uploads\/sites\/2\/mcx\/2023-6\/pettymys-252x168.png 252w\" sizes=\"auto, (max-width: 275px) 100vw, 275px\" \/><\/p>\n<h1>Politiikan syksy k\u00e4ynnistyi VM:n budjettiesityksell\u00e4<\/h1>\n<p style=\"text-align: justify;\">Uuden hallituksen ensimm\u00e4inen budjettiesitys tuotiin julki keskiviikkona 14.8.2019. Talousarvioesityst\u00e4 on laadittu talouden kasvun varaan rakennetun hallitusohjelman pohjalta. Useat talouden tunnusluvut n\u00e4ytt\u00e4v\u00e4t asettavan haasteita hallitusohjelmatavoitteiden saavuttamiselle. T\u00e4ss\u00e4 mieless\u00e4 korkeasti koulutettujen esimiesteht\u00e4viss\u00e4 toimivia oppilaitosjohtajia kiinnostavat tulevana syksyn\u00e4 erityisesti koulutuspolitiikan sek\u00e4 veropolitiikan kysymykset. Kun lis\u00e4\u00e4mme t\u00e4h\u00e4n mukaan k\u00e4ynniss\u00e4 olevat koulutuspolitiikan ajankohtaiset kysymykset alkaen aina lukion opetussuunnitelmaty\u00f6st\u00e4 oppivelvollisuuden pident\u00e4missuunnitelmiin saakka ymm\u00e4rr\u00e4mme, miten t\u00e4rke\u00e4\u00e4 onkaan pit\u00e4\u00e4 huolta koulutuksen asiantuntijoiden ja esimiesty\u00f6st\u00e4 tekevien rehtoreiden n\u00e4k\u00f6kulman tuomista mukaan valmisteluty\u00f6h\u00f6n. T\u00e4t\u00e4 ty\u00f6t\u00e4 ei kukaan muu tee puolestamme asiantuntevammin, eik\u00e4 ainakaan pyyteett\u00f6m\u00e4mmin kuin me rehtorit itse!<\/p>\n<p><img loading=\"lazy\" decoding=\"async\" class=\"alignnone size-full wp-image-1231\" src=\"https:\/\/suomenrehtorit.fi\/web\/wp-content\/uploads\/sites\/2\/mcx\/2023-6\/pelinappulat.png\" alt=\"\" width=\"275\" height=\"183\" srcset=\"https:\/\/suomenrehtorit.fi\/web\/wp-content\/uploads\/sites\/2\/mcx\/2023-6\/pelinappulat.png 275w, https:\/\/suomenrehtorit.fi\/web\/wp-content\/uploads\/sites\/2\/mcx\/2023-6\/pelinappulat-252x168.png 252w\" sizes=\"auto, (max-width: 275px) 100vw, 275px\" \/><\/p>\n<h1><\/h1>\n<h1>Uusi lukuvuosi on k\u00e4ynnistynyt<\/h1>\n<p style=\"text-align: justify;\">Yli puoli miljoonaa peruskoululaista ja aikuisopiskelijat mukaan laskettuna noin satatuhatta lukiolaista on aloittanut uuden lukuvuoden ty\u00f6n. Rehtorit ja apulaisrehtorit ja -johtajat ovat tehneet elokuussa kes\u00e4n j\u00e4ljilt\u00e4 viimeisi\u00e4 valmisteluja, jotta koulut ja oppilaitokset on saatu ajettua j\u00e4lleen yl\u00f6s kes\u00e4teloiltaan. On hienoa tehd\u00e4 ty\u00f6t\u00e4, jolla todella on merkityst\u00e4. Kun lukuihin laskee mukaan opettajat, koulun muun henkil\u00f6kunnan sek\u00e4 yleissivist\u00e4v\u00e4n koulutuksen tukipalveluja tuottavat toimijat saamme kokoluokkaa sille, miten isoa osaa yhteiskunnan toiminnasta ty\u00f6mme kattaa. T\u00e4m\u00e4n toiminnan johtaminen on arvokasta ja vaativaa ty\u00f6t\u00e4. Sen Suomen Rehtorit osaavat!<\/p>\n<p>Pidet\u00e4\u00e4n pala kes\u00e4muistoja mukanamme syksyn ty\u00f6ss\u00e4. Toivotan Sinulle ja oppilaitoksellesi menestyksellist\u00e4 lukuvuotta 2019-2020!<\/p>\n<p><img loading=\"lazy\" decoding=\"async\" class=\"alignnone size-medium wp-image-1232\" src=\"https:\/\/suomenrehtorit.fi\/web\/wp-content\/uploads\/sites\/2\/mcx\/2023-6\/kivimaisema-225x300.jpg\" alt=\"\" width=\"225\" height=\"300\" srcset=\"https:\/\/suomenrehtorit.fi\/web\/wp-content\/uploads\/sites\/2\/mcx\/2023-6\/kivimaisema-225x300.jpg 225w, https:\/\/suomenrehtorit.fi\/web\/wp-content\/uploads\/sites\/2\/mcx\/2023-6\/kivimaisema-768x1024.jpg 768w, https:\/\/suomenrehtorit.fi\/web\/wp-content\/uploads\/sites\/2\/mcx\/2023-6\/kivimaisema-252x336.jpg 252w, https:\/\/suomenrehtorit.fi\/web\/wp-content\/uploads\/sites\/2\/mcx\/2023-6\/kivimaisema-522x696.jpg 522w, https:\/\/suomenrehtorit.fi\/web\/wp-content\/uploads\/sites\/2\/mcx\/2023-6\/kivimaisema-792x1056.jpg 792w, https:\/\/suomenrehtorit.fi\/web\/wp-content\/uploads\/sites\/2\/mcx\/2023-6\/kivimaisema-1062x1416.jpg 1062w, https:\/\/suomenrehtorit.fi\/web\/wp-content\/uploads\/sites\/2\/mcx\/2023-6\/kivimaisema-1152x1536.jpg 1152w, https:\/\/suomenrehtorit.fi\/web\/wp-content\/uploads\/sites\/2\/mcx\/2023-6\/kivimaisema.jpg 1383w\" sizes=\"auto, (max-width: 225px) 100vw, 225px\" \/><\/p>\n<p>&nbsp;<\/p>\n<h2>Kodin ja Koulun P\u00e4iv\u00e4 l\u00e4hestyy!<\/h2>\n<p>Ilmoita koulusi mukaan pika pikaa, mik\u00e4li haluat maksuttoman tuotepaketin Kodin ja Koulun P\u00e4iv\u00e4n viettoa siivitt\u00e4m\u00e4\u00e4n!<\/p>\n<p>Valtakunnallista p\u00e4iv\u00e4\u00e4 vietet\u00e4\u00e4n vuosittain syyskuun viimeisen\u00e4 perjantaina. Lue lis\u00e4\u00e4 osoitteessa <a href=\"http:\/\/www.kodinjakoulunpaiva.fi\" target=\"_blank\" rel=\"noopener noreferrer\">www.kodinjakoulunpaiva.fi<\/a><\/p>\n<p><img loading=\"lazy\" decoding=\"async\" class=\"alignnone size-medium wp-image-1233\" src=\"https:\/\/suomenrehtorit.fi\/web\/wp-content\/uploads\/sites\/2\/mcx\/2023-6\/20190525-Vanheimpainliitto-042-300x200.jpg\" alt=\"\" width=\"300\" height=\"200\" srcset=\"https:\/\/suomenrehtorit.fi\/web\/wp-content\/uploads\/sites\/2\/mcx\/2023-6\/20190525-Vanheimpainliitto-042-300x200.jpg 300w, https:\/\/suomenrehtorit.fi\/web\/wp-content\/uploads\/sites\/2\/mcx\/2023-6\/20190525-Vanheimpainliitto-042-1024x683.jpg 1024w, https:\/\/suomenrehtorit.fi\/web\/wp-content\/uploads\/sites\/2\/mcx\/2023-6\/20190525-Vanheimpainliitto-042-768x512.jpg 768w, https:\/\/suomenrehtorit.fi\/web\/wp-content\/uploads\/sites\/2\/mcx\/2023-6\/20190525-Vanheimpainliitto-042-252x168.jpg 252w, https:\/\/suomenrehtorit.fi\/web\/wp-content\/uploads\/sites\/2\/mcx\/2023-6\/20190525-Vanheimpainliitto-042-522x348.jpg 522w, https:\/\/suomenrehtorit.fi\/web\/wp-content\/uploads\/sites\/2\/mcx\/2023-6\/20190525-Vanheimpainliitto-042-792x528.jpg 792w, https:\/\/suomenrehtorit.fi\/web\/wp-content\/uploads\/sites\/2\/mcx\/2023-6\/20190525-Vanheimpainliitto-042-1062x708.jpg 1062w, https:\/\/suomenrehtorit.fi\/web\/wp-content\/uploads\/sites\/2\/mcx\/2023-6\/20190525-Vanheimpainliitto-042-1536x1024.jpg 1536w, https:\/\/suomenrehtorit.fi\/web\/wp-content\/uploads\/sites\/2\/mcx\/2023-6\/20190525-Vanheimpainliitto-042.jpg 2048w\" sizes=\"auto, (max-width: 300px) 100vw, 300px\" \/><\/p>\n<h2>Punaisen Ristin P\u00e4iv\u00e4ty\u00f6ker\u00e4yksess\u00e4 oppilaat p\u00e4\u00e4sev\u00e4t auttamaan ty\u00f6ll\u00e4\u00e4n<\/h2>\n<p style=\"text-align: justify;\">Ilmastonmuutoksen vaikutukset vaativat yh\u00e4 enemm\u00e4n huomiotamme. Suomen Punainen Risti ty\u00f6skentelee helpottaakseen uhrien tilannetta. Perinteisess\u00e4 P\u00e4iv\u00e4ty\u00f6ker\u00e4yksess\u00e4 eli taksv\u00e4rkiss\u00e4 oppilaat ker\u00e4\u00e4v\u00e4t omalla ty\u00f6ll\u00e4\u00e4n varoja Punaisen Ristin katastrofirahastolle tai Nuorten turvataloille Suomessa. Katastrofirahastolla autamme konfliktien ja luonnonmullistusten uhreja.<\/p>\n<p style=\"text-align: justify;\">P\u00e4iv\u00e4ty\u00f6ker\u00e4yksen j\u00e4rjest\u00e4minen on helppoa ja sen voi toteuttaa koska tahansa. Oppilas hankkii itselleen ty\u00f6paikan yrityksest\u00e4 tai ty\u00f6skentelee kotona. Tarjoamme ohjeet ja muut materiaalit opettajalle t\u00e4ysin maksutta. Punainen Risti ottaa oppilaille vakuutuksen ker\u00e4ysp\u00e4iv\u00e4n ajaksi.<\/p>\n<p style=\"text-align: justify;\">Lue lis\u00e4\u00e4 P\u00e4iv\u00e4ty\u00f6ker\u00e4yksest\u00e4: <a href=\"http:\/\/www.punainenristi.fi\/paivatyokerays\" target=\"_blank\" rel=\"noopener noreferrer\">www.punainenristi.fi\/paivatyokerays<\/a>. Voit pyyt\u00e4\u00e4 lis\u00e4tietoja tai ilmoittautua koordinaattorille Markus H\u00f6gmander, p. 040\u00a0757 5601, <a href=\"mailto:markus.hogmander@redcross.fi\" target=\"_blank\" rel=\"noopener noreferrer\">markus.hogmander@redcross.fi<\/a>.<\/p>\n<p><img loading=\"lazy\" decoding=\"async\" class=\"alignnone size-medium wp-image-1234\" src=\"https:\/\/suomenrehtorit.fi\/web\/wp-content\/uploads\/sites\/2\/mcx\/2023-6\/Kierratyksen-sankarit_kansi_rehtorit-uutiskirje-225x300.jpg\" alt=\"\" width=\"225\" height=\"300\" srcset=\"https:\/\/suomenrehtorit.fi\/web\/wp-content\/uploads\/sites\/2\/mcx\/2023-6\/Kierratyksen-sankarit_kansi_rehtorit-uutiskirje-225x300.jpg 225w, https:\/\/suomenrehtorit.fi\/web\/wp-content\/uploads\/sites\/2\/mcx\/2023-6\/Kierratyksen-sankarit_kansi_rehtorit-uutiskirje-768x1024.jpg 768w, https:\/\/suomenrehtorit.fi\/web\/wp-content\/uploads\/sites\/2\/mcx\/2023-6\/Kierratyksen-sankarit_kansi_rehtorit-uutiskirje-252x336.jpg 252w, https:\/\/suomenrehtorit.fi\/web\/wp-content\/uploads\/sites\/2\/mcx\/2023-6\/Kierratyksen-sankarit_kansi_rehtorit-uutiskirje-522x696.jpg 522w, https:\/\/suomenrehtorit.fi\/web\/wp-content\/uploads\/sites\/2\/mcx\/2023-6\/Kierratyksen-sankarit_kansi_rehtorit-uutiskirje-792x1056.jpg 792w, https:\/\/suomenrehtorit.fi\/web\/wp-content\/uploads\/sites\/2\/mcx\/2023-6\/Kierratyksen-sankarit_kansi_rehtorit-uutiskirje-1062x1417.jpg 1062w, https:\/\/suomenrehtorit.fi\/web\/wp-content\/uploads\/sites\/2\/mcx\/2023-6\/Kierratyksen-sankarit_kansi_rehtorit-uutiskirje-1152x1536.jpg 1152w, https:\/\/suomenrehtorit.fi\/web\/wp-content\/uploads\/sites\/2\/mcx\/2023-6\/Kierratyksen-sankarit_kansi_rehtorit-uutiskirje.jpg 1240w\" sizes=\"auto, (max-width: 225px) 100vw, 225px\" \/><\/p>\n<h2>Ilmainen Kierr\u00e4tykset sankarit -teht\u00e4v\u00e4kirja<\/h2>\n<p>Kierr\u00e4tt\u00e4minen on helppo ja t\u00e4rke\u00e4 tapa s\u00e4\u00e4st\u00e4\u00e4 ymp\u00e4rist\u00f6\u00e4! Kolmas- ja nelj\u00e4sluokkalaisille suunnattu teht\u00e4v\u00e4kirja sis\u00e4lt\u00e4\u00e4 opettavaista lajitteluun, kierr\u00e4tt\u00e4miseen ja materiaalien jatkojalostukseen liittyv\u00e4\u00e4 puuhaa. 62-sivuisessa julkaisussa on eri tasoisia sana-arvoituksia, laskuteht\u00e4vi\u00e4, visoja, pelej\u00e4, labyrintteja, ristikkoja sek\u00e4 askartelua ja muuta luovaa tekemist\u00e4. Kannustavan ja positiivisesti kierr\u00e4tykseen suhtautuvan teht\u00e4v\u00e4kirjan kehitysty\u00f6h\u00f6n on osallistunut sek\u00e4 opettajia ett\u00e4 oppilaita.<\/p>\n<p>Kierr\u00e4tyksen sankarit -teht\u00e4v\u00e4kirjan tarjoaa teille Tuottajayhteis\u00f6jen neuvottelukunta kumppaneinaan Akkukierr\u00e4tys Pb Oy, Encore Ymp\u00e4rist\u00f6palvelut Oy, European Recycling Platform (ERP), Mepak-Kierr\u00e4tys Oy, Puupakkausten Kierr\u00e4tys PPK Oy, Recser Oy, SER-tuottajayhteis\u00f6 ry, Suomen Autokierr\u00e4tys Oy, Suomen Kuitukierr\u00e4tys Oy, Suomen Ker\u00e4yslasiyhdistys ry, Suomen Palautuspakkaus Oy, Suomen Rengaskierr\u00e4tys Oy ja Suomen Uusiomuovi Oy. Toteutuksesta vastaa A-lehtien Sis\u00e4lt\u00f6studio.<\/p>\n<p>Tilaa ilmainen teht\u00e4v\u00e4kirja t\u00e4st\u00e4, my\u00f6s ruotsiksi:\u00a0<a href=\"https:\/\/www.a-lehdet.fi\/kierratyksensankarit\" target=\"_blank\" rel=\"noopener noreferrer\">\u00a0https:\/\/www.a-lehdet.fi\/kierratyksensankarit<\/a><\/p>\n<p><img loading=\"lazy\" decoding=\"async\" class=\"alignnone size-medium wp-image-848\" src=\"https:\/\/suomenrehtorit.fi\/web\/wp-content\/uploads\/sites\/2\/mcx\/2023-6\/Digiluokka_LIVE_Logo_Kuutio-300x300.png\" alt=\"\" width=\"300\" height=\"300\" srcset=\"https:\/\/suomenrehtorit.fi\/web\/wp-content\/uploads\/sites\/2\/mcx\/2023-6\/Digiluokka_LIVE_Logo_Kuutio-300x300.png 300w, https:\/\/suomenrehtorit.fi\/web\/wp-content\/uploads\/sites\/2\/mcx\/2023-6\/Digiluokka_LIVE_Logo_Kuutio-1024x1024.png 1024w, https:\/\/suomenrehtorit.fi\/web\/wp-content\/uploads\/sites\/2\/mcx\/2023-6\/Digiluokka_LIVE_Logo_Kuutio-150x150.png 150w, https:\/\/suomenrehtorit.fi\/web\/wp-content\/uploads\/sites\/2\/mcx\/2023-6\/Digiluokka_LIVE_Logo_Kuutio-768x768.png 768w, https:\/\/suomenrehtorit.fi\/web\/wp-content\/uploads\/sites\/2\/mcx\/2023-6\/Digiluokka_LIVE_Logo_Kuutio-252x252.png 252w, https:\/\/suomenrehtorit.fi\/web\/wp-content\/uploads\/sites\/2\/mcx\/2023-6\/Digiluokka_LIVE_Logo_Kuutio-522x522.png 522w, https:\/\/suomenrehtorit.fi\/web\/wp-content\/uploads\/sites\/2\/mcx\/2023-6\/Digiluokka_LIVE_Logo_Kuutio-792x792.png 792w, https:\/\/suomenrehtorit.fi\/web\/wp-content\/uploads\/sites\/2\/mcx\/2023-6\/Digiluokka_LIVE_Logo_Kuutio-1062x1062.png 1062w, https:\/\/suomenrehtorit.fi\/web\/wp-content\/uploads\/sites\/2\/mcx\/2023-6\/Digiluokka_LIVE_Logo_Kuutio-72x72.png 72w, https:\/\/suomenrehtorit.fi\/web\/wp-content\/uploads\/sites\/2\/mcx\/2023-6\/Digiluokka_LIVE_Logo_Kuutio-126x126.png 126w, https:\/\/suomenrehtorit.fi\/web\/wp-content\/uploads\/sites\/2\/mcx\/2023-6\/Digiluokka_LIVE_Logo_Kuutio.png 1181w\" sizes=\"auto, (max-width: 300px) 100vw, 300px\" \/><\/p>\n<h2>Digiluokan kielten lukiokurssit k\u00e4ynnistyv\u00e4t 2. jaksossa<\/h2>\n<p>TutorHousen Digiluokassa lukiolainen &#8211; mist\u00e4 p\u00e4in Suomea tahansa &#8211; voi opiskella niit\u00e4 lukiokursseja, joita omassa lukiossa ei j\u00e4rjestet\u00e4. Kurssit ovat vuorovaikutteisia ja reaaliaikaisia online-kursseja, jotka sis\u00e4lt\u00e4v\u00e4t 14 x 75 min opetusta. Kev\u00e4\u00e4ll\u00e4 2020 ylioppilaskirjoituksiin osallistuu ensimm\u00e4ist\u00e4 kertaa oppilaita, jotka ovat suorittaneet koko lukion ranskan tai espanjan oppim\u00e4\u00e4r\u00e4n Digiluokassa.<\/p>\n<p>Alkavat B-kielet k\u00e4ynnistyv\u00e4t \u2013 ilmoittautuminen Digiluokkaan meneill\u00e4\u00e4n<\/p>\n<p>Kielivalikoimasta l\u00f6ytyv\u00e4t saksan, ranskan, ven\u00e4j\u00e4n, espanjan, japanin ja kiinan kielten lukiokurssit, jotka k\u00e4ynnistyv\u00e4t 2. jaksossa. Ilmoittautuminen on k\u00e4ynniss\u00e4. Kun lukio on ilmoittanut oppilaat kursseille, Digiluokka vastaa kaikesta muusta.<\/p>\n<p>Lis\u00e4tietoja ja ilmoittautuminen: <a href=\"https:\/\/www.tutorhouse.fi\/digiluokka\/kurssitarjotin-2019-2020\" target=\"_blank\" rel=\"noopener noreferrer\">https:\/\/www.tutorhouse.fi\/digiluokka\/kurssitarjotin-2019-2020\u00a0<\/a><\/p>\n<p>Digiluokassa kaikki opiskelevat eturiviss\u00e4 \u2013 lue Opettaja-lehden artikkeli<\/p>\n<p>Digiluokka on ollut tutkimuskohteena Helsingin yliopiston \u201dOpettajana virtuaaliluokassa\u201d -hankkeessa. Voit lukea Opettaja-lehden artikkelin osoitteesta <a href=\"https:\/\/www.opettaja.fi\/ajassa\/virtuaaliluokassa-ei-ole-takarivia\/\" target=\"_blank\" rel=\"noopener noreferrer\">https:\/\/www.opettaja.fi\/ajassa\/virtuaaliluokassa-ei-ole-takarivia\/<\/a><\/p>\n<p><img loading=\"lazy\" decoding=\"async\" class=\"alignnone size-medium wp-image-1235\" src=\"https:\/\/suomenrehtorit.fi\/web\/wp-content\/uploads\/sites\/2\/mcx\/2023-6\/Kuvapankkikuva_Laurea-muokattu-300x200.jpg\" alt=\"\" width=\"300\" height=\"200\" srcset=\"https:\/\/suomenrehtorit.fi\/web\/wp-content\/uploads\/sites\/2\/mcx\/2023-6\/Kuvapankkikuva_Laurea-muokattu-300x200.jpg 300w, https:\/\/suomenrehtorit.fi\/web\/wp-content\/uploads\/sites\/2\/mcx\/2023-6\/Kuvapankkikuva_Laurea-muokattu-1024x683.jpg 1024w, https:\/\/suomenrehtorit.fi\/web\/wp-content\/uploads\/sites\/2\/mcx\/2023-6\/Kuvapankkikuva_Laurea-muokattu-768x512.jpg 768w, https:\/\/suomenrehtorit.fi\/web\/wp-content\/uploads\/sites\/2\/mcx\/2023-6\/Kuvapankkikuva_Laurea-muokattu-252x168.jpg 252w, https:\/\/suomenrehtorit.fi\/web\/wp-content\/uploads\/sites\/2\/mcx\/2023-6\/Kuvapankkikuva_Laurea-muokattu-522x348.jpg 522w, https:\/\/suomenrehtorit.fi\/web\/wp-content\/uploads\/sites\/2\/mcx\/2023-6\/Kuvapankkikuva_Laurea-muokattu-792x528.jpg 792w, https:\/\/suomenrehtorit.fi\/web\/wp-content\/uploads\/sites\/2\/mcx\/2023-6\/Kuvapankkikuva_Laurea-muokattu-1062x708.jpg 1062w, https:\/\/suomenrehtorit.fi\/web\/wp-content\/uploads\/sites\/2\/mcx\/2023-6\/Kuvapankkikuva_Laurea-muokattu-1536x1025.jpg 1536w, https:\/\/suomenrehtorit.fi\/web\/wp-content\/uploads\/sites\/2\/mcx\/2023-6\/Kuvapankkikuva_Laurea-muokattu-2048x1366.jpg 2048w\" sizes=\"auto, (max-width: 300px) 100vw, 300px\" \/><\/p>\n<h2>Oma talous-t\u00e4ydennyskoulutuksella pelillisi\u00e4 menetelmi\u00e4 taloustaitojen opetukseen alakouluihin<\/h2>\n<p style=\"text-align: justify;\">Mediassa puhutaan paljon suomalaisten maksuvaikeuksista ja siit\u00e4, pit\u00e4isik\u00f6 talousosaamiseen yritt\u00e4\u00e4 vaikuttaa jo lapsena. Vaasan yliopiston ja Laurea-ammattikorkeakoulu tarttuvat haasteeseen j\u00e4rjest\u00e4m\u00e4ll\u00e4 Oma talous \u2013t\u00e4ydennyskoulutuksen, jossa kehitet\u00e4\u00e4n alakoulun luokanopettajien v\u00e4lineit\u00e4 taloustietojen opetukseen kokeilevan oppimisen keinoin ja pelillisten menetelmin. Koulutus toteutetaan OPH:n tuella ja se on osallistujille maksuton. Valmentajana on muun muassa Yrityskyl\u00e4 \u2013hanketta johtanut Vaasan yliopiston professori Panu Kalmi.<\/p>\n<p>T\u00e4t\u00e4 koulutusta kannattaa ehdottomasti mainostaa opettajille!<\/p>\n<p>Miss\u00e4 ja milloin?<\/p>\n<p style=\"text-align: justify;\">Koulutus j\u00e4rjestet\u00e4\u00e4n lukuvuonna 2019-2020 ja siit\u00e4 on toteutukset Vantaalla ja Vaasassa. Koulutuksessa on kolme l\u00e4hiopetusp\u00e4iv\u00e4\u00e4, joista ensimm\u00e4inen on syyskuussa 2019 (Vantaalla 10.9., Vaasassa 17.9.). Lis\u00e4ksi opintoihin sis\u00e4ltyy verkko-opiskelua. Koulutuksen laajuus on 5 opintopistett\u00e4.<\/p>\n<p><a href=\"https:\/\/www.laurea.fi\/koulutus\/taydennyskoulutukset\/oma-talous\/\" target=\"_blank\" rel=\"noopener noreferrer\">Lis\u00e4tietoa ja ilmoittautumislomake<\/a>.<\/p>\n<p>Tervetuloa mukaan!<\/p>\n<p><img loading=\"lazy\" decoding=\"async\" class=\"alignnone size-medium wp-image-1236\" src=\"https:\/\/suomenrehtorit.fi\/web\/wp-content\/uploads\/sites\/2\/mcx\/2023-6\/Header_lukiot2019-300x211.jpg\" alt=\"\" width=\"300\" height=\"211\" srcset=\"https:\/\/suomenrehtorit.fi\/web\/wp-content\/uploads\/sites\/2\/mcx\/2023-6\/Header_lukiot2019-300x211.jpg 300w, https:\/\/suomenrehtorit.fi\/web\/wp-content\/uploads\/sites\/2\/mcx\/2023-6\/Header_lukiot2019-1024x722.jpg 1024w, https:\/\/suomenrehtorit.fi\/web\/wp-content\/uploads\/sites\/2\/mcx\/2023-6\/Header_lukiot2019-768x541.jpg 768w, https:\/\/suomenrehtorit.fi\/web\/wp-content\/uploads\/sites\/2\/mcx\/2023-6\/Header_lukiot2019-252x178.jpg 252w, https:\/\/suomenrehtorit.fi\/web\/wp-content\/uploads\/sites\/2\/mcx\/2023-6\/Header_lukiot2019-522x368.jpg 522w, https:\/\/suomenrehtorit.fi\/web\/wp-content\/uploads\/sites\/2\/mcx\/2023-6\/Header_lukiot2019-792x558.jpg 792w, https:\/\/suomenrehtorit.fi\/web\/wp-content\/uploads\/sites\/2\/mcx\/2023-6\/Header_lukiot2019-1062x748.jpg 1062w, https:\/\/suomenrehtorit.fi\/web\/wp-content\/uploads\/sites\/2\/mcx\/2023-6\/Header_lukiot2019.jpg 1250w\" sizes=\"auto, (max-width: 300px) 100vw, 300px\" \/><\/p>\n<h2>Yliopisto-opintoja valtakunnallisesti lukioille: ryhm\u00e4ilmoittautuminen 31.8. menness\u00e4<\/h2>\n<p>Lukiolain muutos ohjaa lukioita j\u00e4rjest\u00e4m\u00e4\u00e4n osan lukiokoulutuksen oppim\u00e4\u00e4r\u00e4n opinnoista yhteisty\u00f6ss\u00e4 korkeakoulujen kanssa. Yhteisen\u00e4 tavoitteena on tukea sujuvampaa siirtym\u00e4\u00e4 jatko-opintoihin. Jyv\u00e4skyl\u00e4n yliopiston avoin yliopisto tuo <a href=\"https:\/\/www.avoin.jyu.fi\/fi\/opintotarjonta\/opinnot-lukioille\" target=\"_blank\" rel=\"noopener noreferrer\">lukioille mahdollisuuden nostaa opintotarjottimille yliopisto-opintojen jaksoja<\/a>, jotka on suunniteltu lukiolaisille. T\u00e4m\u00e4 mahdollistaa opiskelijoille tutustumisen korkea-asteen opiskeluun ja eri tieteenaloihin.<br \/>\nTarjonnassa on opintojaksoja liikunta- ja terveystieteist\u00e4 kauppatieteisiin, kieliin ja luonnontieteisiin. Liiketalouden kurssit JYU tarjoaa <a href=\"http:\/\/www.tat.fi\" target=\"_blank\" rel=\"noopener noreferrer\">Talous ja nuoret TATin kanssa<\/a>. N\u00e4m\u00e4 kurssit ovat lukioille maksuttomia. Muutoin opintojen hinta on 15 e opintopisteelt\u00e4.<br \/>\nYliopistoon orientoiviin opintoihin ilmoittaudutaan lukuvuonna 2019\u20132020 ryhm\u00e4ilmoittautumisena lukioista k\u00e4sin 31.8. menness\u00e4.<br \/>\nTutustukaa lukioille tarjottavaan yliopisto-opintojen tarjontaan. Ilmoittautumisohjeet <a href=\"https:\/\/www.avoin.jyu.fi\/fi\/opintotarjonta\/opinnot-lukioille\" target=\"_blank\" rel=\"noopener noreferrer\">l\u00f6ytyv\u00e4t verkkosivuiltamme<\/a>. Lis\u00e4tietoja koulutusp\u00e4\u00e4llik\u00f6ilt\u00e4mme <a href=\"https:\/\/www.avoin.jyu.fi\/fi\/avoin-yliopisto\/henkilokuntamme\/harvisalo-sisko\" target=\"_blank\" rel=\"noopener noreferrer\">Sisko Harvisalolta<\/a> ja <a href=\"https:\/\/www.avoin.jyu.fi\/fi\/avoin-yliopisto\/henkilokuntamme\/nummi-susanna\" target=\"_blank\" rel=\"noopener noreferrer\">Susanna Nummelta<\/a>.<br \/>\n<a href=\"https:\/\/www.avoin.jyu.fi\/fi\/opintotarjonta\/opinnot-lukioille\" target=\"_blank\" rel=\"noopener noreferrer\">Lue lukioille tarjottavista yliopisto-opinnoista \u00bb<\/a><\/p>\n<p><img loading=\"lazy\" decoding=\"async\" class=\"alignnone size-medium wp-image-1238\" src=\"https:\/\/suomenrehtorit.fi\/web\/wp-content\/uploads\/sites\/2\/mcx\/2023-6\/Rehtori-tarkein-Pro-Rexi-300x137.png\" alt=\"\" width=\"300\" height=\"137\" srcset=\"https:\/\/suomenrehtorit.fi\/web\/wp-content\/uploads\/sites\/2\/mcx\/2023-6\/Rehtori-tarkein-Pro-Rexi-300x137.png 300w, https:\/\/suomenrehtorit.fi\/web\/wp-content\/uploads\/sites\/2\/mcx\/2023-6\/Rehtori-tarkein-Pro-Rexi-768x351.png 768w, https:\/\/suomenrehtorit.fi\/web\/wp-content\/uploads\/sites\/2\/mcx\/2023-6\/Rehtori-tarkein-Pro-Rexi-252x115.png 252w, https:\/\/suomenrehtorit.fi\/web\/wp-content\/uploads\/sites\/2\/mcx\/2023-6\/Rehtori-tarkein-Pro-Rexi-522x239.png 522w, https:\/\/suomenrehtorit.fi\/web\/wp-content\/uploads\/sites\/2\/mcx\/2023-6\/Rehtori-tarkein-Pro-Rexi-792x362.png 792w, https:\/\/suomenrehtorit.fi\/web\/wp-content\/uploads\/sites\/2\/mcx\/2023-6\/Rehtori-tarkein-Pro-Rexi.png 955w\" sizes=\"auto, (max-width: 300px) 100vw, 300px\" \/><\/p>\n<h1>Pro Rexi 21.-22.11.2019 Dipoli, Espoo<\/h1>\n<p><a href=\"https:\/\/surefire.fi\/web\/event\/pro-rexi-2019\/\" target=\"_blank\" rel=\"noopener noreferrer\">Ilmoittautuminen on avautunut!\u00a0<\/a><\/p>\n<p>Early Rexi &#8211; hinta elokuun loppuun asti.<\/p>\n<p>&nbsp;<\/p>\n<h2>Kuntien kehitt\u00e4miseen varattua resurssia<\/h2>\n<p>Katso ja ilmoittaudu mukaan!<\/p>\n<p>https:\/\/surefire.fi\/web\/2019\/08\/15\/kuntekon-syksyn-2019-tilaisuudet-ja-tapahtumat\/<\/p>\n","protected":false},"excerpt":{"rendered":"<p>Puheenjohtajalta Koulutielle l\u00e4hdet\u00e4\u00e4n varsin tasaisin taidoin N\u00e4in uuden lukuvuoden alkuun on kiinnostavaa tutustua Kansallisen koulutuksen arviointikeskuksen Karvi:n suorittamaan ekaluokkalaisten matematiikan ja \u00e4idinkielentaitoja selvitt\u00e4neeseen arviointiin. On mit\u00e4 ilahduttavinta , ett\u00e4 koulutulokkaiden taidot olivat kokonaisuutena tarkastellen varsin samaa tasoa eri puolilla Suomea vaikka yksil\u00f6lliset erot sis\u00e4lsiv\u00e4t toki paljon vaihtelua. Merkitt\u00e4v\u00e4\u00e4 eroa ei ollut tytt\u00f6jen ja poikien v\u00e4lill\u00e4, &#8230; <a title=\"J\u00e4senkirje 7\/2019\" class=\"read-more\" href=\"https:\/\/suomenrehtorit.fi\/web\/2019\/08\/15\/jasenkirje-7-2019\/\" aria-label=\"Lue lis\u00e4\u00e4 aiheesta J\u00e4senkirje 7\/2019\">Lue lis\u00e4\u00e4<\/a><\/p>\n","protected":false},"author":3,"featured_media":0,"comment_status":"closed","ping_status":"closed","sticky":false,"template":"","format":"standard","meta":{"_uag_custom_page_level_css":"","footnotes":""},"categories":[23,24],"tags":[],"class_list":["post-1227","post","type-post","status-publish","format-standard","hentry","category-jasenkirje","category-uutisarkisto"],"uagb_featured_image_src":{"full":false,"thumbnail":false,"medium":false,"medium_large":false,"large":false,"magazine-cw3":false,"magazine-cw6":false,"magazine-cw9":false,"magazine-cw12":false,"magazine-thumb":false,"magazine-toc":false,"1536x1536":false,"2048x2048":false,"gform-image-choice-sm":false,"gform-image-choice-md":false,"gform-image-choice-lg":false},"uagb_author_info":{"display_name":"Admin","author_link":"https:\/\/suomenrehtorit.fi\/web\/author\/toni-lehtinen\/"},"uagb_comment_info":0,"uagb_excerpt":"Puheenjohtajalta Koulutielle l\u00e4hdet\u00e4\u00e4n varsin tasaisin taidoin N\u00e4in uuden lukuvuoden alkuun on kiinnostavaa tutustua Kansallisen koulutuksen arviointikeskuksen Karvi:n suorittamaan ekaluokkalaisten matematiikan ja \u00e4idinkielentaitoja selvitt\u00e4neeseen arviointiin. On mit\u00e4 ilahduttavinta , ett\u00e4 koulutulokkaiden taidot olivat kokonaisuutena tarkastellen varsin samaa tasoa eri puolilla Suomea vaikka yksil\u00f6lliset erot sis\u00e4lsiv\u00e4t toki paljon vaihtelua. Merkitt\u00e4v\u00e4\u00e4 eroa ei ollut tytt\u00f6jen ja poikien v\u00e4lill\u00e4,&hellip;","_links":{"self":[{"href":"https:\/\/suomenrehtorit.fi\/web\/wp-json\/wp\/v2\/posts\/1227","targetHints":{"allow":["GET"]}}],"collection":[{"href":"https:\/\/suomenrehtorit.fi\/web\/wp-json\/wp\/v2\/posts"}],"about":[{"href":"https:\/\/suomenrehtorit.fi\/web\/wp-json\/wp\/v2\/types\/post"}],"author":[{"embeddable":true,"href":"https:\/\/suomenrehtorit.fi\/web\/wp-json\/wp\/v2\/users\/3"}],"replies":[{"embeddable":true,"href":"https:\/\/suomenrehtorit.fi\/web\/wp-json\/wp\/v2\/comments?post=1227"}],"version-history":[{"count":1,"href":"https:\/\/suomenrehtorit.fi\/web\/wp-json\/wp\/v2\/posts\/1227\/revisions"}],"predecessor-version":[{"id":1810,"href":"https:\/\/suomenrehtorit.fi\/web\/wp-json\/wp\/v2\/posts\/1227\/revisions\/1810"}],"wp:attachment":[{"href":"https:\/\/suomenrehtorit.fi\/web\/wp-json\/wp\/v2\/media?parent=1227"}],"wp:term":[{"taxonomy":"category","embeddable":true,"href":"https:\/\/suomenrehtorit.fi\/web\/wp-json\/wp\/v2\/categories?post=1227"},{"taxonomy":"post_tag","embeddable":true,"href":"https:\/\/suomenrehtorit.fi\/web\/wp-json\/wp\/v2\/tags?post=1227"}],"curies":[{"name":"wp","href":"https:\/\/api.w.org\/{rel}","templated":true}]}}