{"id":1272,"date":"2021-02-15T10:10:28","date_gmt":"2021-02-15T10:10:28","guid":{"rendered":"https:\/\/suomenrehtorit.fi\/web\/?p=1272"},"modified":"2023-08-07T06:46:37","modified_gmt":"2023-08-07T06:46:37","slug":"jasenkirje-2-2021","status":"publish","type":"post","link":"https:\/\/suomenrehtorit.fi\/web\/2021\/02\/15\/jasenkirje-2-2021\/","title":{"rendered":"J\u00e4senkirje 2\/2021"},"content":{"rendered":"<h1>Puheenjohtajalta<\/h1>\n<figure id=\"attachment_3740\" aria-describedby=\"caption-attachment-3740\" style=\"width: 778px\" class=\"wp-caption alignnone\"><img loading=\"lazy\" decoding=\"async\" class=\"size-large wp-image-762\" src=\"https:\/\/suomenrehtorit.fi\/web\/wp-content\/uploads\/sites\/2\/mcx\/2023-6\/Antti-uusin-788x1024.jpg\" alt=\"\" width=\"788\" height=\"1024\" srcset=\"https:\/\/suomenrehtorit.fi\/web\/wp-content\/uploads\/sites\/2\/mcx\/2023-6\/Antti-uusin-788x1024.jpg 788w, https:\/\/suomenrehtorit.fi\/web\/wp-content\/uploads\/sites\/2\/mcx\/2023-6\/Antti-uusin-231x300.jpg 231w, https:\/\/suomenrehtorit.fi\/web\/wp-content\/uploads\/sites\/2\/mcx\/2023-6\/Antti-uusin-768x999.jpg 768w, https:\/\/suomenrehtorit.fi\/web\/wp-content\/uploads\/sites\/2\/mcx\/2023-6\/Antti-uusin-252x328.jpg 252w, https:\/\/suomenrehtorit.fi\/web\/wp-content\/uploads\/sites\/2\/mcx\/2023-6\/Antti-uusin-522x679.jpg 522w, https:\/\/suomenrehtorit.fi\/web\/wp-content\/uploads\/sites\/2\/mcx\/2023-6\/Antti-uusin-792x1030.jpg 792w, https:\/\/suomenrehtorit.fi\/web\/wp-content\/uploads\/sites\/2\/mcx\/2023-6\/Antti-uusin.jpg 866w\" sizes=\"auto, (max-width: 788px) 100vw, 788px\" \/><figcaption id=\"caption-attachment-3740\" class=\"wp-caption-text\">Antti Ikonen<br \/>pj Suomen Rehtorit<br \/>twitter: @AnttiIkonen<\/figcaption><\/figure>\n<h2>SURE:n ilmapuntari puhuttelee<\/h2>\n<p style=\"text-align: justify;\">Pian liki vuoden jyll\u00e4nnyt koronavirusepidemia on haastanut koulut kuluvan lukuvuoden aikana monin tavoin. Koska viime kev\u00e4\u00e4n\u00e4 tehdyst\u00e4 rehtoribarometrist\u00e4 on kulunut puoli vuotta, halusimme toteuttaa nopean ilmapuntarikyselyn j\u00e4senist\u00f6llemme ajankohtaisista ty\u00f6hyvinvoinnin haasteista sek\u00e4 niiden nujertamiskeinoista. Kiitos kaikille vastanneille! Tulokset olivat hyvin puhuttelevia, ja k\u00e4yn l\u00e4pi keskeisimpi\u00e4 huomioita seuraavassa Rexi-lehdess\u00e4. Nostamme my\u00f6s j\u00e4rjest\u00f6n somekanaville n\u00e4kyviin osuvimpia ja kuvaavimpia kommentteja, joista ensimm\u00e4iset maistiaiset ovat jo n\u00e4kyvill\u00e4 SURE:n eri kanavilla (Facebook, Twitter, Instagram). Jos jaat kollegasi ilmaisun, anna sen n\u00e4ky\u00e4 ja k\u00e4y tykk\u00e4\u00e4m\u00e4ss\u00e4 ja jaa se omilla somekanavillasi. Oppilaitosjohtajan ty\u00f6n ilojen ja surujen n\u00e4kyv\u00e4ksi tekeminen on meid\u00e4n kaikkien yhteinen teht\u00e4v\u00e4, joka parhaimmillaan lis\u00e4\u00e4 arvokkaan ty\u00f6mme ymm\u00e4rryst\u00e4.<\/p>\n<p><img loading=\"lazy\" decoding=\"async\" class=\"alignnone size-full wp-image-1273\" src=\"https:\/\/suomenrehtorit.fi\/web\/wp-content\/uploads\/sites\/2\/mcx\/2023-6\/Tyonilo1.png\" alt=\"\" width=\"1024\" height=\"512\" srcset=\"https:\/\/suomenrehtorit.fi\/web\/wp-content\/uploads\/sites\/2\/mcx\/2023-6\/Tyonilo1.png 1024w, https:\/\/suomenrehtorit.fi\/web\/wp-content\/uploads\/sites\/2\/mcx\/2023-6\/Tyonilo1-300x150.png 300w, https:\/\/suomenrehtorit.fi\/web\/wp-content\/uploads\/sites\/2\/mcx\/2023-6\/Tyonilo1-768x384.png 768w, https:\/\/suomenrehtorit.fi\/web\/wp-content\/uploads\/sites\/2\/mcx\/2023-6\/Tyonilo1-252x126.png 252w, https:\/\/suomenrehtorit.fi\/web\/wp-content\/uploads\/sites\/2\/mcx\/2023-6\/Tyonilo1-522x261.png 522w, https:\/\/suomenrehtorit.fi\/web\/wp-content\/uploads\/sites\/2\/mcx\/2023-6\/Tyonilo1-792x396.png 792w\" sizes=\"auto, (max-width: 1024px) 100vw, 1024px\" \/><\/p>\n<p>&nbsp;<\/p>\n<h2>Esimiesty\u00f6n laatu koheni koronavuoden aikana \u2013 rehtoreille iso kiitos!<\/h2>\n<p style=\"text-align: justify;\">SURE:n ilmapuntarilla on my\u00f6s toinen t\u00e4rke\u00e4 teht\u00e4v\u00e4. Olen saanut kuluneiden kahden viikon aikana vastata niin OAJ:n kuin OPH:n johdonkin suuntaan, mitk\u00e4 ovat juuri t\u00e4ll\u00e4 hetkell\u00e4 oppilaitosjohtajien ajankohtaiset ty\u00f6hyvinvoinnin kysymykset. Tiedustelut osoittavat, ett\u00e4 ty\u00f6hyvinvointi todella ymm\u00e4rret\u00e4\u00e4n raskaan sarjan kysymykseksi n\u00e4in\u00e4 eriskummallisina aikoina. Ilmapuntarin vastaukset osoittavat, ett\u00e4 haasteiden voittaminen ei ole rakettitiedett\u00e4. Pandemia on opettanut arvostamaan hyvin yksinkertaisia hyv\u00e4n el\u00e4m\u00e4n ja ty\u00f6el\u00e4m\u00e4n perusasioita. Epidemia on my\u00f6s osoittanut kouriintuntuvasti, miten valtavan t\u00e4rke\u00e4ss\u00e4 roolissa esimiehet ovat niin koko oppilaitoksensa henkil\u00f6kunnan kuin oppilas- ja opiskelijayhteis\u00f6nkin hyvinvoinnin takaajina. OAJ:n tekemien hyvinvoinnin fiilismittarikyselyjen mukaan esimiesten kannustavuus on koronasta huolimatta kasvanut vuoden aikana. My\u00f6s kokemus siit\u00e4, ett\u00e4 ty\u00f6ntekij\u00e4t p\u00e4\u00e4sev\u00e4t vaikuttamaan ty\u00f6t\u00e4\u00e4n koskeviin p\u00e4\u00e4t\u00f6ksiin, on selv\u00e4sti parantunut. T\u00e4m\u00e4n tuloksen haluan jakaa kaikille SURE:n j\u00e4senille, sill\u00e4 se on komea kiitos eritt\u00e4in hyvin tehdyst\u00e4 ty\u00f6st\u00e4 pandemiaoloissa!<\/p>\n<p><img loading=\"lazy\" decoding=\"async\" class=\"alignnone size-full wp-image-1274\" src=\"https:\/\/suomenrehtorit.fi\/web\/wp-content\/uploads\/sites\/2\/mcx\/2023-6\/kannustava.png\" alt=\"\" width=\"643\" height=\"352\" srcset=\"https:\/\/suomenrehtorit.fi\/web\/wp-content\/uploads\/sites\/2\/mcx\/2023-6\/kannustava.png 643w, https:\/\/suomenrehtorit.fi\/web\/wp-content\/uploads\/sites\/2\/mcx\/2023-6\/kannustava-300x164.png 300w, https:\/\/suomenrehtorit.fi\/web\/wp-content\/uploads\/sites\/2\/mcx\/2023-6\/kannustava-252x138.png 252w, https:\/\/suomenrehtorit.fi\/web\/wp-content\/uploads\/sites\/2\/mcx\/2023-6\/kannustava-522x286.png 522w\" sizes=\"auto, (max-width: 643px) 100vw, 643px\" \/><\/p>\n<p>&nbsp;<\/p>\n<h2>Tervetuloa tutkivien rehtoreiden verkostoon<\/h2>\n<p style=\"text-align: justify;\">Yksi Suomen Rehtoreiden t\u00e4rkeimpi\u00e4 teht\u00e4vi\u00e4 on ammatillisten kehitt\u00e4misverkostojen tarjoaminen j\u00e4senilleen. Yksi hieno mahdollisuus on tutkivien rehtoreiden verkosto, johon tutkimusty\u00f6t\u00e4 tekev\u00e4t j\u00e4senemme ovat l\u00e4mpim\u00e4sti tervetulleita. Tutkivia rehtoreita yhdist\u00e4\u00e4 halu kehitt\u00e4\u00e4 omaa osaamistaan ja k\u00e4yd\u00e4 sparraavaa keskustelua toisten tutkimusty\u00f6t\u00e4 ty\u00f6ns\u00e4 ohella tekevien rehtoreiden kanssa. Tutkivien rehtoreiden verkostoa on vet\u00e4nyt viime vuosina rehtori, KT Kaisa Isotalo Sein\u00e4joelta. Kaisan sanoin porukan kannustavat kommentit kantavat tutkimusta karikoiden yli ja samalla voi aueta kanavia viesti\u00e4 tutkimuksen tuloksista. Ajan hengen mukaisesti my\u00f6s tutkivien rehtoreiden seuraava tapaaminen tapahtuu et\u00e4n\u00e4 tiistaina 27.4.2021 klo 18. Jos olet kiinnostunut osallistumaan t\u00e4h\u00e4n verkostoon, ota yhteytt\u00e4 kaisa.isotalo@seinajoki.fi ja kysy mahdollisuuksia esitell\u00e4 omaa tutkimustasi. Ilmoittautumiset oheisen <strong><a href=\"https:\/\/forms.office.com\/Pages\/ResponsePage.aspx?id=XRuXCE4OlUmMFER590nyIzwsmIHAMj1Itfa4aQsdsGZURjUxRjJEQ1NEM0xLVVc5QjdUVUNXM1VFRS4u\" target=\"_blank\" rel=\"noopener noreferrer\">linkin<\/a><\/strong> kautta.<\/p>\n<p><img loading=\"lazy\" decoding=\"async\" class=\"alignnone wp-image-890 size-full\" src=\"https:\/\/suomenrehtorit.fi\/web\/wp-content\/uploads\/sites\/2\/mcx\/2023-6\/tyopoyta.jpg\" alt=\"\" width=\"466\" height=\"340\" srcset=\"https:\/\/suomenrehtorit.fi\/web\/wp-content\/uploads\/sites\/2\/mcx\/2023-6\/tyopoyta.jpg 466w, https:\/\/suomenrehtorit.fi\/web\/wp-content\/uploads\/sites\/2\/mcx\/2023-6\/tyopoyta-300x219.jpg 300w, https:\/\/suomenrehtorit.fi\/web\/wp-content\/uploads\/sites\/2\/mcx\/2023-6\/tyopoyta-252x184.jpg 252w\" sizes=\"auto, (max-width: 466px) 100vw, 466px\" \/><\/p>\n<h2>Uusi ohjelma kiusaamisen kitkemiseen<\/h2>\n<p style=\"text-align: justify;\">Opetus- ja kulttuuriministeri\u00f6 julkisti tammikuun lopussa eri hallinnonalojen toimista koostuvan odotetun ja verraten laajan <strong><a href=\"https:\/\/minedu.fi\/kiusaamisen-ehkaisemisohjelma\" target=\"_blank\" rel=\"noopener noreferrer\">ohjelman kiusaamisen, v\u00e4kivallan ja h\u00e4irinn\u00e4n kitkemiseksi<\/a><\/strong>. Tavoitteena on \u2013 ei enemp\u00e4\u00e4 eik\u00e4 v\u00e4hemp\u00e4\u00e4 kuin \u2013 nollatoleranssi kaikelle edell\u00e4 mainitulle. <strong><a href=\"https:\/\/www.hs.fi\/kotimaa\/art-2000007764332.html\" target=\"_blank\" rel=\"noopener noreferrer\">Ohjelmaa voi kiitt\u00e4\u00e4<\/a><\/strong> siit\u00e4, ett\u00e4 se tunnistaa ei-toivotun k\u00e4ytt\u00e4ytymisen kitkenn\u00e4n monitasoisuuden ja k\u00e4y nujertamisty\u00f6h\u00f6n laajan toimenpideohjelman avulla. Se tunnistaa, ett\u00e4 h\u00e4iri\u00f6k\u00e4ytt\u00e4ytyminen heijastuu kaikkiin yhteiskunnan toiminnan osa-alueisiin, joista oppilaitokset ovat vain yksi. Ohjelmaan on kirjattu lains\u00e4\u00e4d\u00e4nn\u00f6n kehitt\u00e4mistavoite opiskeluymp\u00e4rist\u00f6n turvaamiseksi. Se sis\u00e4lt\u00e4\u00e4 mm. ehdotuksen, ett\u00e4 opetuksen ep\u00e4\u00e4misen pituus kasvaa perusopetuksessa kahteen koulup\u00e4iv\u00e4\u00e4n turvallisuuden takaamiseksi. Monipuolinen ohjelma tunnistaa kehitt\u00e4mist\u00e4 vaativiksi toimiksi my\u00f6s henkil\u00f6st\u00f6n ja johdon kouluttamisen sek\u00e4 useita ennaltaehk\u00e4isevi\u00e4 moniammatillisen yhteisty\u00f6n muotoja. T\u00e4ss\u00e4kin t\u00e4rke\u00e4\u00e4 on siirtyminen pian suunnitelmista toimenpiteisiin samoin kuin ohjelman toteuttamisen vaatima resursointi.<\/p>\n<p><img loading=\"lazy\" decoding=\"async\" class=\"alignnone size-full wp-image-1277\" src=\"https:\/\/suomenrehtorit.fi\/web\/wp-content\/uploads\/sites\/2\/mcx\/2023-6\/Kuva3.png\" alt=\"\" width=\"643\" height=\"608\" srcset=\"https:\/\/suomenrehtorit.fi\/web\/wp-content\/uploads\/sites\/2\/mcx\/2023-6\/Kuva3.png 643w, https:\/\/suomenrehtorit.fi\/web\/wp-content\/uploads\/sites\/2\/mcx\/2023-6\/Kuva3-300x284.png 300w, https:\/\/suomenrehtorit.fi\/web\/wp-content\/uploads\/sites\/2\/mcx\/2023-6\/Kuva3-252x238.png 252w, https:\/\/suomenrehtorit.fi\/web\/wp-content\/uploads\/sites\/2\/mcx\/2023-6\/Kuva3-522x494.png 522w\" sizes=\"auto, (max-width: 643px) 100vw, 643px\" \/><\/p>\n<h2>Suomen Rehtoreiden vuosikokous pidettiin 4.2.2021 \u2013 ty\u00f6 puheenjohtajana jatkuu<\/h2>\n<p style=\"text-align: justify;\">Er\u00e4\u00e4nlainen koronavuoden aiheuttama muutos koettiin my\u00f6s siin\u00e4, ett\u00e4 j\u00e4rjest\u00f6mme vuosikokous j\u00e4rjestettiin t\u00e4ll\u00e4 kertaa poikkeuksellisesti ja ensimm\u00e4ist\u00e4 kertaa et\u00e4yhteyksien kautta. Vuosikokous on j\u00e4rjest\u00f6n t\u00e4rkein kokous, joka sis\u00e4lsi my\u00f6s henkil\u00f6valintoja. Olen saanut tehd\u00e4 omasta mielest\u00e4ni yht\u00e4 merkityksellisint\u00e4 ajateltavissa olevaa luottamusteht\u00e4v\u00e4\u00e4 t\u00e4m\u00e4n hienon j\u00e4rjest\u00f6n puheenjohtajana. Kun vuosikokous nyt vahvisti p\u00e4\u00e4t\u00f6ksell\u00e4\u00e4n t\u00e4m\u00e4n ty\u00f6n jatkuvan, koen sek\u00e4 kiitollisuutta ett\u00e4 n\u00f6yryytt\u00e4.<\/p>\n<p style=\"text-align: justify;\">Ty\u00f6skentely rehtoreiden ammattikunnan asioiden edist\u00e4miseksi on vaativaa ja yhteensovittavaa. Toisaalta erilaisia intressej\u00e4 ja asioita on todella paljon, ja teht\u00e4vien m\u00e4\u00e4r\u00e4 on kokonaisuudessaan iso. Mutta toisaalta juuri mik\u00e4\u00e4n muu ei ole niin palkitsevaa kuin se, ett\u00e4 sitkeytt\u00e4 ja m\u00e4\u00e4r\u00e4tietoista toimintaa vaativissa asioissa p\u00e4\u00e4st\u00e4\u00e4n pienin askelin eteenp\u00e4in \u2013 kiitos lukuisten t\u00e4rkeiden ihmisten hyv\u00e4n yhteisty\u00f6n. T\u00e4ss\u00e4 suhteessa t\u00e4rkeimpi\u00e4 toimijoita j\u00e4rjest\u00f6n piiriss\u00e4 ovat varapuheenjohtaja ja j\u00e4rjest\u00f6sihteeri, istuva hallitus varaj\u00e4senineen, alueyhdistysten puheenjohtajisto mutta my\u00f6s koko aktiivisen j\u00e4senkuntamme suurenmoinen joukko. Onnittelen teit\u00e4 kaikkia, niin uusia kuin teht\u00e4viss\u00e4nne jatkavia: k\u00e4\u00e4rit\u00e4\u00e4n hihat rullalle ja jatketaan ty\u00f6t\u00e4mme Suomen Rehtoreiden hyv\u00e4ksi.<\/p>\n<p>Antti Ikonen<br \/>\npj Suomen Rehtorit<br \/>\n@Antti Ikonen<\/p>\n<p>&nbsp;<\/p>\n<p>&nbsp;<\/p>\n<p><img loading=\"lazy\" decoding=\"async\" class=\"alignnone size-large wp-image-1286\" src=\"https:\/\/suomenrehtorit.fi\/web\/wp-content\/uploads\/sites\/2\/mcx\/2023-6\/ETL_Maistuva_paiva_bannerikuva_logolla-1024x190.jpg\" alt=\"\" width=\"980\" height=\"182\" srcset=\"https:\/\/suomenrehtorit.fi\/web\/wp-content\/uploads\/sites\/2\/mcx\/2023-6\/ETL_Maistuva_paiva_bannerikuva_logolla-1024x190.jpg 1024w, https:\/\/suomenrehtorit.fi\/web\/wp-content\/uploads\/sites\/2\/mcx\/2023-6\/ETL_Maistuva_paiva_bannerikuva_logolla-300x56.jpg 300w, https:\/\/suomenrehtorit.fi\/web\/wp-content\/uploads\/sites\/2\/mcx\/2023-6\/ETL_Maistuva_paiva_bannerikuva_logolla-768x143.jpg 768w, https:\/\/suomenrehtorit.fi\/web\/wp-content\/uploads\/sites\/2\/mcx\/2023-6\/ETL_Maistuva_paiva_bannerikuva_logolla-252x47.jpg 252w, https:\/\/suomenrehtorit.fi\/web\/wp-content\/uploads\/sites\/2\/mcx\/2023-6\/ETL_Maistuva_paiva_bannerikuva_logolla-522x97.jpg 522w, https:\/\/suomenrehtorit.fi\/web\/wp-content\/uploads\/sites\/2\/mcx\/2023-6\/ETL_Maistuva_paiva_bannerikuva_logolla-792x147.jpg 792w, https:\/\/suomenrehtorit.fi\/web\/wp-content\/uploads\/sites\/2\/mcx\/2023-6\/ETL_Maistuva_paiva_bannerikuva_logolla-1062x197.jpg 1062w, https:\/\/suomenrehtorit.fi\/web\/wp-content\/uploads\/sites\/2\/mcx\/2023-6\/ETL_Maistuva_paiva_bannerikuva_logolla-1536x286.jpg 1536w, https:\/\/suomenrehtorit.fi\/web\/wp-content\/uploads\/sites\/2\/mcx\/2023-6\/ETL_Maistuva_paiva_bannerikuva_logolla.jpg 1920w\" sizes=\"auto, (max-width: 980px) 100vw, 980px\" \/><\/p>\n<h1>Maistuva p\u00e4iv\u00e4 tekee elintarvikealaa tutuksi<\/h1>\n<p>Maistuva p\u00e4iv\u00e4 esittelee elintarvikealaa sek\u00e4 sen ty\u00f6- ja koulutusmahdollisuuksia nuorille.<\/p>\n<p>Aiempina vuosina yritysvierailuina j\u00e4rjestetty tempaus siirtyy kev\u00e4\u00e4ll\u00e4 2021 verkkoon, kun Elintarviketeollisuusliitto julkaisee alaa esittelevi\u00e4 videoita ja PowerPoint\/PDF-materiaalia verkkosivuillaan. Elintarviketeollisuuden ty\u00f6t\u00e4, innovaatioita ja vastuullisuutta k\u00e4sittelev\u00e4t videoit juontaa suosikkitubettaja Roni Back.<\/p>\n<p>Sis\u00e4lt\u00f6j\u00e4 voidaan k\u00e4ytt\u00e4\u00e4 esimerkiksi opinto-ohjauksen ja ammatinvalinta- tai koulutuskeskustelujen tukena. Ty\u00f6 elintarviketeollisuudessa -teemavideo sopii my\u00f6s kotitalousopetuksen yhteyteen. Teemavideoita innovaatioista ja vastuullisuudesta voi puolestaan hy\u00f6dynt\u00e4\u00e4 esimerkiksi luonnontiedeaineiden opetuksessa.<\/p>\n<p>Videot ja materiaalipaketti julkaistaan viikon 7 (15.-21.2.) aikana osoitteessa <a href=\"http:\/\/www.etl.fi\/maistuva-paiva\" target=\"_blank\" rel=\"noopener noreferrer\">www.etl.fi\/maistuva-paiva<\/a>.<\/p>\n<h1>Varapuheenjohtajan terveiset<\/h1>\n<p><img loading=\"lazy\" decoding=\"async\" class=\"alignnone size-large wp-image-1287\" src=\"https:\/\/suomenrehtorit.fi\/web\/wp-content\/uploads\/sites\/2\/mcx\/2023-6\/Paivi-Ikola-scaled-1-683x1024.jpg\" alt=\"\" width=\"683\" height=\"1024\" srcset=\"https:\/\/suomenrehtorit.fi\/web\/wp-content\/uploads\/sites\/2\/mcx\/2023-6\/Paivi-Ikola-scaled-1-683x1024.jpg 683w, https:\/\/suomenrehtorit.fi\/web\/wp-content\/uploads\/sites\/2\/mcx\/2023-6\/Paivi-Ikola-scaled-1-200x300.jpg 200w, https:\/\/suomenrehtorit.fi\/web\/wp-content\/uploads\/sites\/2\/mcx\/2023-6\/Paivi-Ikola-scaled-1-768x1152.jpg 768w, https:\/\/suomenrehtorit.fi\/web\/wp-content\/uploads\/sites\/2\/mcx\/2023-6\/Paivi-Ikola-scaled-1-252x378.jpg 252w, https:\/\/suomenrehtorit.fi\/web\/wp-content\/uploads\/sites\/2\/mcx\/2023-6\/Paivi-Ikola-scaled-1-522x783.jpg 522w, https:\/\/suomenrehtorit.fi\/web\/wp-content\/uploads\/sites\/2\/mcx\/2023-6\/Paivi-Ikola-scaled-1-792x1188.jpg 792w, https:\/\/suomenrehtorit.fi\/web\/wp-content\/uploads\/sites\/2\/mcx\/2023-6\/Paivi-Ikola-scaled-1-1062x1593.jpg 1062w, https:\/\/suomenrehtorit.fi\/web\/wp-content\/uploads\/sites\/2\/mcx\/2023-6\/Paivi-Ikola-scaled-1-1024x1536.jpg 1024w, https:\/\/suomenrehtorit.fi\/web\/wp-content\/uploads\/sites\/2\/mcx\/2023-6\/Paivi-Ikola-scaled-1-1366x2048.jpg 1366w, https:\/\/suomenrehtorit.fi\/web\/wp-content\/uploads\/sites\/2\/mcx\/2023-6\/Paivi-Ikola-scaled-1.jpg 1707w\" sizes=\"auto, (max-width: 683px) 100vw, 683px\" \/><\/p>\n<h2>KIITOS SINULLE! &#8211; VARAPUHEENJOHTAJAN PESTINI UUSITTIIN<\/h2>\n<p style=\"text-align: justify;\">Hyv\u00e4 SURElainen, kiitos luottamuksesta varapuheenjohtajan teht\u00e4v\u00e4\u00e4ni. Odotan mielenkiinnolla uutta kautta ja jatkan arvokasta ty\u00f6t\u00e4 sinun ja meid\u00e4n kaikkien hyv\u00e4ksi. Ovi on nyt avattu pitk\u00e4j\u00e4nteiselle ty\u00f6lle, kuten my\u00f6s mahdollisten muutosten aikaikkuna. Annan itselleni luvan uppoutua teht\u00e4v\u00e4\u00e4n t\u00e4ysill\u00e4, luvan hyp\u00e4t\u00e4 uusiin haasteisiin &#8211; sinun tuellasi.<\/p>\n<p><img loading=\"lazy\" decoding=\"async\" class=\"alignnone wp-image-724 size-large\" src=\"https:\/\/suomenrehtorit.fi\/web\/wp-content\/uploads\/sites\/2\/mcx\/2023-6\/Laitisen-graduun-2-1024x328.jpeg\" alt=\"\" width=\"980\" height=\"314\" srcset=\"https:\/\/suomenrehtorit.fi\/web\/wp-content\/uploads\/sites\/2\/mcx\/2023-6\/Laitisen-graduun-2-1024x328.jpeg 1024w, https:\/\/suomenrehtorit.fi\/web\/wp-content\/uploads\/sites\/2\/mcx\/2023-6\/Laitisen-graduun-2-300x96.jpeg 300w, https:\/\/suomenrehtorit.fi\/web\/wp-content\/uploads\/sites\/2\/mcx\/2023-6\/Laitisen-graduun-2-768x246.jpeg 768w, https:\/\/suomenrehtorit.fi\/web\/wp-content\/uploads\/sites\/2\/mcx\/2023-6\/Laitisen-graduun-2-252x81.jpeg 252w, https:\/\/suomenrehtorit.fi\/web\/wp-content\/uploads\/sites\/2\/mcx\/2023-6\/Laitisen-graduun-2-522x167.jpeg 522w, https:\/\/suomenrehtorit.fi\/web\/wp-content\/uploads\/sites\/2\/mcx\/2023-6\/Laitisen-graduun-2-792x253.jpeg 792w, https:\/\/suomenrehtorit.fi\/web\/wp-content\/uploads\/sites\/2\/mcx\/2023-6\/Laitisen-graduun-2-1062x340.jpeg 1062w, https:\/\/suomenrehtorit.fi\/web\/wp-content\/uploads\/sites\/2\/mcx\/2023-6\/Laitisen-graduun-2-1536x492.jpeg 1536w, https:\/\/suomenrehtorit.fi\/web\/wp-content\/uploads\/sites\/2\/mcx\/2023-6\/Laitisen-graduun-2-2048x655.jpeg 2048w\" sizes=\"auto, (max-width: 980px) 100vw, 980px\" \/><\/p>\n<h2>MIK\u00c4\u00c4N EI OLE MAHDOTONTA<\/h2>\n<p style=\"text-align: justify;\">T\u00e4ss\u00e4 ajassa rehtorin teht\u00e4v\u00e4nkuva askarruttaa. Pro Rexi 2020 -koulutuspalautteessa er\u00e4s vastaaja kirjoitti: \u201dRehtoreiden ty\u00f6t\u00e4 ei ymm\u00e4rret\u00e4. Heill\u00e4 voi teett\u00e4\u00e4 vaikka kuinka paljon ty\u00f6t\u00e4.\u201d Rehtorin ty\u00f6n rajaaminen tuntuu olevan haaste kaikkialla &#8211; ei ainoastaan ty\u00f6teht\u00e4vien, vaan my\u00f6s ty\u00f6m\u00e4\u00e4r\u00e4n suhteen. Haluan vaikuttaa siihen, ett\u00e4 ymm\u00e4rrys ty\u00f6t\u00e4mme kohtaan lis\u00e4\u00e4ntyy, meille annetut teht\u00e4v\u00e4t ovat johtamisteht\u00e4vi\u00e4 ja suhteessa k\u00e4ytett\u00e4viss\u00e4 olevaan aikaan. Keskeist\u00e4 roolia t\u00e4ss\u00e4 n\u00e4yttelee rehtorin teht\u00e4v\u00e4nkuvan uudistaminen: uudistus on eritt\u00e4in merkitt\u00e4v\u00e4 toteutuessaan. T\u00e4m\u00e4 on tavoite, johon p\u00e4\u00e4seminen saattaa muistuttaa pikemminkin 3000 metrin estejuoksua tai viestijuoksua kuin 100 metrin pikamatkaa, mutta on kaiken sen arvoinen. Moni merkitt\u00e4v\u00e4 asia rakentuu askel askeleelta ja p\u00e4\u00e4m\u00e4\u00e4r\u00e4n saavuttamiseksi tarvitaan paljon yhteisty\u00f6t\u00e4 ja toimivia yhteiskuntasuhteita.<\/p>\n<p style=\"text-align: justify;\">Johtamisen voimavarojen puolustaminen ja siten SUREn tavoiteohjelman mukainen ty\u00f6skentely sopimusehtojen parantamiseksi jatkuu. Saavutetut tavoitteet on nyt tarkasteltu ja viel\u00e4 toteutumattomien tavoitteiden m\u00e4\u00e4r\u00e4tietoinen eteenp\u00e4in vieminen etenee tavoite kerrallaan. Katse on jo kohti seuraavia neuvotteluita.<\/p>\n<p style=\"text-align: justify;\">Koen ennen kaikkea olevani j\u00e4senten \u00e4\u00e4ni t\u00e4m\u00e4n huippuhienon ammatin ja sinun, meid\u00e4n terveyden ja hyvinvoinnin turvaamiseksi tulevaisuudessakin. Eih\u00e4n vaativiin urheilukilpailuihinkaan osallistuta p\u00e4ivitt\u00e4in aamusta iltaan yht\u00e4jaksoisesti kilpaillen. V\u00e4lill\u00e4 pit\u00e4\u00e4 harjoitella ja v\u00e4lill\u00e4 palautua. Tasapaino ty\u00f6n tekemisess\u00e4 on t\u00e4rke\u00e4\u00e4.<\/p>\n<p><img loading=\"lazy\" decoding=\"async\" class=\"alignnone size-large wp-image-1288\" src=\"https:\/\/suomenrehtorit.fi\/web\/wp-content\/uploads\/sites\/2\/mcx\/2023-6\/yhdessa-kadet-scaled-1-1024x424.jpeg\" alt=\"\" width=\"980\" height=\"406\" srcset=\"https:\/\/suomenrehtorit.fi\/web\/wp-content\/uploads\/sites\/2\/mcx\/2023-6\/yhdessa-kadet-scaled-1-1024x424.jpeg 1024w, https:\/\/suomenrehtorit.fi\/web\/wp-content\/uploads\/sites\/2\/mcx\/2023-6\/yhdessa-kadet-scaled-1-300x124.jpeg 300w, https:\/\/suomenrehtorit.fi\/web\/wp-content\/uploads\/sites\/2\/mcx\/2023-6\/yhdessa-kadet-scaled-1-768x318.jpeg 768w, https:\/\/suomenrehtorit.fi\/web\/wp-content\/uploads\/sites\/2\/mcx\/2023-6\/yhdessa-kadet-scaled-1-252x104.jpeg 252w, https:\/\/suomenrehtorit.fi\/web\/wp-content\/uploads\/sites\/2\/mcx\/2023-6\/yhdessa-kadet-scaled-1-522x216.jpeg 522w, https:\/\/suomenrehtorit.fi\/web\/wp-content\/uploads\/sites\/2\/mcx\/2023-6\/yhdessa-kadet-scaled-1-792x328.jpeg 792w, https:\/\/suomenrehtorit.fi\/web\/wp-content\/uploads\/sites\/2\/mcx\/2023-6\/yhdessa-kadet-scaled-1-1062x439.jpeg 1062w, https:\/\/suomenrehtorit.fi\/web\/wp-content\/uploads\/sites\/2\/mcx\/2023-6\/yhdessa-kadet-scaled-1-1536x635.jpeg 1536w, https:\/\/suomenrehtorit.fi\/web\/wp-content\/uploads\/sites\/2\/mcx\/2023-6\/yhdessa-kadet-scaled-1-2048x847.jpeg 2048w\" sizes=\"auto, (max-width: 980px) 100vw, 980px\" \/><\/p>\n<h2>YHDESS\u00c4 OLEMME ENEMM\u00c4N<\/h2>\n<p style=\"text-align: justify;\">SURE on ennen kaikkea alueyhdistystens\u00e4, j\u00e4sentens\u00e4 yhdistys. Meit\u00e4 SURElaisia on merkitt\u00e4v\u00e4, osaava joukko. SUREn sis\u00e4inen yhteisty\u00f6 niin alueyhdistysten kuin yksitt\u00e4isten j\u00e4sentenkin kanssa on ollut ja tulee olemaan keskeist\u00e4, jotta me tied\u00e4mme, mit\u00e4 asioita SUREn tulee edist\u00e4\u00e4, miss\u00e4 asioissa auttaa ja miten kehitty\u00e4. Vain n\u00e4in voimme tehd\u00e4 oikeita ja merkityksellisi\u00e4 asioita j\u00e4sentemme kannalta. Varapuheenjohtajakaudellani tavoitteenani on saada aikaan vuoropuhelua meille t\u00e4rkeist\u00e4 asioista. Ja sitten tuumasta toimeen! Ty\u00f6ni perustuu haluun vied\u00e4 j\u00e4rjest\u00f6\u00e4mme eteenp\u00e4in yhdess\u00e4 tehden sek\u00e4 halusta huolehtia rehtorin hyvinvoinnista, osallisuudesta ja arvostuksesta.<\/p>\n<h2>OLEN MUKANA &#8211; OLETHAN SIN\u00c4KIN?<\/h2>\n<p style=\"text-align: justify;\">\u201dReksi hei, voisikko auttaa?\u201d kuuluu oppilaan \u00e4\u00e4ni takaani. Kuulostaako tutulta? Niin ihana arki ja niin monet kysymykset! Suomalainen rehtori on aina valmis auttamaan &#8211; kaikkia &#8211; siit\u00e4kin huolimatta, ettei aina luvatessaan tied\u00e4, mihin tosiasiallisesti on lupautunut. Rehtorin ammatti on v\u00e4litt\u00e4mist\u00e4. Edustaessamme ammattikuntaamme me yll\u00e4pid\u00e4mme toivoa, kuten rehtorin huoneentauluun on kirjoitettu. Nyt jos koskaan se on korostunut. Rehtorit ovat onnistuneet teht\u00e4v\u00e4ss\u00e4\u00e4n erinomaisesti ja uskon rehtorin ty\u00f6n arvostuksen kasvaneen. Eri tahot kysyv\u00e4t j\u00e4rjest\u00f6mme kantaa yh\u00e4 useammin ja median kiinnostus rehtoreiden n\u00e4kemyksi\u00e4 kohtaan on kasvanut. Nyt on taottava, kun rauta on kuumaa. Koulutuspolitiikan saralla tapahtuu paljon ja j\u00e4rjest\u00f6mme on oltava hereill\u00e4, vaikuttamassa.<\/p>\n<p>Sin\u00e4 olet t\u00e4rke\u00e4, me olemme t\u00e4rkeit\u00e4.<\/p>\n<p>P\u00e4ivi Ikola<br \/>\nvarapuheenjohtaja<br \/>\n@paiviikola<\/p>\n<p><img loading=\"lazy\" decoding=\"async\" class=\"alignnone size-large wp-image-1011\" src=\"https:\/\/suomenrehtorit.fi\/web\/wp-content\/uploads\/sites\/2\/mcx\/2023-6\/AdobeStock_317014179-scaled-1-1024x683.jpeg\" alt=\"\" width=\"980\" height=\"654\" srcset=\"https:\/\/suomenrehtorit.fi\/web\/wp-content\/uploads\/sites\/2\/mcx\/2023-6\/AdobeStock_317014179-scaled-1-1024x683.jpeg 1024w, https:\/\/suomenrehtorit.fi\/web\/wp-content\/uploads\/sites\/2\/mcx\/2023-6\/AdobeStock_317014179-scaled-1-300x200.jpeg 300w, https:\/\/suomenrehtorit.fi\/web\/wp-content\/uploads\/sites\/2\/mcx\/2023-6\/AdobeStock_317014179-scaled-1-768x512.jpeg 768w, https:\/\/suomenrehtorit.fi\/web\/wp-content\/uploads\/sites\/2\/mcx\/2023-6\/AdobeStock_317014179-scaled-1-252x168.jpeg 252w, https:\/\/suomenrehtorit.fi\/web\/wp-content\/uploads\/sites\/2\/mcx\/2023-6\/AdobeStock_317014179-scaled-1-522x348.jpeg 522w, https:\/\/suomenrehtorit.fi\/web\/wp-content\/uploads\/sites\/2\/mcx\/2023-6\/AdobeStock_317014179-scaled-1-792x528.jpeg 792w, https:\/\/suomenrehtorit.fi\/web\/wp-content\/uploads\/sites\/2\/mcx\/2023-6\/AdobeStock_317014179-scaled-1-1062x708.jpeg 1062w, https:\/\/suomenrehtorit.fi\/web\/wp-content\/uploads\/sites\/2\/mcx\/2023-6\/AdobeStock_317014179-scaled-1-1536x1024.jpeg 1536w, https:\/\/suomenrehtorit.fi\/web\/wp-content\/uploads\/sites\/2\/mcx\/2023-6\/AdobeStock_317014179-scaled-1-2048x1366.jpeg 2048w\" sizes=\"auto, (max-width: 980px) 100vw, 980px\" \/><\/p>\n<h1>Avoin ty\u00f6paikka: Apulaisrehtori \/ Valteri-koulu Ruskis, Helsinki<\/h1>\n<p>Valtakunnallinen Oppimis- ja ohjauskeskus Valteri tukee yleisen, tehostetun ja erityisen tuen tarpeessa olevien oppilaiden koulunk\u00e4ynti\u00e4. Toiminta perustuu moniammatilliseen yhteisty\u00f6h\u00f6n, laajaan osaamiseen ja innovatiivisiin toimintatapoihin. Kunkin toimipisteen yhteydess\u00e4 toimii Valteri-koulu.<\/p>\n<p>Haemme nyt Valteri-koulu Ruskikseen Helsinkiin apulaisrehtoria. Apulaisrehtorin teht\u00e4v\u00e4n\u00e4 on johtaa ja kehitt\u00e4\u00e4 Valteri Ruskiksen opetusta ja pedagogista toimintaa yhdess\u00e4 rehtorin kanssa. H\u00e4n vastaa erityisluokan- ja erityisopettajien sek\u00e4 ohjaajien monialaisesta tiimist\u00e4. H\u00e4n tekee tiivist\u00e4 yhteis- ja kehitt\u00e4misty\u00f6t\u00e4 my\u00f6s Valterin muiden toimipisteiden sis\u00e4lt\u00f6alueiden (opetus-, oppilastuki-, kuntoutus-, ohjaus- ja tukipalvelut) esimiesten kanssa. Apulaisrehtorin teht\u00e4v\u00e4ss\u00e4 on keskeist\u00e4 osata johtaa oman toimipisteens\u00e4 opetustiimej\u00e4 huomioiden l\u00e4hikouluihin suunnatut palvelut ja niiden kehitysty\u00f6.<\/p>\n<p>Lue lis\u00e4\u00e4 ja hae paikkaa <a href=\"https:\/\/www.valtiolle.fi\/fi-FI\/ilmoitus?id=29-65-2021\" target=\"_blank\" rel=\"noopener noreferrer\">valtiolle.fi-j\u00e4rjestelm\u00e4ss\u00e4, ID: 29-65-2021<\/a>. Haku p\u00e4\u00e4ttyy 1.3.2021 klo 16.15.<\/p>\n<h1><img loading=\"lazy\" decoding=\"async\" class=\"alignnone size-large wp-image-1002\" src=\"https:\/\/suomenrehtorit.fi\/web\/wp-content\/uploads\/sites\/2\/mcx\/2023-6\/AdobeStock_131739997-1-scaled-1-1024x518.jpeg\" alt=\"\" width=\"980\" height=\"496\" srcset=\"https:\/\/suomenrehtorit.fi\/web\/wp-content\/uploads\/sites\/2\/mcx\/2023-6\/AdobeStock_131739997-1-scaled-1-1024x518.jpeg 1024w, https:\/\/suomenrehtorit.fi\/web\/wp-content\/uploads\/sites\/2\/mcx\/2023-6\/AdobeStock_131739997-1-scaled-1-300x152.jpeg 300w, https:\/\/suomenrehtorit.fi\/web\/wp-content\/uploads\/sites\/2\/mcx\/2023-6\/AdobeStock_131739997-1-scaled-1-768x389.jpeg 768w, https:\/\/suomenrehtorit.fi\/web\/wp-content\/uploads\/sites\/2\/mcx\/2023-6\/AdobeStock_131739997-1-scaled-1-252x127.jpeg 252w, https:\/\/suomenrehtorit.fi\/web\/wp-content\/uploads\/sites\/2\/mcx\/2023-6\/AdobeStock_131739997-1-scaled-1-522x264.jpeg 522w, https:\/\/suomenrehtorit.fi\/web\/wp-content\/uploads\/sites\/2\/mcx\/2023-6\/AdobeStock_131739997-1-scaled-1-792x401.jpeg 792w, https:\/\/suomenrehtorit.fi\/web\/wp-content\/uploads\/sites\/2\/mcx\/2023-6\/AdobeStock_131739997-1-scaled-1-1062x537.jpeg 1062w, https:\/\/suomenrehtorit.fi\/web\/wp-content\/uploads\/sites\/2\/mcx\/2023-6\/AdobeStock_131739997-1-scaled-1-1536x777.jpeg 1536w, https:\/\/suomenrehtorit.fi\/web\/wp-content\/uploads\/sites\/2\/mcx\/2023-6\/AdobeStock_131739997-1-scaled-1-2048x1036.jpeg 2048w\" sizes=\"auto, (max-width: 980px) 100vw, 980px\" \/><\/h1>\n<h1>J\u00e4senmaksut l\u00e4hetetty<\/h1>\n<p>J\u00e4senmaksun sis\u00e4lt\u00e4v\u00e4 viesti l\u00e4hetettiin viikolla 6 s\u00e4hk\u00f6postilla. J\u00e4senmaksut ovat j\u00e4rjest\u00f6mme t\u00e4rkein tulonl\u00e4hde ja niiden avulla pystymme pit\u00e4m\u00e4\u00e4n toiminnan py\u00f6r\u00e4t py\u00f6rim\u00e4ss\u00e4. Joitakin s\u00e4hk\u00f6postil\u00e4hetyksi\u00e4 palautui takaisin, todenn\u00e4k\u00f6isesti palomuuriin t\u00f6rm\u00e4tty\u00e4\u00e4n. N\u00e4it\u00e4 palautuneita maksuja yritet\u00e4\u00e4n saada perille viikolla 8. Mik\u00e4li et saanut laskun sis\u00e4lt\u00e4v\u00e4\u00e4 j\u00e4senmaksuviesti\u00e4, niin laitathan s\u00e4hk\u00f6postia <a href=\"mailto:toni.lehtinen@surefire.fi\">toni.lehtinen@surefire.fi<\/a><\/p>\n<p><img loading=\"lazy\" decoding=\"async\" class=\"alignnone size-large wp-image-1289\" src=\"https:\/\/suomenrehtorit.fi\/web\/wp-content\/uploads\/sites\/2\/mcx\/2023-6\/woman-1901702_1280-1024x682.jpg\" alt=\"\" width=\"980\" height=\"653\" srcset=\"https:\/\/suomenrehtorit.fi\/web\/wp-content\/uploads\/sites\/2\/mcx\/2023-6\/woman-1901702_1280-1024x682.jpg 1024w, https:\/\/suomenrehtorit.fi\/web\/wp-content\/uploads\/sites\/2\/mcx\/2023-6\/woman-1901702_1280-300x200.jpg 300w, https:\/\/suomenrehtorit.fi\/web\/wp-content\/uploads\/sites\/2\/mcx\/2023-6\/woman-1901702_1280-768x512.jpg 768w, https:\/\/suomenrehtorit.fi\/web\/wp-content\/uploads\/sites\/2\/mcx\/2023-6\/woman-1901702_1280-252x168.jpg 252w, https:\/\/suomenrehtorit.fi\/web\/wp-content\/uploads\/sites\/2\/mcx\/2023-6\/woman-1901702_1280-522x348.jpg 522w, https:\/\/suomenrehtorit.fi\/web\/wp-content\/uploads\/sites\/2\/mcx\/2023-6\/woman-1901702_1280-792x528.jpg 792w, https:\/\/suomenrehtorit.fi\/web\/wp-content\/uploads\/sites\/2\/mcx\/2023-6\/woman-1901702_1280-1062x708.jpg 1062w, https:\/\/suomenrehtorit.fi\/web\/wp-content\/uploads\/sites\/2\/mcx\/2023-6\/woman-1901702_1280.jpg 1280w\" sizes=\"auto, (max-width: 980px) 100vw, 980px\" \/><\/p>\n<h1>Fulbright-opettajavaihdosta USA:ssa ideoita ja ev\u00e4it\u00e4 kouluty\u00f6h\u00f6n!<\/h1>\n<p>Hakuaika syyslukukauden 2022 Fulbright Distinguished Awards in Teaching -ohjelmaan on alkanut<\/p>\n<p style=\"text-align: justify;\">Ohjelmaan voivat hakea ensimm\u00e4isen ja toisen asteen opettajat, opettajankouluttajat, alan hallinto- ja tukihenkil\u00f6st\u00f6, kirjastoalan ammattilaiset, informaatikot sek\u00e4 mediakasvattajat, jotka k\u00e4ytt\u00e4v\u00e4t v\u00e4hint\u00e4\u00e4n puolet ty\u00f6ajastaan ensimm\u00e4isen tai toisen asteen oppilaiden ohjaukseen.<br \/>\nOhjelma sis\u00e4lt\u00e4\u00e4 omaa ammattitaitoa ja alan asiantuntemusta kehitt\u00e4v\u00e4n projektin lis\u00e4ksi kansainv\u00e4lisi\u00e4 verkostoitumismahdollisuuksia, opintoja is\u00e4nt\u00e4yliopistossa, kouluvierailuja sek\u00e4 osallistumista opetustoimintaan.<\/p>\n<p>Lis\u00e4tietoja ja tarkat hakukriteerit Fulbright Distinguished Awards in Teaching Program verkkosivulta: <a href=\"http:\/\/www.fulbright.fi\/fin-teacher\" target=\"_blank\" rel=\"noopener noreferrer\">www.fulbright.fi\/fin-teacher<\/a><br \/>\nSuomalaisten hakijoiden hakuaika p\u00e4\u00e4ttyy sunnuntaina 28.3.2021. Ohjelman alumneilta vinkkej\u00e4 ja inspiraatiota hakuprosessiin Zoom-tapaamisessa 18.2.2021 klo 15.30-16.30<\/p>\n<p>Kiinnostaako oman ammattitaidon kehitt\u00e4minen USA:ssa syyslukukaudella 2022? Haluatko tiet\u00e4\u00e4 lis\u00e4\u00e4 Fulbright Distinguished Awards in Teaching -ohjelmasta ja saada konkreettisia vinkkej\u00e4 hakuprosessiin? \u00a0Tule mukaan Zoom-tapaamiseen, jossa mm. opettajavaihdon alumnit kertovat vinkkej\u00e4 hakuprosessiin sek\u00e4 jakavat kokemuksiaan ohjelmasta. Tapahtuma on avoin kaikille stipendiohjelmasta kiinnostuneille. Ilmoittaudu tilaisuuteen 17.2. menness\u00e4:<br \/>\n<a href=\"http:\/\/www.fulbright.fi\/about-us\/events\/information-session-information-and-tips-alumni-k-12-educators\" target=\"_blank\" rel=\"noopener noreferrer\">www.fulbright.fi\/about-us\/events\/information-session-information-and-tips-alumni-k-12-educators<\/a><br \/>\nOhjelmaa voi mainostaa kollegoille my\u00f6s <a href=\"https:\/\/www.facebook.com\/fulbright.finland\/posts\/10159351463092059\" target=\"_blank\" rel=\"noopener noreferrer\">Facebookin<\/a>, <a href=\"https:\/\/twitter.com\/FulbrightFIN\/status\/1359475494144651264\" target=\"_blank\" rel=\"noopener noreferrer\">Twitterin<\/a> tai <a href=\"https:\/\/www.linkedin.com\/posts\/fulbright-finland_fulbright-distinguished-awards-in-teaching-activity-6765242157444984832-QiJ4\" target=\"_blank\" rel=\"noopener noreferrer\">LinkedInin<\/a> kautta<\/p>\n<p>Kyselyihin vastaa:<br \/>\nMirka McIntire, puh: 044 5535 269, mirka.mcintire(at)fulbright.fi<\/p>\n<p><img loading=\"lazy\" decoding=\"async\" class=\"alignnone size-large wp-image-1290\" src=\"https:\/\/suomenrehtorit.fi\/web\/wp-content\/uploads\/sites\/2\/mcx\/2023-6\/theater-2757802_1280-1024x482.jpg\" alt=\"\" width=\"980\" height=\"461\" srcset=\"https:\/\/suomenrehtorit.fi\/web\/wp-content\/uploads\/sites\/2\/mcx\/2023-6\/theater-2757802_1280-1024x482.jpg 1024w, https:\/\/suomenrehtorit.fi\/web\/wp-content\/uploads\/sites\/2\/mcx\/2023-6\/theater-2757802_1280-300x141.jpg 300w, https:\/\/suomenrehtorit.fi\/web\/wp-content\/uploads\/sites\/2\/mcx\/2023-6\/theater-2757802_1280-768x361.jpg 768w, https:\/\/suomenrehtorit.fi\/web\/wp-content\/uploads\/sites\/2\/mcx\/2023-6\/theater-2757802_1280-252x119.jpg 252w, https:\/\/suomenrehtorit.fi\/web\/wp-content\/uploads\/sites\/2\/mcx\/2023-6\/theater-2757802_1280-522x246.jpg 522w, https:\/\/suomenrehtorit.fi\/web\/wp-content\/uploads\/sites\/2\/mcx\/2023-6\/theater-2757802_1280-792x372.jpg 792w, https:\/\/suomenrehtorit.fi\/web\/wp-content\/uploads\/sites\/2\/mcx\/2023-6\/theater-2757802_1280-1062x499.jpg 1062w, https:\/\/suomenrehtorit.fi\/web\/wp-content\/uploads\/sites\/2\/mcx\/2023-6\/theater-2757802_1280.jpg 1280w\" sizes=\"auto, (max-width: 980px) 100vw, 980px\" \/><\/p>\n<h1>Hallituksen j\u00e4senten esittelyj\u00e4<\/h1>\n<p>T\u00e4ll\u00e4 kertaa vuorossa Anne Rousku (uusi), Sami Peltonen (uusi), Henry Lepp\u00e4aho (uusi), Marko Kuvaja ja Kaj Holmb\u00e4ck. Seuraavassa j\u00e4senkirjeess\u00e4 esittelyvuoron saavat Inka Kokkonen (uusi), Jaana Selkil\u00e4 (uusi), Tuomas Nummela ja Sari Hakola.<\/p>\n<h2>Anne Rousku<\/h2>\n<p><img loading=\"lazy\" decoding=\"async\" class=\"alignnone size-medium wp-image-1291\" src=\"https:\/\/suomenrehtorit.fi\/web\/wp-content\/uploads\/sites\/2\/mcx\/2023-6\/Rousku-Anne-scaled-1-248x300.jpeg\" alt=\"\" width=\"248\" height=\"300\" srcset=\"https:\/\/suomenrehtorit.fi\/web\/wp-content\/uploads\/sites\/2\/mcx\/2023-6\/Rousku-Anne-scaled-1-248x300.jpeg 248w, https:\/\/suomenrehtorit.fi\/web\/wp-content\/uploads\/sites\/2\/mcx\/2023-6\/Rousku-Anne-scaled-1-846x1024.jpeg 846w, https:\/\/suomenrehtorit.fi\/web\/wp-content\/uploads\/sites\/2\/mcx\/2023-6\/Rousku-Anne-scaled-1-768x930.jpeg 768w, https:\/\/suomenrehtorit.fi\/web\/wp-content\/uploads\/sites\/2\/mcx\/2023-6\/Rousku-Anne-scaled-1-252x305.jpeg 252w, https:\/\/suomenrehtorit.fi\/web\/wp-content\/uploads\/sites\/2\/mcx\/2023-6\/Rousku-Anne-scaled-1-522x632.jpeg 522w, https:\/\/suomenrehtorit.fi\/web\/wp-content\/uploads\/sites\/2\/mcx\/2023-6\/Rousku-Anne-scaled-1-792x959.jpeg 792w, https:\/\/suomenrehtorit.fi\/web\/wp-content\/uploads\/sites\/2\/mcx\/2023-6\/Rousku-Anne-scaled-1-1062x1286.jpeg 1062w, https:\/\/suomenrehtorit.fi\/web\/wp-content\/uploads\/sites\/2\/mcx\/2023-6\/Rousku-Anne-scaled-1-1268x1536.jpeg 1268w, https:\/\/suomenrehtorit.fi\/web\/wp-content\/uploads\/sites\/2\/mcx\/2023-6\/Rousku-Anne-scaled-1-1691x2048.jpeg 1691w\" sizes=\"auto, (max-width: 248px) 100vw, 248px\" \/><\/p>\n<p style=\"text-align: justify;\">Olen Etel\u00e4-Karjalan rehtoreiden puheenjohtaja Anne Rousku. Kotini ja ty\u00f6paikkani ovat Lemin pieness\u00e4 kunnassa Lappeenrannan naapurissa. Rehtorina toimin perusopetuksessa Kuukanniemen alakoulussa sek\u00e4 yhten\u00e4iskoulussa Lemin koulukeskuksessa.<\/p>\n<p style=\"text-align: justify;\">Kunnan ainoana rehtorina olen kokenut konkreettisesti verkostoitumisen t\u00e4rkeyden ja Suren toiminnassa on todella helppoa verkostoitua.<\/p>\n<p style=\"text-align: justify;\">J\u00e4rjest\u00f6toimintaan, edunvalvontaan ja koulutuspolitiikkaan olen perehtynyt OAJ:n valtuutettuna kahdeksan ja hallituksen j\u00e4senen\u00e4 nelj\u00e4n vuoden ajan. Suren hallituksen varaj\u00e4senen\u00e4 olen ollut edellisen kaksivuotiskauden.<\/p>\n<p style=\"text-align: justify;\">Suren hallituksen vahvuus on vankka asiantuntemus ja monipuolinen osaaminen. Tuon parhaani mukaan oman panokseni t\u00e4h\u00e4n t\u00e4rke\u00e4\u00e4n ty\u00f6skentelyyn.\u200b<\/p>\n<h2>Sami Peltonen<\/h2>\n<p><img loading=\"lazy\" decoding=\"async\" class=\"alignnone size-medium wp-image-1292\" src=\"https:\/\/suomenrehtorit.fi\/web\/wp-content\/uploads\/sites\/2\/mcx\/2023-6\/PELTONEN-SAMI-200x300.jpg\" alt=\"\" width=\"200\" height=\"300\" srcset=\"https:\/\/suomenrehtorit.fi\/web\/wp-content\/uploads\/sites\/2\/mcx\/2023-6\/PELTONEN-SAMI-200x300.jpg 200w, https:\/\/suomenrehtorit.fi\/web\/wp-content\/uploads\/sites\/2\/mcx\/2023-6\/PELTONEN-SAMI-682x1024.jpg 682w, https:\/\/suomenrehtorit.fi\/web\/wp-content\/uploads\/sites\/2\/mcx\/2023-6\/PELTONEN-SAMI-768x1152.jpg 768w, https:\/\/suomenrehtorit.fi\/web\/wp-content\/uploads\/sites\/2\/mcx\/2023-6\/PELTONEN-SAMI-252x378.jpg 252w, https:\/\/suomenrehtorit.fi\/web\/wp-content\/uploads\/sites\/2\/mcx\/2023-6\/PELTONEN-SAMI-522x783.jpg 522w, https:\/\/suomenrehtorit.fi\/web\/wp-content\/uploads\/sites\/2\/mcx\/2023-6\/PELTONEN-SAMI-792x1188.jpg 792w, https:\/\/suomenrehtorit.fi\/web\/wp-content\/uploads\/sites\/2\/mcx\/2023-6\/PELTONEN-SAMI-1062x1593.jpg 1062w, https:\/\/suomenrehtorit.fi\/web\/wp-content\/uploads\/sites\/2\/mcx\/2023-6\/PELTONEN-SAMI-1024x1536.jpg 1024w, https:\/\/suomenrehtorit.fi\/web\/wp-content\/uploads\/sites\/2\/mcx\/2023-6\/PELTONEN-SAMI.jpg 1181w\" sizes=\"auto, (max-width: 200px) 100vw, 200px\" \/><\/p>\n<p style=\"text-align: justify;\">Ty\u00f6skentelen virka-apulaisrehtorina Turun iltalukiossa. Vaikka minulla on kokemusta oppilaitoksen johtamisesta jo l\u00e4hes 15 vuoden ajalta, koen, ett\u00e4 rehtorius kasvattaa ja siin\u00e4 kasvetaan kaiken aikaa. Suotuisassa kasvussa tarvitaan ammattitaitoisesti j\u00e4rjestetty\u00e4 edunvalvontatoimintaa ja toisaalta l\u00e4himpien kollegojen tukea. Kaikessa on kysymys yhdess\u00e4 tekemisest\u00e4.<\/p>\n<p style=\"text-align: justify;\">Olen jo vuosia j\u00e4senen\u00e4 pannut merkille, ett\u00e4 Suomen rehtorit ry:ss\u00e4 on tekemisen meininki. On hienoa p\u00e4\u00e4st\u00e4 mukaan vastaamaan koulutuspolitiikan ja asiantuntijuuden salkusta. Olen innolla mukana, onhan Suomen rehtorien hallitus aitiopaikka p\u00e4\u00e4st\u00e4 vaikuttamaan koulutuspoliittisiin linjauksiin ja erityisesti uudistusten k\u00e4yt\u00e4nn\u00f6n toimeenpanoon.<\/p>\n<p style=\"text-align: justify;\">Arvostan suomalaisessa koulutuspolitiikassa huolellista ja perehtyv\u00e4\u00e4, tutkimustietoon ja asiantuntijoiden laajaan kuulemiseen pohjautuvaa kehitt\u00e4misty\u00f6t\u00e4. Suomalaisella sivistyksell\u00e4 on niin vankka perusta, ett\u00e4 sille on hyv\u00e4 rakentaa ja joskus kokeilla ennakkoluulottomasti ja rohkeasti jotain ihan uuttakin.<\/p>\n<p style=\"text-align: justify;\">Vapaa-aikani kuluu perheen ja yst\u00e4vien kanssa. Omakotitalon pihaty\u00f6t kutsuvat alati puoleensa. Mieluisin tapa viett\u00e4\u00e4 vapaa-aikaa ovat Aino-tyt\u00f6n (5 v) kanssa teht\u00e4v\u00e4t p\u00e4iv\u00e4retket l\u00e4hiseudulle, erityisesti Turun saaristoon. Sielunmaisemani l\u00f6ytyy l\u00e4helt\u00e4 ty\u00f6paikkaani Turun Ruissalosta. Luonnon rauha ja kauneus inspiroivat ja auttavat elpym\u00e4\u00e4n ty\u00f6n rasituksista. Sama vaikutus on kaunokirjallisuudella.<\/p>\n<h2>Henry Lepp\u00e4aho<\/h2>\n<p><img loading=\"lazy\" decoding=\"async\" class=\"alignnone size-medium wp-image-1293\" src=\"https:\/\/suomenrehtorit.fi\/web\/wp-content\/uploads\/sites\/2\/mcx\/2023-6\/Leppaaho-Henry-300x134.jpg\" alt=\"\" width=\"300\" height=\"134\" srcset=\"https:\/\/suomenrehtorit.fi\/web\/wp-content\/uploads\/sites\/2\/mcx\/2023-6\/Leppaaho-Henry-300x134.jpg 300w, https:\/\/suomenrehtorit.fi\/web\/wp-content\/uploads\/sites\/2\/mcx\/2023-6\/Leppaaho-Henry-1024x457.jpg 1024w, https:\/\/suomenrehtorit.fi\/web\/wp-content\/uploads\/sites\/2\/mcx\/2023-6\/Leppaaho-Henry-768x343.jpg 768w, https:\/\/suomenrehtorit.fi\/web\/wp-content\/uploads\/sites\/2\/mcx\/2023-6\/Leppaaho-Henry-252x112.jpg 252w, https:\/\/suomenrehtorit.fi\/web\/wp-content\/uploads\/sites\/2\/mcx\/2023-6\/Leppaaho-Henry-522x233.jpg 522w, https:\/\/suomenrehtorit.fi\/web\/wp-content\/uploads\/sites\/2\/mcx\/2023-6\/Leppaaho-Henry-792x353.jpg 792w, https:\/\/suomenrehtorit.fi\/web\/wp-content\/uploads\/sites\/2\/mcx\/2023-6\/Leppaaho-Henry-1062x474.jpg 1062w, https:\/\/suomenrehtorit.fi\/web\/wp-content\/uploads\/sites\/2\/mcx\/2023-6\/Leppaaho-Henry.jpg 1239w\" sizes=\"auto, (max-width: 300px) 100vw, 300px\" \/><\/p>\n<p>Henry Lepp\u00e4aho, KT<\/p>\n<p>Rehtori, Toivolanrannan yhten\u00e4iskoulu, Sein\u00e4joen kaupunki ja olen my\u00f6s Pohjalaiset Rehtorit ry:n puheenjohtaja. Odotan hallitusty\u00f6skentelylt\u00e4 rehtoreiden ty\u00f6n ja ty\u00f6olojen kehitt\u00e4miseen t\u00e4ht\u00e4\u00e4v\u00e4\u00e4 toimintaa. Tavoitteenani on nostaa suomalaisessa yhteiskunnassa entist\u00e4 laajempaan ja n\u00e4kyv\u00e4mp\u00e4\u00e4n keskusteluun rehtorin ty\u00f6n kasvavia haasteita.<\/p>\n<p>Yhten\u00e4iskoulumallin tutkimus ja kehitt\u00e4minen on ollut kiinnostukseni kohteena ty\u00f6ni ohessa. (esim. \u00a0<a href=\"http:\/\/www.solazaravnatelje.si\/ISSN\/1581-8225\/2020_1.pdf\" target=\"_blank\" rel=\"noopener noreferrer\">http:\/\/www.solazaravnatelje.si\/ISSN\/1581-8225\/2020_1.pdf<\/a> ). Toivon saavani lis\u00e4\u00e4 verkostoja ja ajatuksia my\u00f6s t\u00e4h\u00e4n teemaan hallitusty\u00f6skentelyn kautta, jotta tutkimustietoa ja \u2013tuloksia voitaisiin hy\u00f6dynt\u00e4\u00e4 rehtorin ty\u00f6n kehitt\u00e4misess\u00e4.<\/p>\n<h2>Marko Kuvaja<\/h2>\n<p><img loading=\"lazy\" decoding=\"async\" class=\"alignnone size-medium wp-image-1294\" src=\"https:\/\/suomenrehtorit.fi\/web\/wp-content\/uploads\/sites\/2\/mcx\/2023-6\/Marko-Kuvaja-scaled-1-204x300.jpg\" alt=\"\" width=\"204\" height=\"300\" srcset=\"https:\/\/suomenrehtorit.fi\/web\/wp-content\/uploads\/sites\/2\/mcx\/2023-6\/Marko-Kuvaja-scaled-1-204x300.jpg 204w, https:\/\/suomenrehtorit.fi\/web\/wp-content\/uploads\/sites\/2\/mcx\/2023-6\/Marko-Kuvaja-scaled-1-696x1024.jpg 696w, https:\/\/suomenrehtorit.fi\/web\/wp-content\/uploads\/sites\/2\/mcx\/2023-6\/Marko-Kuvaja-scaled-1-768x1131.jpg 768w, https:\/\/suomenrehtorit.fi\/web\/wp-content\/uploads\/sites\/2\/mcx\/2023-6\/Marko-Kuvaja-scaled-1-252x371.jpg 252w, https:\/\/suomenrehtorit.fi\/web\/wp-content\/uploads\/sites\/2\/mcx\/2023-6\/Marko-Kuvaja-scaled-1-522x768.jpg 522w, https:\/\/suomenrehtorit.fi\/web\/wp-content\/uploads\/sites\/2\/mcx\/2023-6\/Marko-Kuvaja-scaled-1-792x1166.jpg 792w, https:\/\/suomenrehtorit.fi\/web\/wp-content\/uploads\/sites\/2\/mcx\/2023-6\/Marko-Kuvaja-scaled-1-1062x1563.jpg 1062w, https:\/\/suomenrehtorit.fi\/web\/wp-content\/uploads\/sites\/2\/mcx\/2023-6\/Marko-Kuvaja-scaled-1-1043x1536.jpg 1043w, https:\/\/suomenrehtorit.fi\/web\/wp-content\/uploads\/sites\/2\/mcx\/2023-6\/Marko-Kuvaja-scaled-1-1391x2048.jpg 1391w, https:\/\/suomenrehtorit.fi\/web\/wp-content\/uploads\/sites\/2\/mcx\/2023-6\/Marko-Kuvaja-scaled-1.jpg 1739w\" sizes=\"auto, (max-width: 204px) 100vw, 204px\" \/><\/p>\n<p style=\"text-align: justify;\">Tervehdys kaikille SURE:n j\u00e4senille. Olen Marko Kuvaja ja toimin Kajaanin lyseon rehtorina. Kajaanin lyseo on juuri peruskorjattu n. 500 oppilaan yl\u00e4koulu. Olen nyt toista vuotta sek\u00e4 Kainuun rehtoreiden puheenjohtajana ett\u00e4 SURE:n hallituksessa. Alueyhdistystoiminnassa olen ollut mukana vuodesta 2009. Toiminta hallituksessa on antanut laajaa kokonaisn\u00e4kemyst\u00e4 SURE:n tekem\u00e4st\u00e4 ty\u00f6st\u00e4 ja t\u00e4st\u00e4 hallitusvuodesta tulee varmasti edellist\u00e4kin opettavaisempi. Minua voi l\u00e4hesty\u00e4 rehtorin ty\u00f6ss\u00e4 kohtaamiinne ongelmiin liittyviss\u00e4 asioissa. Vastuualueenani hallituksessa on henkil\u00f6j\u00e4senasiat. Tuon mielell\u00e4ni hallitukseen viestej\u00e4 kent\u00e4lt\u00e4. Rehtorin ty\u00f6st\u00e4 minulla on\u00a0 yli 10 vuoden kokemus ja viimeisen kolmen vuoden aikana olen rehtorin t\u00f6iden ohella l\u00e4pivienyt massiivisen peruskorjaushankkeen. Rehtorin ty\u00f6 on jatkuvassa muutoksessa ja kaikki muutokset eiv\u00e4t ole \u00a0vain parempaan suuntaan. SURE:n toiminnan n\u00e4en t\u00e4rke\u00e4n\u00e4 vaikuttamisen mahdollisuutena siihen, ett\u00e4 voimme ohjata ty\u00f6mme kehityst\u00e4 oikeaan suuntaan.<\/p>\n<h2>Kaj Holmb\u00e4ck<\/h2>\n<p><img loading=\"lazy\" decoding=\"async\" class=\"alignnone size-medium wp-image-1295\" src=\"https:\/\/suomenrehtorit.fi\/web\/wp-content\/uploads\/sites\/2\/mcx\/2023-6\/Kaj-Holmback-199x300.jpg\" alt=\"\" width=\"199\" height=\"300\" srcset=\"https:\/\/suomenrehtorit.fi\/web\/wp-content\/uploads\/sites\/2\/mcx\/2023-6\/Kaj-Holmback-199x300.jpg 199w, https:\/\/suomenrehtorit.fi\/web\/wp-content\/uploads\/sites\/2\/mcx\/2023-6\/Kaj-Holmback-680x1024.jpg 680w, https:\/\/suomenrehtorit.fi\/web\/wp-content\/uploads\/sites\/2\/mcx\/2023-6\/Kaj-Holmback-768x1157.jpg 768w, https:\/\/suomenrehtorit.fi\/web\/wp-content\/uploads\/sites\/2\/mcx\/2023-6\/Kaj-Holmback-252x380.jpg 252w, https:\/\/suomenrehtorit.fi\/web\/wp-content\/uploads\/sites\/2\/mcx\/2023-6\/Kaj-Holmback-522x787.jpg 522w, https:\/\/suomenrehtorit.fi\/web\/wp-content\/uploads\/sites\/2\/mcx\/2023-6\/Kaj-Holmback-792x1193.jpg 792w, https:\/\/suomenrehtorit.fi\/web\/wp-content\/uploads\/sites\/2\/mcx\/2023-6\/Kaj-Holmback.jpg 803w\" sizes=\"auto, (max-width: 199px) 100vw, 199px\" \/><\/p>\n<p style=\"text-align: justify;\">Mitt namn \u00e4r Kaj Holmb\u00e4ck och jag representerar de svenskspr\u00e5kiga rektorsf\u00f6reningarna.\u00a0 Det h\u00e4r \u00e4r min tredje period i SureFires styrelse. Jag \u00e4r ursprungligen klassl\u00e4rare men har jobbat som rektor p\u00e5 \u00e5k 7-9 sedan 2003. De senaste 14 \u00e5ren har jag jobbat p\u00e5 Donnerska skolan i Karleby.<\/p>\n<p style=\"text-align: justify;\">Rektorsf\u00f6reningen Surefire \u00e4r en utm\u00e4rkt tillg\u00e5ng f\u00f6r rektorer. Rektorsjobbet \u00e4r r\u00e4tt ensamt och det \u00e4r en stor f\u00f6rdel att kunna dela tankar och testa id\u00e9er med erfarna kolleger. SureFires inflytande i utbildningspolitiken och den fackliga intressebevakningen har \u00f6kat under de senaste \u00e5ren. Parallellt har de svenskspr\u00e5kiga rektorerna och v\u00e5r situation f\u00e5tt ett allt st\u00f6rre utrymme och f\u00f6rst\u00e5else inom Surefire. En utmaning \u00e4r att f\u00e5 ut info till f\u00e4ltet men ocks\u00e5 f\u00e5 synpunkter fr\u00e5n f\u00e4ltet. Det finns v\u00e4rdefull information och synpunkter som beh\u00f6ver g\u00e5 i b\u00e5da riktningarna. Under den senaste perioden i styrelsen skrev jag e-post till medlemmarna i S\u00f6fire och \u00d6SR. Inneh\u00e5llet var aktuella fr\u00e5gor kring v\u00e5rt arbete. Det t\u00e4nkte jag forts\u00e4tta med under den h\u00e4r perioden. Jag hoppas att det ocks\u00e5 kan komma svar fr\u00e5n f\u00e4ltet till dessa e-postmeddelanden.<\/p>\n<p style=\"text-align: justify;\">I mitt engagemang i SureFire har jag sett rektorns situation i skolan som det centrala. Rektorn \u00e4r utsatt i ansvarsfr\u00e5gor, utvecklingsfr\u00e5gor och en f\u00f6r stor arbetsb\u00f6rda som \u00e4r en f\u00f6ljd av att leda en m\u00e5ngfacetterad verksamhet.\u00a0Alldeles f\u00f6r mycket tid g\u00e5r till sm\u00e5 avbrott g\u00e4llande vardagliga\u00a0 l\u00f6pande \u00e4renden. En rektor b\u00f6r ha b\u00e4ttre m\u00f6jligheter till att f\u00f6rverkliga delat ledarskap och delegera.<\/p>\n<p style=\"text-align: justify;\">Arbetstidsuppf\u00f6ljningen som inf\u00f6rdes var ett steg i r\u00e4tt riktning och ett bra s\u00e4tt att konkretisera rektorns arbetsm\u00e4ngd. N\u00e4sta steg \u00e4r att g\u00f6ra n\u00e5got \u00e5t de \u00f6vertidstimmar som uppst\u00e5r och nu finns dokumenterade. Rektorer \u00e4r en relativt liten yrkesgrupp i OAJ och Surefire beh\u00f6vs f\u00f6r att p\u00e5minna om v\u00e5r situation. Rektorsbarometern som Surefire best\u00e4llde och som publicerades i b\u00f6rjan av \u00e5ret var ett resultat av m\u00e5lmedvetet arbete inom Surefire. Barometern kommer att upprepas och nu ocks\u00e5 p\u00e5 svenska.<\/p>\n<p style=\"text-align: justify;\">\u00c4ven om vi ofta klagar \u00f6ver rektorsarbetets vederm\u00f6dor och utmaningar s\u00e5 upplever jag att rektorsjobbet \u00e4r ett av de b\u00e4sta jobben som finns. F\u00f6r att klara av det beh\u00f6ver vi rektorer gemensamt jobba f\u00f6r att vi alla ska orka och ocks\u00e5 i forts\u00e4ttningen trivas med v\u00e5rt yrke.<\/p>\n<p style=\"text-align: justify;\">Ta g\u00e4rna kontakt \u2013 ota mielell\u00e4\u00e4n yhteytt\u00e4. Yhteys toimii hyvin my\u00f6s suomeksi.<\/p>\n<p><img loading=\"lazy\" decoding=\"async\" class=\"alignnone size-large wp-image-1296\" src=\"https:\/\/suomenrehtorit.fi\/web\/wp-content\/uploads\/sites\/2\/mcx\/2023-6\/teknologiaura-1024x578.png\" alt=\"\" width=\"980\" height=\"553\" srcset=\"https:\/\/suomenrehtorit.fi\/web\/wp-content\/uploads\/sites\/2\/mcx\/2023-6\/teknologiaura-1024x578.png 1024w, https:\/\/suomenrehtorit.fi\/web\/wp-content\/uploads\/sites\/2\/mcx\/2023-6\/teknologiaura-300x169.png 300w, https:\/\/suomenrehtorit.fi\/web\/wp-content\/uploads\/sites\/2\/mcx\/2023-6\/teknologiaura-768x434.png 768w, https:\/\/suomenrehtorit.fi\/web\/wp-content\/uploads\/sites\/2\/mcx\/2023-6\/teknologiaura-252x142.png 252w, https:\/\/suomenrehtorit.fi\/web\/wp-content\/uploads\/sites\/2\/mcx\/2023-6\/teknologiaura-522x295.png 522w, https:\/\/suomenrehtorit.fi\/web\/wp-content\/uploads\/sites\/2\/mcx\/2023-6\/teknologiaura-792x447.png 792w, https:\/\/suomenrehtorit.fi\/web\/wp-content\/uploads\/sites\/2\/mcx\/2023-6\/teknologiaura-1062x600.png 1062w, https:\/\/suomenrehtorit.fi\/web\/wp-content\/uploads\/sites\/2\/mcx\/2023-6\/teknologiaura-1536x867.png 1536w, https:\/\/suomenrehtorit.fi\/web\/wp-content\/uploads\/sites\/2\/mcx\/2023-6\/teknologiaura.png 1913w\" sizes=\"auto, (max-width: 980px) 100vw, 980px\" \/><\/p>\n<h1>TeknologiaUra &#8211; Mit\u00e4 teknologiayrityksiss\u00e4 oikeasti tehd\u00e4\u00e4n?<\/h1>\n<p style=\"text-align: justify;\">Aiempina vuosina live-tapahtumana j\u00e4rjestetty TeknologiaUra -tapahtuma\u00a0toteutettiin vuonna 2020 digimuodossa. Tavoitteena ja\u00a0tarkoituksena on turvata laadukas ty\u00f6voima\u00a0teknologia-alalle nyt ja tulevaisuudessa.<\/p>\n<p style=\"text-align: justify;\"><a href=\"http:\/\/www.teknologiaura.fi\" target=\"_blank\" rel=\"noopener noreferrer\">www.teknologiaura.fi<\/a><\/p>\n<p style=\"text-align: justify;\">TeknologiaUra -tapahtuma on j\u00e4rjestetty Tampereella aina vuodesta 2009 alkaen. Vuoden 2020 tapahtuma toteutettiin poikkeuksellisesti digiversiona samoin tavoittein, mutta uudella\u00a0tavalla &#8211; nuorten avulla. Nuorilta nuorille, vertaisilta vertaisille, aidosti.<\/p>\n<p><strong>Hy\u00f6dynn\u00e4 materiaali oppitunnilla!<\/strong><\/p>\n<p style=\"text-align: justify;\">Aineisto on n\u00e4ht\u00e4vill\u00e4 ja opettajille hy\u00f6dynnett\u00e4viss\u00e4 osoitteessa: <a href=\"http:\/\/www.teknologiaura.fi\/opettajille\" target=\"_blank\" rel=\"noopener noreferrer\">www.teknologiaura.fi\/opettajille\u00a0<\/a><br \/>\nOpettajat -alasivu,\u00a0Salasana: TU2020<\/p>\n<p style=\"text-align: justify;\"><strong>Kenelle aineisto on suunnattu?<\/strong><\/p>\n<p style=\"text-align: justify;\">Digitaalinen materiaali on suunnattu peruskoulun 8- ja 9-luokkalaisille,\u00a0lukiolaisille ja ammatillisten oppilaitosten opiskelijoille.<\/p>\n<p style=\"text-align: justify;\"><strong>Miten t\u00e4m\u00e4 toimii opettajille?<\/strong><\/p>\n<p style=\"text-align: justify;\">Aineisto on suunniteltu esitett\u00e4v\u00e4ksi oppitunnilla ja se j\u00e4\u00e4 nuorten\u00a0saataville my\u00f6s j\u00e4lkik\u00e4teen. TeknologiaUran digitaalisessa\u00a0materiaalissa esitet\u00e4\u00e4n kiinnostavalla tavalla teknologia-alan\u00a0n\u00e4kymi\u00e4, vaikutusmahdollisuuksia, yrityksi\u00e4, oppilaitoksia ja\u00a0koulutuspolkuja sek\u00e4 uratarinoita.<\/p>\n<p style=\"text-align: justify;\">Aineisto muodostaa kokonaisuuden sis\u00e4lt\u00e4en:<\/p>\n<p style=\"text-align: justify;\">1. Nuorten muodostaman some-tiimin tekem\u00e4t yritysvierailuvideot<\/p>\n<p style=\"text-align: justify;\">2. Yritysten kanssa yhteisty\u00f6ss\u00e4 tuotetut uratarina-videot yrityksist\u00e4<\/p>\n<p style=\"text-align: justify;\">3. Aktivointiteht\u00e4vi\u00e4 oppitunnille, sis\u00e4lt\u00e4en uravalintatestin sek\u00e4 videoiden katselun j\u00e4lkeen Kahoot! -tietokilpailun pelipohjaisessa oppimisymp\u00e4rist\u00f6ss\u00e4<\/p>\n<p style=\"text-align: justify;\">Nyt sivuilla n\u00e4ht\u00e4v\u00e4 materiaali on k\u00e4ytett\u00e4viss\u00e4 viel\u00e4 kev\u00e4ttalvella, kunnes aloitamme vuoden 2021 tapahtuman sis\u00e4ll\u00f6ntuottamisen.<\/p>\n<p style=\"text-align: justify;\">Vuoden 2021 TeknologiaUra -tapahtuma j\u00e4rjestet\u00e4\u00e4n Tampereella tiistaina 9.11.2021 live-tapahtumana.<br \/>\nTuotamme my\u00f6s digitaalisen version tapahtumasta, jotta sis\u00e4lt\u00f6\u00e4 voidaan hy\u00f6dynt\u00e4\u00e4 my\u00f6s tapahtuman j\u00e4lkeen.<\/p>\n<p>Yst\u00e4v\u00e4llisesti,<\/p>\n<p>Niko Uusitalo<br \/>\nOppilaitosvastaava<br \/>\nTeknologiaUra 2020<br \/>\nniko.uusitalo@teknologiaura.fi, p. 0400774648<\/p>\n<p>Mit\u00e4 teknologiayrityksiss\u00e4 OIKEASTI tehd\u00e4\u00e4n?<br \/>\n<a href=\"http:\/\/www.teknologiaura.fi\">www.teknologiaura.fi<\/a><br \/>\n#teknologiaura #teknologiaura2020<\/p>\n","protected":false},"excerpt":{"rendered":"<p>Puheenjohtajalta SURE:n ilmapuntari puhuttelee Pian liki vuoden jyll\u00e4nnyt koronavirusepidemia on haastanut koulut kuluvan lukuvuoden aikana monin tavoin. Koska viime kev\u00e4\u00e4n\u00e4 tehdyst\u00e4 rehtoribarometrist\u00e4 on kulunut puoli vuotta, halusimme toteuttaa nopean ilmapuntarikyselyn j\u00e4senist\u00f6llemme ajankohtaisista ty\u00f6hyvinvoinnin haasteista sek\u00e4 niiden nujertamiskeinoista. Kiitos kaikille vastanneille! Tulokset olivat hyvin puhuttelevia, ja k\u00e4yn l\u00e4pi keskeisimpi\u00e4 huomioita seuraavassa Rexi-lehdess\u00e4. Nostamme my\u00f6s j\u00e4rjest\u00f6n somekanaville &#8230; <a title=\"J\u00e4senkirje 2\/2021\" class=\"read-more\" href=\"https:\/\/suomenrehtorit.fi\/web\/2021\/02\/15\/jasenkirje-2-2021\/\" aria-label=\"Lue lis\u00e4\u00e4 aiheesta J\u00e4senkirje 2\/2021\">Lue lis\u00e4\u00e4<\/a><\/p>\n","protected":false},"author":3,"featured_media":0,"comment_status":"closed","ping_status":"closed","sticky":false,"template":"","format":"standard","meta":{"_uag_custom_page_level_css":"","footnotes":""},"categories":[23,24],"tags":[],"class_list":["post-1272","post","type-post","status-publish","format-standard","hentry","category-jasenkirje","category-uutisarkisto"],"uagb_featured_image_src":{"full":false,"thumbnail":false,"medium":false,"medium_large":false,"large":false,"magazine-cw3":false,"magazine-cw6":false,"magazine-cw9":false,"magazine-cw12":false,"magazine-thumb":false,"magazine-toc":false,"1536x1536":false,"2048x2048":false,"gform-image-choice-sm":false,"gform-image-choice-md":false,"gform-image-choice-lg":false},"uagb_author_info":{"display_name":"Admin","author_link":"https:\/\/suomenrehtorit.fi\/web\/author\/toni-lehtinen\/"},"uagb_comment_info":0,"uagb_excerpt":"Puheenjohtajalta SURE:n ilmapuntari puhuttelee Pian liki vuoden jyll\u00e4nnyt koronavirusepidemia on haastanut koulut kuluvan lukuvuoden aikana monin tavoin. Koska viime kev\u00e4\u00e4n\u00e4 tehdyst\u00e4 rehtoribarometrist\u00e4 on kulunut puoli vuotta, halusimme toteuttaa nopean ilmapuntarikyselyn j\u00e4senist\u00f6llemme ajankohtaisista ty\u00f6hyvinvoinnin haasteista sek\u00e4 niiden nujertamiskeinoista. Kiitos kaikille vastanneille! Tulokset olivat hyvin puhuttelevia, ja k\u00e4yn l\u00e4pi keskeisimpi\u00e4 huomioita seuraavassa Rexi-lehdess\u00e4. Nostamme my\u00f6s j\u00e4rjest\u00f6n somekanaville&hellip;","_links":{"self":[{"href":"https:\/\/suomenrehtorit.fi\/web\/wp-json\/wp\/v2\/posts\/1272","targetHints":{"allow":["GET"]}}],"collection":[{"href":"https:\/\/suomenrehtorit.fi\/web\/wp-json\/wp\/v2\/posts"}],"about":[{"href":"https:\/\/suomenrehtorit.fi\/web\/wp-json\/wp\/v2\/types\/post"}],"author":[{"embeddable":true,"href":"https:\/\/suomenrehtorit.fi\/web\/wp-json\/wp\/v2\/users\/3"}],"replies":[{"embeddable":true,"href":"https:\/\/suomenrehtorit.fi\/web\/wp-json\/wp\/v2\/comments?post=1272"}],"version-history":[{"count":1,"href":"https:\/\/suomenrehtorit.fi\/web\/wp-json\/wp\/v2\/posts\/1272\/revisions"}],"predecessor-version":[{"id":1795,"href":"https:\/\/suomenrehtorit.fi\/web\/wp-json\/wp\/v2\/posts\/1272\/revisions\/1795"}],"wp:attachment":[{"href":"https:\/\/suomenrehtorit.fi\/web\/wp-json\/wp\/v2\/media?parent=1272"}],"wp:term":[{"taxonomy":"category","embeddable":true,"href":"https:\/\/suomenrehtorit.fi\/web\/wp-json\/wp\/v2\/categories?post=1272"},{"taxonomy":"post_tag","embeddable":true,"href":"https:\/\/suomenrehtorit.fi\/web\/wp-json\/wp\/v2\/tags?post=1272"}],"curies":[{"name":"wp","href":"https:\/\/api.w.org\/{rel}","templated":true}]}}