{"id":1307,"date":"2020-06-10T07:09:41","date_gmt":"2020-06-10T07:09:41","guid":{"rendered":"https:\/\/suomenrehtorit.fi\/web\/?p=1307"},"modified":"2023-08-07T06:46:50","modified_gmt":"2023-08-07T06:46:50","slug":"jasenkirje-6-2020","status":"publish","type":"post","link":"https:\/\/suomenrehtorit.fi\/web\/2020\/06\/10\/jasenkirje-6-2020\/","title":{"rendered":"J\u00e4senkirje 6\/2020"},"content":{"rendered":"<h1>Puheenjohtajalta<\/h1>\n<figure id=\"attachment_3740\" aria-describedby=\"caption-attachment-3740\" style=\"width: 778px\" class=\"wp-caption alignnone\"><img loading=\"lazy\" decoding=\"async\" class=\"wp-image-762 size-large\" src=\"https:\/\/suomenrehtorit.fi\/web\/wp-content\/uploads\/sites\/2\/mcx\/2023-6\/Antti-uusin-788x1024.jpg\" alt=\"\" width=\"788\" height=\"1024\" srcset=\"https:\/\/suomenrehtorit.fi\/web\/wp-content\/uploads\/sites\/2\/mcx\/2023-6\/Antti-uusin-788x1024.jpg 788w, https:\/\/suomenrehtorit.fi\/web\/wp-content\/uploads\/sites\/2\/mcx\/2023-6\/Antti-uusin-231x300.jpg 231w, https:\/\/suomenrehtorit.fi\/web\/wp-content\/uploads\/sites\/2\/mcx\/2023-6\/Antti-uusin-768x999.jpg 768w, https:\/\/suomenrehtorit.fi\/web\/wp-content\/uploads\/sites\/2\/mcx\/2023-6\/Antti-uusin-252x328.jpg 252w, https:\/\/suomenrehtorit.fi\/web\/wp-content\/uploads\/sites\/2\/mcx\/2023-6\/Antti-uusin-522x679.jpg 522w, https:\/\/suomenrehtorit.fi\/web\/wp-content\/uploads\/sites\/2\/mcx\/2023-6\/Antti-uusin-792x1030.jpg 792w, https:\/\/suomenrehtorit.fi\/web\/wp-content\/uploads\/sites\/2\/mcx\/2023-6\/Antti-uusin.jpg 866w\" sizes=\"auto, (max-width: 788px) 100vw, 788px\" \/><figcaption id=\"caption-attachment-3740\" class=\"wp-caption-text\">Antti Ikonen<br \/>pj Suomen Rehtorit<br \/>twitter: @AnttiIkonen<\/figcaption><\/figure>\n<p style=\"text-align: justify;\">T\u00e4m\u00e4n j\u00e4senkirjeen rungon muodostaa hiljattain aikaan saatu uusi kunnallisen opetushenkil\u00f6st\u00f6n virka- ja ty\u00f6ehtosopimus (OVTES). Virkaehtosopimuskysymysten edist\u00e4minen on nostettu vahvasti SURE:n toiminnan keski\u00f6\u00f6n. On ilo todeta, ett\u00e4 sitke\u00e4 ja p\u00e4\u00e4m\u00e4\u00e4r\u00e4tietoinen ty\u00f6 on tuottanut sopimuksesta toiseen edistysaskelia esimiesten sopimusehtoihin. N\u00e4in my\u00f6s t\u00e4ll\u00e4 kertaa. Teht\u00e4v\u00e4 ei ole ollut helppo taloudellisesti haasteellisena ajanjaksona, jolloin julkisen toimijan on ollut useimmiten tyytyminen menoleikkauksiin ja kulujen supistamiseen. Koska sopimuskirjat ovat viel\u00e4 painamatta ja laajemmin julkistamatta, oheen on koottu luettelomaisesti keskeisimm\u00e4t huomiot erityisesti esimiesten omaa virkasuhdetta koskien.<\/p>\n<p>&nbsp;<\/p>\n<h1>Ensimm\u00e4inen yleiskorotus elokuun alussa<\/h1>\n<p style=\"text-align: justify;\">Uusi OVTES 2020\u20132021\u00a0on voimassa 1.4.2020\u201328.2.2022 eli sopimuskausi kest\u00e4\u00e4 23 kuukautta.\u00a0Sopimuskauden palkankorotusajankohdat ovat 1.8.2020 ja 1.4.2021. Ensimm\u00e4inen yleiskorotus mm. peruskoulua, lukiota ja aikuislukiota koskevassa B-osiossa on 0,87 % ja j\u00e4lkimm\u00e4inen 0,72 %. My\u00f6s koulu-\/oppilaitos- ja kuntakohtaisen lis\u00e4teht\u00e4v\u00e4n palkkiota korotetaan yleiskorotuksella kuten taide- ja taitoaineiden lisi\u00e4. Henkil\u00f6kohtaista lis\u00e4\u00e4 korotetaan vastaavalla prosentilla. Paikallinen j\u00e4rjestelyer\u00e4 1.4.2021 on 0,8 %. Paikallista j\u00e4rjestelyer\u00e4\u00e4 kohdennettaessa ensisijaisia tavoitteita ovat pai\u00adkallisten palkkausj\u00e4rjestelmien edelleen kehitt\u00e4minen, paikallisten palkkaus\u00adep\u00e4kohtien korjaaminen sek\u00e4 tuloksellisuutta edist\u00e4vien toimintojen ja teht\u00e4vien uudelleenj\u00e4rjestelyjen tukeminen. Samalla huolehditaan siit\u00e4, ett\u00e4 johto- ja esimiesasemassa olevien sek\u00e4 muiden palkkahinnoittelun ulkopuolella olevien palkkaus on oikeassa suhteessa heid\u00e4n alaistensa tai verrokkiryhmien palkkaan n\u00e4hden.<\/p>\n<p><img loading=\"lazy\" decoding=\"async\" class=\"alignnone wp-image-776 size-large\" src=\"https:\/\/suomenrehtorit.fi\/web\/wp-content\/uploads\/sites\/2\/mcx\/2023-6\/AdobeStock_284962887-1024x635.jpeg\" alt=\"\" width=\"980\" height=\"608\" srcset=\"https:\/\/suomenrehtorit.fi\/web\/wp-content\/uploads\/sites\/2\/mcx\/2023-6\/AdobeStock_284962887-1024x635.jpeg 1024w, https:\/\/suomenrehtorit.fi\/web\/wp-content\/uploads\/sites\/2\/mcx\/2023-6\/AdobeStock_284962887-300x186.jpeg 300w, https:\/\/suomenrehtorit.fi\/web\/wp-content\/uploads\/sites\/2\/mcx\/2023-6\/AdobeStock_284962887-768x476.jpeg 768w, https:\/\/suomenrehtorit.fi\/web\/wp-content\/uploads\/sites\/2\/mcx\/2023-6\/AdobeStock_284962887-252x156.jpeg 252w, https:\/\/suomenrehtorit.fi\/web\/wp-content\/uploads\/sites\/2\/mcx\/2023-6\/AdobeStock_284962887-522x324.jpeg 522w, https:\/\/suomenrehtorit.fi\/web\/wp-content\/uploads\/sites\/2\/mcx\/2023-6\/AdobeStock_284962887-792x491.jpeg 792w, https:\/\/suomenrehtorit.fi\/web\/wp-content\/uploads\/sites\/2\/mcx\/2023-6\/AdobeStock_284962887-1062x658.jpeg 1062w, https:\/\/suomenrehtorit.fi\/web\/wp-content\/uploads\/sites\/2\/mcx\/2023-6\/AdobeStock_284962887-1536x952.jpeg 1536w, https:\/\/suomenrehtorit.fi\/web\/wp-content\/uploads\/sites\/2\/mcx\/2023-6\/AdobeStock_284962887-2048x1270.jpeg 2048w\" sizes=\"auto, (max-width: 980px) 100vw, 980px\" \/><\/p>\n<h1>Kilpailukykysopimuksen mukainen ty\u00f6ajan pidennys poistuu<\/h1>\n<p style=\"text-align: justify;\">OVTES:n piiriss\u00e4 kilpailukykysopimuksen perusteella sovitut ty\u00f6ajan pidennykset ovat voimassa 31.7.2020 asti. Kuitenkin OVTES:n osion A 31 \u00a7:n soveltamisohjeen kohdan 2 mukaisten kokonaisty\u00f6ajassa olevan opetushenkil\u00f6st\u00f6n ty\u00f6ajan pidennys on voimassa KVTES:n toimistoty\u00f6ajan mukaisesti 30.8.2020 saakka. Kilpailukykysopimuksen perusteella sovittujen ty\u00f6aikojen pidennysten poistuessa tilalle on sovittu liite- ja osiokohtaisesti erin\u00e4isi\u00e4 muutoksia.<\/p>\n<p><img loading=\"lazy\" decoding=\"async\" class=\"alignnone wp-image-906 size-large\" src=\"https:\/\/suomenrehtorit.fi\/web\/wp-content\/uploads\/sites\/2\/mcx\/2023-6\/AdobeStock_256391842-1024x512.jpeg\" alt=\"\" width=\"980\" height=\"490\" srcset=\"https:\/\/suomenrehtorit.fi\/web\/wp-content\/uploads\/sites\/2\/mcx\/2023-6\/AdobeStock_256391842-1024x512.jpeg 1024w, https:\/\/suomenrehtorit.fi\/web\/wp-content\/uploads\/sites\/2\/mcx\/2023-6\/AdobeStock_256391842-300x150.jpeg 300w, https:\/\/suomenrehtorit.fi\/web\/wp-content\/uploads\/sites\/2\/mcx\/2023-6\/AdobeStock_256391842-768x384.jpeg 768w, https:\/\/suomenrehtorit.fi\/web\/wp-content\/uploads\/sites\/2\/mcx\/2023-6\/AdobeStock_256391842-252x126.jpeg 252w, https:\/\/suomenrehtorit.fi\/web\/wp-content\/uploads\/sites\/2\/mcx\/2023-6\/AdobeStock_256391842-522x261.jpeg 522w, https:\/\/suomenrehtorit.fi\/web\/wp-content\/uploads\/sites\/2\/mcx\/2023-6\/AdobeStock_256391842-792x396.jpeg 792w, https:\/\/suomenrehtorit.fi\/web\/wp-content\/uploads\/sites\/2\/mcx\/2023-6\/AdobeStock_256391842-1062x531.jpeg 1062w, https:\/\/suomenrehtorit.fi\/web\/wp-content\/uploads\/sites\/2\/mcx\/2023-6\/AdobeStock_256391842-1536x768.jpeg 1536w, https:\/\/suomenrehtorit.fi\/web\/wp-content\/uploads\/sites\/2\/mcx\/2023-6\/AdobeStock_256391842-2048x1024.jpeg 2048w\" sizes=\"auto, (max-width: 980px) 100vw, 980px\" \/><\/p>\n<h1>Palkkausj\u00e4rjestelm\u00e4ty\u00f6ryhm\u00e4 aloittaa ty\u00f6ns\u00e4<\/h1>\n<p style=\"text-align: justify;\">Sopimuskaudelle asetetaan useita ty\u00f6ryhmi\u00e4, joista yksi t\u00e4rke\u00e4 esimiesty\u00f6t\u00e4 ajatellen on palkkausj\u00e4rjestelm\u00e4ty\u00f6ryhm\u00e4. Ty\u00f6ryhm\u00e4 uudistaa OVTES:n osion B 2 \u00a7:n palkkaperusteryhmien m\u00e4\u00e4r\u00e4ytymisen siten, ett\u00e4 se tulee perustumaan perusopetuksessa oppilaiden sek\u00e4 erityisen tuen p\u00e4\u00e4t\u00f6sten m\u00e4\u00e4riin. Samalla tarkastellaan my\u00f6s osion B 3 \u00a7:n (peruskoulun rehtorin palkkaus) ja B 10 \u00a7 (peruskoulun rehtorin opetusvelvollisuus) kehitt\u00e4mist\u00e4.<\/p>\n<p><strong>Yleissivist\u00e4v\u00e4 koulu ja yhteiset m\u00e4\u00e4r\u00e4ykset B-osio<\/strong><\/p>\n<p style=\"text-align: justify;\">\u00b7\u00a0\u00a0\u00a0\u00a0\u00a0\u00a0 3 \u00a7:n mukainen peruskoulun rehtorin teht\u00e4v\u00e4kohtainen palkka: tehd\u00e4\u00e4n t\u00e4smennys taulukkoon niin, ett\u00e4 vuosiluokkia 7\u20139 k\u00e4sitt\u00e4v\u00e4n koulun rehtorin palkka koskee jatkossa my\u00f6s yhten\u00e4isen peruskoulun rehtoria.<\/p>\n<p style=\"text-align: justify;\">\u00b7\u00a0\u00a0\u00a0\u00a0\u00a0\u00a0 10 \u00a7:n mukaista rehtorinviran haltijan opetustuntim\u00e4\u00e4r\u00e4\u00e4 on t\u00e4smennetty ja muutettu (1.8.2020\u201331.7.2022) sek\u00e4 tehty vastaava t\u00e4smennys taulukkoon. Uusi soveltamisohje on lis\u00e4tty koskemaan momentteja 1\u20134: Rehtorille voidaan m\u00e4\u00e4r\u00e4t\u00e4 opetustunteja kaksi tuntia v\u00e4hemm\u00e4n kuin koulun palkkaperusteryhmien m\u00e4\u00e4r\u00e4 osoittaa, jos koulun hallinnollisen ty\u00f6n m\u00e4\u00e4r\u00e4 on suuri. Rehtorin hallinnolliseen ty\u00f6h\u00f6n vaikuttaa esimerkiksi muun henkil\u00f6st\u00f6n kuin opetushenkil\u00f6st\u00f6n m\u00e4\u00e4r\u00e4. Rehtorin hallinnollisen ty\u00f6n kuormittavuutta arvioitaessa huomioidaan koulun apulaisrehtori-\/apulaisjohtajaratkaisut. Rehtorin opetustunteja ei tarvitse m\u00e4\u00e4r\u00e4t\u00e4 ty\u00f6j\u00e4rjestykseen kiinnitettyn\u00e4 opetuksena.<\/p>\n<p style=\"text-align: justify;\">Rehtorin opetusvelvollisuutta ei muuteta palkkaperusteryhmiss\u00e4 tapahtuneiden v\u00e4h\u00e4isten muutoksien vuoksi, jos rehtorin ty\u00f6n kokonaism\u00e4\u00e4r\u00e4n kuormittavuus pysyy ennallaan.<\/p>\n<p style=\"text-align: justify;\">Rehtorille voidaan m\u00e4\u00e4r\u00e4t\u00e4 opetustunteja enint\u00e4\u00e4n kaksi tuntia enemm\u00e4n kuin koulun palkkaperusteryhmien m\u00e4\u00e4r\u00e4 osoittaa. Hallinnollisen ty\u00f6n tulee t\u00e4ss\u00e4 tilanteessa todennetusti vastaavasti v\u00e4henty\u00e4. Suuremman opetustuntim\u00e4\u00e4r\u00e4n tulee olla perusteltavissa opetuksen j\u00e4rjest\u00e4miseen liittyv\u00e4ll\u00e4 poikkeuksellisella tilanteella.<\/p>\n<p style=\"text-align: justify;\">Erityisen merkitt\u00e4v\u00e4 edistysaskel on otettu lukioiden ja aikuislukioiden rehtoreiden opetusvelvollisuuden kohdalla, sill\u00e4 uuden m\u00e4\u00e4r\u00e4yksen mukaisesti lukion rehtorin vuotuinen opetustuntim\u00e4\u00e4r\u00e4 vahvistetaan paikallisesti enint\u00e4\u00e4n 418 tuntiin. Lukion rehtorin vuotuinen opetustuntim\u00e4\u00e4r\u00e4 voidaan kuitenkin m\u00e4\u00e4r\u00e4t\u00e4 enint\u00e4\u00e4n 456 tuntiin. T\u00e4ll\u00f6in oppilaitoksessa voi olla enint\u00e4\u00e4n\u00a0100 opiskelijaa eiv\u00e4tk\u00e4 rehtorin virantoimitusvelvollisuuteen kuulu perusopetuksen rehtorin teht\u00e4v\u00e4t tai suuremman opetustuntim\u00e4\u00e4r\u00e4n m\u00e4\u00e4r\u00e4\u00e4miselle on muu perusteltu syy. Aikuislukion rehtorin vuotuinen opetustuntim\u00e4\u00e4r\u00e4 vahvistetaan paikallisesti enint\u00e4\u00e4n 363 tuntiin.<\/p>\n<p style=\"text-align: justify;\">\u00b7\u00a0\u00a0\u00a0\u00a0\u00a0\u00a0 11 \u00a7:n mukaiset peruskoulun rehtorinviran haltijan ty\u00f6ajan erityism\u00e4\u00e4r\u00e4ykset: Lis\u00e4tty uusi 3 momentti (voimaan 1.8.2020), jonka perusteella k\u00e4ytett\u00e4v\u00e4 tuntim\u00e4\u00e4r\u00e4 voidaan lukea poikkeuksellisesti my\u00f6s koulun muun opettajaviranhaltijan opetustuntien m\u00e4\u00e4r\u00e4\u00e4n. Perusteena t\u00e4h\u00e4n on se, ett\u00e4 opetusvelvollisuuteen lukemista ei voida tehd\u00e4 rehtorin, apulaisjohtajan \/ apulaisrehtorin, varajohtajan tai koulunjohtajan opetusvelvollisuuteen.<\/p>\n<p>&nbsp;<\/p>\n<p><strong>B-osio liite 1 Peruskoulu<\/strong><\/p>\n<p style=\"text-align: justify;\">\u00b7\u00a0\u00a0\u00a0\u00a0\u00a0\u00a0 8 \u00a7:n mukainen koulun johtajan teht\u00e4vien lukeminen opetusvelvollisuuteen, kun teht\u00e4v\u00e4t on m\u00e4\u00e4r\u00e4tty opettajanviran haltijalle: jatkettu m\u00e4\u00e4r\u00e4aikaista 5 mom. (1.8.2020\u201331.7.2022)<\/p>\n<p>\u00b7\u00a0\u00a0\u00a0\u00a0\u00a0\u00a0 9 \u00a7:n mukainen apulaisjohtajan teht\u00e4vien lukeminen opetusvelvollisuuteen, kun teht\u00e4v\u00e4t on m\u00e4\u00e4r\u00e4tty opettajanviran haltijalle (voimassa 1.8.2020\u201331.7.2022).<\/p>\n<p style=\"text-align: justify;\">Jos opettajanviran haltija m\u00e4\u00e4r\u00e4t\u00e4\u00e4n hoitamaan yhden tai useamman vuosiluokkia 1\u20136 k\u00e4sitt\u00e4v\u00e4n koulun apulaisjohtajan teht\u00e4v\u00e4t, h\u00e4nen opetusvelvollisuuteensa luetaan tuntim\u00e4\u00e4r\u00e4, joka voi olla tunnin enemm\u00e4n kuin ennen. Esim. jos koulussa on palkkaperusteryhmi\u00e4 24\u201329, voidaan opetusvelvollisuuteen lukea 1\u20133 tuntia jne. Vastaavat muutokset 2 momenttiin eli muihin kuin 1\u20136 vuosiluokkia koskevaan peruskouluun.<\/p>\n<p style=\"text-align: justify;\">Uusi 5. mom.: Virantoimitusvelvollisuutta muuttamalla (KVhL 23 \u00a7) opettajaviranhaltijalle voidaan siirt\u00e4\u00e4 perustellusta syyst\u00e4 rehtorille m\u00e4\u00e4r\u00e4ttyj\u00e4 hallinnollisia teht\u00e4vi\u00e4, ei kuitenkaan esimiesty\u00f6t\u00e4. Hallinnollisen ty\u00f6n siirt\u00e4minen on mahdollista, jos vuosiluokkien 1\u20136 koulun palkkaperusteryhmien m\u00e4\u00e4r\u00e4 on v\u00e4hint\u00e4\u00e4n 36 ja muun peruskoulun palkkaperusteryhmien m\u00e4\u00e4r\u00e4 on v\u00e4hint\u00e4\u00e4n 26. Vuosiluokkien 1\u20136 koulussa opettajaviranhaltijan opetusvelvollisuuteen voidaan lukea enint\u00e4\u00e4n 5 tuntia ja muussa peruskoulussa enint\u00e4\u00e4n 7 tuntia hallinnollisia teht\u00e4vi\u00e4. Poikkeavaa ty\u00f6aikam\u00e4\u00e4r\u00e4yst\u00e4 voidaan soveltaa lukuvuosi kerrallaan. Huom.! M\u00e4\u00e4r\u00e4yst\u00e4 sovelletaan vain, jos hallinnollisia teht\u00e4vi\u00e4 ei ole siirrett\u00e4viss\u00e4 opettajaviranhaltijalle, jolle on m\u00e4\u00e4r\u00e4tty apulaisjohtajan\/ -rehtorin teht\u00e4v\u00e4t.<\/p>\n<p><img loading=\"lazy\" decoding=\"async\" class=\"alignnone wp-image-904 size-large\" src=\"https:\/\/suomenrehtorit.fi\/web\/wp-content\/uploads\/sites\/2\/mcx\/2023-6\/AdobeStock_326984480-1024x514.jpeg\" alt=\"\" width=\"980\" height=\"492\" srcset=\"https:\/\/suomenrehtorit.fi\/web\/wp-content\/uploads\/sites\/2\/mcx\/2023-6\/AdobeStock_326984480-1024x514.jpeg 1024w, https:\/\/suomenrehtorit.fi\/web\/wp-content\/uploads\/sites\/2\/mcx\/2023-6\/AdobeStock_326984480-300x151.jpeg 300w, https:\/\/suomenrehtorit.fi\/web\/wp-content\/uploads\/sites\/2\/mcx\/2023-6\/AdobeStock_326984480-768x386.jpeg 768w, https:\/\/suomenrehtorit.fi\/web\/wp-content\/uploads\/sites\/2\/mcx\/2023-6\/AdobeStock_326984480-252x127.jpeg 252w, https:\/\/suomenrehtorit.fi\/web\/wp-content\/uploads\/sites\/2\/mcx\/2023-6\/AdobeStock_326984480-522x262.jpeg 522w, https:\/\/suomenrehtorit.fi\/web\/wp-content\/uploads\/sites\/2\/mcx\/2023-6\/AdobeStock_326984480-792x398.jpeg 792w, https:\/\/suomenrehtorit.fi\/web\/wp-content\/uploads\/sites\/2\/mcx\/2023-6\/AdobeStock_326984480-1062x533.jpeg 1062w, https:\/\/suomenrehtorit.fi\/web\/wp-content\/uploads\/sites\/2\/mcx\/2023-6\/AdobeStock_326984480-1536x771.jpeg 1536w, https:\/\/suomenrehtorit.fi\/web\/wp-content\/uploads\/sites\/2\/mcx\/2023-6\/AdobeStock_326984480-2048x1029.jpeg 2048w\" sizes=\"auto, (max-width: 980px) 100vw, 980px\" \/><\/p>\n<h1>Korona ja koulun muutos<\/h1>\n<p style=\"text-align: justify;\">T\u00e4m\u00e4 on viimeinen j\u00e4senkirjeemme ennen kes\u00e4\u00e4. Kulunut lukuvuosi on ollut monien k\u00e4\u00e4nteiden vuosi ja koronaepidemian aiheuttamien poikkeusj\u00e4rjestelyiden s\u00e4vytt\u00e4m\u00e4. Kulunut kev\u00e4t on pakottanut meid\u00e4t pohtimaan monia yhteiskunnan arkisia toimintoja kokonaan uudella tavoin. Nyt p\u00e4\u00e4ttyneen lukuvuoden aikana jokainen esimies on joutunut kohtaamaan tukun ennakoimattomia tilanteita ja siet\u00e4m\u00e4\u00e4n suurta ep\u00e4varmuutta. Mutta kaikilla pilvill\u00e4 on hopeareunus, niin my\u00f6s t\u00e4ll\u00e4. Epidemian aikana kouluissa otettiin todellinen vauhditon digiloikka, oppimisen tavat monipuolistuivat, kouluty\u00f6n organisointi sek\u00e4 johtaminen p\u00e4ivittyiv\u00e4t kulloisenkin tilanteen mukaisesti. Monet aiemmin isoina n\u00e4ytt\u00e4ytyneet ongelmat muuttuivat pieniksi ja pienet olemattomiksi. Kaikkea t\u00e4t\u00e4 on pohdittu monipuolisesti usean kirjoittajan voimin uunituoreessa Rexi-lehdess\u00e4, johon pyysimme keskeisi\u00e4 toimijoita kirjoittamaan ajatuksiaan koronapandemian s\u00e4vytt\u00e4m\u00e4st\u00e4 koulun muutoksesta oppilaitosjohtajien ty\u00f6n tueksi.<\/p>\n<p><img loading=\"lazy\" decoding=\"async\" class=\"alignnone wp-image-1308 size-full\" src=\"https:\/\/suomenrehtorit.fi\/web\/wp-content\/uploads\/sites\/2\/mcx\/2023-6\/spring-276014_640.jpg\" alt=\"\" width=\"640\" height=\"407\" srcset=\"https:\/\/suomenrehtorit.fi\/web\/wp-content\/uploads\/sites\/2\/mcx\/2023-6\/spring-276014_640.jpg 640w, https:\/\/suomenrehtorit.fi\/web\/wp-content\/uploads\/sites\/2\/mcx\/2023-6\/spring-276014_640-300x191.jpg 300w, https:\/\/suomenrehtorit.fi\/web\/wp-content\/uploads\/sites\/2\/mcx\/2023-6\/spring-276014_640-252x160.jpg 252w, https:\/\/suomenrehtorit.fi\/web\/wp-content\/uploads\/sites\/2\/mcx\/2023-6\/spring-276014_640-522x332.jpg 522w\" sizes=\"auto, (max-width: 640px) 100vw, 640px\" \/><\/p>\n<p>Kiitos kuluneen vuoden hyv\u00e4st\u00e4 ty\u00f6st\u00e4 &amp; virkist\u00e4v\u00e4\u00e4 ja aurinkoista kes\u00e4\u00e4 2020!<\/p>\n<p>Antti Ikonen<br \/>\npj Suomen Rehtorit<br \/>\n@AnttiIkonen<\/p>\n<h1><a href=\"https:\/\/www.kuvaverkko.fi\/koulukuvaus\"><img loading=\"lazy\" decoding=\"async\" class=\"alignnone size-full wp-image-1309\" src=\"https:\/\/suomenrehtorit.fi\/web\/wp-content\/uploads\/sites\/2\/mcx\/2023-6\/Kuvaverkko_REXI-jasenkirje_6_1000x650px.jpg\" alt=\"\" width=\"1000\" height=\"650\" srcset=\"https:\/\/suomenrehtorit.fi\/web\/wp-content\/uploads\/sites\/2\/mcx\/2023-6\/Kuvaverkko_REXI-jasenkirje_6_1000x650px.jpg 1000w, https:\/\/suomenrehtorit.fi\/web\/wp-content\/uploads\/sites\/2\/mcx\/2023-6\/Kuvaverkko_REXI-jasenkirje_6_1000x650px-300x195.jpg 300w, https:\/\/suomenrehtorit.fi\/web\/wp-content\/uploads\/sites\/2\/mcx\/2023-6\/Kuvaverkko_REXI-jasenkirje_6_1000x650px-768x499.jpg 768w, https:\/\/suomenrehtorit.fi\/web\/wp-content\/uploads\/sites\/2\/mcx\/2023-6\/Kuvaverkko_REXI-jasenkirje_6_1000x650px-252x164.jpg 252w, https:\/\/suomenrehtorit.fi\/web\/wp-content\/uploads\/sites\/2\/mcx\/2023-6\/Kuvaverkko_REXI-jasenkirje_6_1000x650px-522x339.jpg 522w, https:\/\/suomenrehtorit.fi\/web\/wp-content\/uploads\/sites\/2\/mcx\/2023-6\/Kuvaverkko_REXI-jasenkirje_6_1000x650px-792x515.jpg 792w\" sizes=\"auto, (max-width: 1000px) 100vw, 1000px\" \/><\/a><\/h1>\n<p>&nbsp;<\/p>\n<h1>Moni asia huolestuttaa viel\u00e4 oppivelvollisuuden laajentamisessa &#8211; maksuttomuuden ja oppivelvollisuuden pident\u00e4misen pel\u00e4t\u00e4\u00e4n lis\u00e4\u00e4v\u00e4n rehtoreiden ty\u00f6taakkaa<\/h1>\n<p style=\"text-align: justify;\">Suomen Rehtorit ry on useaan otteeseen ilmaissut huolensa oppivelvollisuuden laajentamisen vaikutuksista rehtoreiden entisest\u00e4\u00e4n lis\u00e4\u00e4ntyv\u00e4\u00e4n ty\u00f6n m\u00e4\u00e4r\u00e4\u00e4n ja sen kuormittavuuteen. Suomen Rehtorit ry toteaakin, ett\u00e4 uudistuksen my\u00f6t\u00e4 n\u00e4m\u00e4 tulee arvioida ja ottaa huomioon kustannusvaikutuksissa. Hallinnollisen ty\u00f6n arvioidaan lis\u00e4\u00e4ntyv\u00e4n muun muassa uusien teht\u00e4vien organisoinnin, uusien ty\u00f6njohdollisten teht\u00e4vien, rekrytointien sek\u00e4 erilaisten valvonta-, seuranta- ja ilmoitusteht\u00e4vien my\u00f6t\u00e4. Vaikka teht\u00e4vi\u00e4 ohjattaisiin muille ammattiryhmille, p\u00e4\u00e4t\u00f6ksenteko lankeaa kuitenkin rehtorille.<\/p>\n<p style=\"text-align: justify;\">Maksuttomuuden n\u00e4k\u00f6kulmasta uhkakuva kohdistuu pieneneviin resursseihin. Maksuttomuudella tuleekin ensisijaisesti turvata oppilaiden laadukas opetus, ohjaus ja tuki. Rahoitus tulee kohdentaa p\u00e4\u00e4osin niihin tarpeisiin, jotka tukevat toisen asteen tutkinnon suorittamista. Suomen Rehtorit ry on esitt\u00e4nyt huolensa siit\u00e4, ett\u00e4 suurin osa 129 miljoonasta eurosta k\u00e4ytet\u00e4\u00e4n materiaali- ja matkakuluihin. Maksuttomuus tulee rajata ensisijaisesti oppivelvollisuusik\u00e4isiin toisin sanoen sen vuoden loppuun, kun opiskelija t\u00e4ytt\u00e4\u00e4 18 vuotta.<\/p>\n<p style=\"text-align: justify;\">Maksuttomuuden laajuuteen liittyen vaaditaan my\u00f6s selkeit\u00e4 linjauksia, mitk\u00e4 oppimateriaalit sek\u00e4 ty\u00f6v\u00e4lineet, -asut ja -aineet ovat maksuttomia tai vaihtoehtoisesti, mitk\u00e4 eiv\u00e4t. Lukiokoulutuksessa huolta on her\u00e4tt\u00e4nyt my\u00f6s valinnaisten opintojen karsiutuminen, mik\u00e4li rahoitus ei ole riitt\u00e4v\u00e4. T\u00e4st\u00e4 syyst\u00e4 lukiokoulutuksen j\u00e4rjest\u00e4jill\u00e4 tuleekin edelleen olla mahdollisuus tarjota maksullisia valinnaisia opintoja maksuttomien opintojen rinnalla.<\/p>\n<p style=\"text-align: justify;\">Rehtorit ovat tehneet vallitsevista poikkeusoloista johtuen ymp\u00e4ripy\u00f6reit\u00e4 ty\u00f6p\u00e4ivi\u00e4 sek\u00e4 et\u00e4opetusaikana, l\u00e4hiopetukseen palatessa kuin tulevaa lukuvuotta suunnitellessaankin. Suomen t\u00e4rkeimm\u00e4t johtajat tekiv\u00e4t sen, mit\u00e4 odotettiinkin: lukuvuosi hoidettiin hienosti maaliin. Kiitos! Vaikutukset ty\u00f6m\u00e4\u00e4riin heijastuvat kuitenkin ainakin syyslukukauden 2020 ajan tiet\u00e4m\u00e4tt\u00e4 viel\u00e4 t\u00e4ss\u00e4 vaiheessa, mit\u00e4 muutoksia syksy tuo tullessaan. Vallitseva poikkeustila ei mahdollista suunniteltua aikataulua. Suomen Rehtorit ry esitt\u00e4\u00e4kin oppivelvollisuuslain voimaantulolle aikalis\u00e4\u00e4 vuoteen 2022.<\/p>\n<p>P\u00e4ivi Ikola<br \/>\nvarapuheenjohtaja<br \/>\n@paiviikola<\/p>\n<h1>Perusopetuksen oppimisen arvioinnin kehitt\u00e4misty\u00f6 etenee<\/h1>\n<p style=\"text-align: justify;\">Perusopetuksen opetussuunnitelman perusteiden uusi arviointiluku julkaistiin helmikuussa. Uusi arviointiluku 6 korvaa aikaisemman arviointiluvun kokonaan. Se otetaan k\u00e4ytt\u00f6\u00f6n 1.8.2020.<\/p>\n<p style=\"text-align: justify;\">Oppimisen arvioinnin kehitt\u00e4misty\u00f6 on sen j\u00e4lkeen jatkunut perusopetuksen p\u00e4\u00e4tt\u00f6arvioinnin kriteereiden valmistelulla. Uusissa p\u00e4\u00e4tt\u00f6arvioinnin kriteereiss\u00e4 osaamisen kuvaus on laadittu arvosanoille 5, 7, 8 ja 9. Kriteereiss\u00e4 m\u00e4\u00e4ritell\u00e4\u00e4n, mit\u00e4 peruskoulun p\u00e4\u00e4tt\u00e4v\u00e4n oppilaan tulee osata saadakseen kyseisen arvosanan.\u00a0T\u00e4ll\u00e4 hetkell\u00e4 osaamistaso on m\u00e4\u00e4ritelty ainoastaan arvosanalle 8. Tavoitteena on lis\u00e4t\u00e4 arvioinnin yhdenvertaisuutta sek\u00e4 arvosanojen vertailukelpoisuutta. Opetuksen tavoite (T1, T2, T3\u2026) on my\u00f6s saanut rinnalleen oppimisen tavoitteen.<\/p>\n<p style=\"text-align: justify;\">Luonnoksia p\u00e4\u00e4tt\u00f6arvioinnin kriteereiksi on mahdollisuus kommentoida Opetushallituksen verkkosivuilla 28.8. &#8211; 25.9.2020. Samanaikaisesti j\u00e4rjestet\u00e4\u00e4n my\u00f6s lausuntokierros. Uudet p\u00e4\u00e4tt\u00f6arvioinnin kriteerit julkaistaan 31.12.2020 menness\u00e4 ja ne otetaan k\u00e4ytt\u00f6\u00f6n 1.8.2021. Uusien kriteereiden mukainen p\u00e4\u00e4tt\u00f6arviointi annetaan ensimm\u00e4isen kerran lukuvuonna 2021 &#8211; 2022.<\/p>\n<p>P\u00e4ivi Ikola<br \/>\nvarapuheenjohtaja<br \/>\n@paiviikola<\/p>\n<p><img loading=\"lazy\" decoding=\"async\" class=\"alignnone wp-image-1310 size-full\" src=\"https:\/\/suomenrehtorit.fi\/web\/wp-content\/uploads\/sites\/2\/mcx\/2023-6\/Poyta-ja-kukka.jpg\" alt=\"\" width=\"960\" height=\"640\" srcset=\"https:\/\/suomenrehtorit.fi\/web\/wp-content\/uploads\/sites\/2\/mcx\/2023-6\/Poyta-ja-kukka.jpg 960w, https:\/\/suomenrehtorit.fi\/web\/wp-content\/uploads\/sites\/2\/mcx\/2023-6\/Poyta-ja-kukka-300x200.jpg 300w, https:\/\/suomenrehtorit.fi\/web\/wp-content\/uploads\/sites\/2\/mcx\/2023-6\/Poyta-ja-kukka-768x512.jpg 768w, https:\/\/suomenrehtorit.fi\/web\/wp-content\/uploads\/sites\/2\/mcx\/2023-6\/Poyta-ja-kukka-252x168.jpg 252w, https:\/\/suomenrehtorit.fi\/web\/wp-content\/uploads\/sites\/2\/mcx\/2023-6\/Poyta-ja-kukka-522x348.jpg 522w, https:\/\/suomenrehtorit.fi\/web\/wp-content\/uploads\/sites\/2\/mcx\/2023-6\/Poyta-ja-kukka-792x528.jpg 792w\" sizes=\"auto, (max-width: 960px) 100vw, 960px\" \/><\/p>\n<h1>Makupaloja syksyn aloitukseen<\/h1>\n<p style=\"text-align: justify;\">Kes\u00e4n j\u00e4lkeen alkaa j\u00e4lleen uusi lukuvuosi, mutta se ei ole samanlainen kuin aikaisemmin. Moni asia on poikkeuskev\u00e4\u00e4n j\u00e4lkeen muutoksessa, ja valmius toimintakulttuurin uudistumiseen on nyt suurempi kuin aikaisemmin. Miten vied\u00e4 muutosta eteenp\u00e4in hallitusti ja toivottuun suuntaan? Miten k\u00e4ytt\u00e4\u00e4 hedelm\u00e4llinen tilanne parhaalla mahdollisella tavalla hyv\u00e4ksi?<\/p>\n<p style=\"text-align: justify;\">Otava Oppimisen palveluiden valmennustarjonnasta l\u00f6ytyy hyv\u00e4t ev\u00e4\u00e4t muutoksen l\u00e4pivientiin. Esimerkiksi jaetun johtajuuden toimivuus arjen muutoksessa on hyv\u00e4 varmistaa. Otavan valmennuksessa roolit ja vastuut selkiytet\u00e4\u00e4n ja koulun uusi toimintamalli suunnitellaan yhdess\u00e4.<\/p>\n<p>Kuuntele lis\u00e4\u00e4 aiheesta:<\/p>\n<p><strong>Jaettu johtajuus arjessa<\/strong><\/p>\n<p><iframe loading=\"lazy\" src=\"https:\/\/w.soundcloud.com\/player\/?url=https%3A\/\/api.soundcloud.com\/tracks\/821010037%3Fsecret_token%3Ds-ELnNsARrYg4&amp;color=%23ff5500&amp;inverse=false&amp;auto_play=false&amp;show_user=true\" width=\"100%\" height=\"20\" frameborder=\"no\" scrolling=\"no\"><\/iframe><\/p>\n<p>&nbsp;<\/p>\n<p style=\"text-align: justify;\">Kun jaetun johtajuuden k\u00e4yt\u00e4nteet saadaan kiinte\u00e4ksi osaksi koulun arkea, toimintakulttuuri helpottaa my\u00f6s uudenlaisen oppimiskulttuurin toteuttamista. Otavan monialaiset oppimiskokonaisuudet juurruttavat monia uuden oppimiskulttuurin k\u00e4yt\u00e4nteit\u00e4 niin opettajien kuin oppilaidenkin arkeen.<\/p>\n<p>Katso lis\u00e4\u00e4 aiheesta:<\/p>\n<p>Monialaista oppimista onnistuneesti<\/p>\n<div style=\"padding: 56.25% 0 0 0; position: relative;\"><iframe style=\"position: absolute; top: 0; left: 0; width: 100%; height: 100%;\" src=\"https:\/\/player.vimeo.com\/video\/412316118?title=0&amp;byline=0&amp;portrait=0\" frameborder=\"0\" allowfullscreen=\"allowfullscreen\"><\/iframe><\/div>\n<p><script src=\"https:\/\/player.vimeo.com\/api\/player.js\"><\/script><\/p>\n<p>&nbsp;<\/p>\n<p>Kuuntele lis\u00e4\u00e4 aiheesta:<\/p>\n<p><strong>Oppimiskulttuurin johtaminen ja oppilaiden tulevaisuustaidot<\/strong><\/p>\n<p><iframe loading=\"lazy\" src=\"https:\/\/w.soundcloud.com\/player\/?url=https%3A\/\/api.soundcloud.com\/tracks\/813841693%3Fsecret_token%3Ds-8ymgSt0xO7B&amp;color=%23ff5500&amp;inverse=false&amp;auto_play=false&amp;show_user=true\" width=\"100%\" height=\"20\" frameborder=\"no\" scrolling=\"no\"><\/iframe><\/p>\n<p>&nbsp;<\/p>\n<p>Ota yhteytt\u00e4 ja pyyd\u00e4 lyhyt esittely valmennuksistamme vaikkapa et\u00e4yhteyden kautta!<\/p>\n<p>Markku Pelkonen<br \/>\n+358503103078<br \/>\nmarkku.pelkonen@otava.fi<\/p>\n<p>Mari Rakkolainen<br \/>\n+358407326260<br \/>\nmari.rakkolainen@otava.fi<\/p>\n<p><img loading=\"lazy\" decoding=\"async\" class=\"alignnone size-full wp-image-1010\" src=\"https:\/\/suomenrehtorit.fi\/web\/wp-content\/uploads\/sites\/2\/mcx\/2023-6\/ETELA\u201eSATAMA_Vespiano13_3468-teksti.jpg\" alt=\"\" width=\"1536\" height=\"1024\" srcset=\"https:\/\/suomenrehtorit.fi\/web\/wp-content\/uploads\/sites\/2\/mcx\/2023-6\/ETELA\u201eSATAMA_Vespiano13_3468-teksti.jpg 1536w, https:\/\/suomenrehtorit.fi\/web\/wp-content\/uploads\/sites\/2\/mcx\/2023-6\/ETELA\u201eSATAMA_Vespiano13_3468-teksti-300x200.jpg 300w, https:\/\/suomenrehtorit.fi\/web\/wp-content\/uploads\/sites\/2\/mcx\/2023-6\/ETELA\u201eSATAMA_Vespiano13_3468-teksti-1024x683.jpg 1024w, https:\/\/suomenrehtorit.fi\/web\/wp-content\/uploads\/sites\/2\/mcx\/2023-6\/ETELA\u201eSATAMA_Vespiano13_3468-teksti-768x512.jpg 768w, https:\/\/suomenrehtorit.fi\/web\/wp-content\/uploads\/sites\/2\/mcx\/2023-6\/ETELA\u201eSATAMA_Vespiano13_3468-teksti-252x168.jpg 252w, https:\/\/suomenrehtorit.fi\/web\/wp-content\/uploads\/sites\/2\/mcx\/2023-6\/ETELA\u201eSATAMA_Vespiano13_3468-teksti-522x348.jpg 522w, https:\/\/suomenrehtorit.fi\/web\/wp-content\/uploads\/sites\/2\/mcx\/2023-6\/ETELA\u201eSATAMA_Vespiano13_3468-teksti-792x528.jpg 792w, https:\/\/suomenrehtorit.fi\/web\/wp-content\/uploads\/sites\/2\/mcx\/2023-6\/ETELA\u201eSATAMA_Vespiano13_3468-teksti-1062x708.jpg 1062w\" sizes=\"auto, (max-width: 1536px) 100vw, 1536px\" \/><\/p>\n<h1>Pro Rexi 2020<\/h1>\n<p>Pro Rexi 2020 j\u00e4rjestet\u00e4\u00e4n 26.-27.11.2020 Sokos hotelli Triplassa, Helsingin Pasilassa. Eraly Rexi &#8211; ilmoittautuminen alkaa elokuun alussa.<\/p>\n<p>Nyt voit jo <a href=\"https:\/\/surefire.fi\/web\/pro-rexi-tapahtuma\/\" target=\"_blank\" rel=\"noopener noreferrer\">tutustua alustavaan ohjelmaan<\/a>.<\/p>\n<p>J\u00e4senille l\u00e4het\u00e4mme henkil\u00f6kohtaisen ilmoittautumislinkin. Jos et saa ilmoittautumisviesti\u00e4 elokuun alussa niin voit aina ilmoittautua suoraan tapahtuman kotisivuilta.<\/p>\n<p><img loading=\"lazy\" decoding=\"async\" class=\"size-full wp-image-872\" src=\"https:\/\/suomenrehtorit.fi\/web\/wp-content\/uploads\/sites\/2\/mcx\/2023-6\/AdobeStock_219783815-scaled-1.jpeg\" alt=\"\" width=\"2560\" height=\"1659\" srcset=\"https:\/\/suomenrehtorit.fi\/web\/wp-content\/uploads\/sites\/2\/mcx\/2023-6\/AdobeStock_219783815-scaled-1.jpeg 2560w, https:\/\/suomenrehtorit.fi\/web\/wp-content\/uploads\/sites\/2\/mcx\/2023-6\/AdobeStock_219783815-scaled-1-300x194.jpeg 300w, https:\/\/suomenrehtorit.fi\/web\/wp-content\/uploads\/sites\/2\/mcx\/2023-6\/AdobeStock_219783815-scaled-1-1024x664.jpeg 1024w, https:\/\/suomenrehtorit.fi\/web\/wp-content\/uploads\/sites\/2\/mcx\/2023-6\/AdobeStock_219783815-scaled-1-768x498.jpeg 768w, https:\/\/suomenrehtorit.fi\/web\/wp-content\/uploads\/sites\/2\/mcx\/2023-6\/AdobeStock_219783815-scaled-1-252x163.jpeg 252w, https:\/\/suomenrehtorit.fi\/web\/wp-content\/uploads\/sites\/2\/mcx\/2023-6\/AdobeStock_219783815-scaled-1-522x338.jpeg 522w, https:\/\/suomenrehtorit.fi\/web\/wp-content\/uploads\/sites\/2\/mcx\/2023-6\/AdobeStock_219783815-scaled-1-792x513.jpeg 792w, https:\/\/suomenrehtorit.fi\/web\/wp-content\/uploads\/sites\/2\/mcx\/2023-6\/AdobeStock_219783815-scaled-1-1062x688.jpeg 1062w, https:\/\/suomenrehtorit.fi\/web\/wp-content\/uploads\/sites\/2\/mcx\/2023-6\/AdobeStock_219783815-scaled-1-1536x995.jpeg 1536w, https:\/\/suomenrehtorit.fi\/web\/wp-content\/uploads\/sites\/2\/mcx\/2023-6\/AdobeStock_219783815-scaled-1-2048x1327.jpeg 2048w\" sizes=\"auto, (max-width: 2560px) 100vw, 2560px\" \/><\/p>\n<h1>Vuoden Rehtorin valinta<\/h1>\n<p>Hallitus on valmistellut kriteerit ja aikataulun Vuoden Rehtori \u2013 valinnalle.<\/p>\n<p>Ehdokkaaksi asettamiseen ja valintaan liittyv\u00e4t tiedot l\u00f6ytyv\u00e4t <a href=\"https:\/\/surefire.fi\/web\/vuoden-rehtori\/\" target=\"_blank\" rel=\"noopener noreferrer\">kotisivuilta<\/a>.<\/p>\n<p><strong>J\u00e4sen, jos sinulla on mieless\u00e4 hyv\u00e4 ehdokas Vuoden Rehtoriksi, ole yhteydess\u00e4 alueyhdistykseesi!<\/strong><\/p>\n<p><img loading=\"lazy\" decoding=\"async\" class=\"size-full wp-image-1314 alignnone\" src=\"https:\/\/suomenrehtorit.fi\/web\/wp-content\/uploads\/sites\/2\/mcx\/2023-6\/summer.jpg\" alt=\"\" width=\"275\" height=\"183\" srcset=\"https:\/\/suomenrehtorit.fi\/web\/wp-content\/uploads\/sites\/2\/mcx\/2023-6\/summer.jpg 275w, https:\/\/suomenrehtorit.fi\/web\/wp-content\/uploads\/sites\/2\/mcx\/2023-6\/summer-252x168.jpg 252w\" sizes=\"auto, (max-width: 275px) 100vw, 275px\" \/><\/p>\n<h1>Toimisto suljettu 29.6.-2.8. v\u00e4lisen ajan. Hyv\u00e4\u00e4 kes\u00e4\u00e4!<\/h1>\n<p>&nbsp;<\/p>\n<p>&nbsp;<\/p>\n","protected":false},"excerpt":{"rendered":"<p>Puheenjohtajalta T\u00e4m\u00e4n j\u00e4senkirjeen rungon muodostaa hiljattain aikaan saatu uusi kunnallisen opetushenkil\u00f6st\u00f6n virka- ja ty\u00f6ehtosopimus (OVTES). Virkaehtosopimuskysymysten edist\u00e4minen on nostettu vahvasti SURE:n toiminnan keski\u00f6\u00f6n. On ilo todeta, ett\u00e4 sitke\u00e4 ja p\u00e4\u00e4m\u00e4\u00e4r\u00e4tietoinen ty\u00f6 on tuottanut sopimuksesta toiseen edistysaskelia esimiesten sopimusehtoihin. N\u00e4in my\u00f6s t\u00e4ll\u00e4 kertaa. Teht\u00e4v\u00e4 ei ole ollut helppo taloudellisesti haasteellisena ajanjaksona, jolloin julkisen toimijan on ollut &#8230; <a title=\"J\u00e4senkirje 6\/2020\" class=\"read-more\" href=\"https:\/\/suomenrehtorit.fi\/web\/2020\/06\/10\/jasenkirje-6-2020\/\" aria-label=\"Lue lis\u00e4\u00e4 aiheesta J\u00e4senkirje 6\/2020\">Lue lis\u00e4\u00e4<\/a><\/p>\n","protected":false},"author":3,"featured_media":0,"comment_status":"closed","ping_status":"closed","sticky":false,"template":"","format":"standard","meta":{"_uag_custom_page_level_css":"","footnotes":""},"categories":[23,24],"tags":[],"class_list":["post-1307","post","type-post","status-publish","format-standard","hentry","category-jasenkirje","category-uutisarkisto"],"uagb_featured_image_src":{"full":false,"thumbnail":false,"medium":false,"medium_large":false,"large":false,"magazine-cw3":false,"magazine-cw6":false,"magazine-cw9":false,"magazine-cw12":false,"magazine-thumb":false,"magazine-toc":false,"1536x1536":false,"2048x2048":false,"gform-image-choice-sm":false,"gform-image-choice-md":false,"gform-image-choice-lg":false},"uagb_author_info":{"display_name":"Admin","author_link":"https:\/\/suomenrehtorit.fi\/web\/author\/toni-lehtinen\/"},"uagb_comment_info":0,"uagb_excerpt":"Puheenjohtajalta T\u00e4m\u00e4n j\u00e4senkirjeen rungon muodostaa hiljattain aikaan saatu uusi kunnallisen opetushenkil\u00f6st\u00f6n virka- ja ty\u00f6ehtosopimus (OVTES). Virkaehtosopimuskysymysten edist\u00e4minen on nostettu vahvasti SURE:n toiminnan keski\u00f6\u00f6n. On ilo todeta, ett\u00e4 sitke\u00e4 ja p\u00e4\u00e4m\u00e4\u00e4r\u00e4tietoinen ty\u00f6 on tuottanut sopimuksesta toiseen edistysaskelia esimiesten sopimusehtoihin. N\u00e4in my\u00f6s t\u00e4ll\u00e4 kertaa. Teht\u00e4v\u00e4 ei ole ollut helppo taloudellisesti haasteellisena ajanjaksona, jolloin julkisen toimijan on ollut&hellip;","_links":{"self":[{"href":"https:\/\/suomenrehtorit.fi\/web\/wp-json\/wp\/v2\/posts\/1307","targetHints":{"allow":["GET"]}}],"collection":[{"href":"https:\/\/suomenrehtorit.fi\/web\/wp-json\/wp\/v2\/posts"}],"about":[{"href":"https:\/\/suomenrehtorit.fi\/web\/wp-json\/wp\/v2\/types\/post"}],"author":[{"embeddable":true,"href":"https:\/\/suomenrehtorit.fi\/web\/wp-json\/wp\/v2\/users\/3"}],"replies":[{"embeddable":true,"href":"https:\/\/suomenrehtorit.fi\/web\/wp-json\/wp\/v2\/comments?post=1307"}],"version-history":[{"count":1,"href":"https:\/\/suomenrehtorit.fi\/web\/wp-json\/wp\/v2\/posts\/1307\/revisions"}],"predecessor-version":[{"id":1801,"href":"https:\/\/suomenrehtorit.fi\/web\/wp-json\/wp\/v2\/posts\/1307\/revisions\/1801"}],"wp:attachment":[{"href":"https:\/\/suomenrehtorit.fi\/web\/wp-json\/wp\/v2\/media?parent=1307"}],"wp:term":[{"taxonomy":"category","embeddable":true,"href":"https:\/\/suomenrehtorit.fi\/web\/wp-json\/wp\/v2\/categories?post=1307"},{"taxonomy":"post_tag","embeddable":true,"href":"https:\/\/suomenrehtorit.fi\/web\/wp-json\/wp\/v2\/tags?post=1307"}],"curies":[{"name":"wp","href":"https:\/\/api.w.org\/{rel}","templated":true}]}}