{"id":1311,"date":"2019-06-18T04:59:54","date_gmt":"2019-06-18T04:59:54","guid":{"rendered":"https:\/\/suomenrehtorit.fi\/web\/?p=1311"},"modified":"2023-08-07T06:47:13","modified_gmt":"2023-08-07T06:47:13","slug":"jasenkirje-6-2019","status":"publish","type":"post","link":"https:\/\/suomenrehtorit.fi\/web\/2019\/06\/18\/jasenkirje-6-2019\/","title":{"rendered":"J\u00e4senkirje 6\/2019"},"content":{"rendered":"<h2>Puheenjohtajalta<\/h2>\n<figure id=\"attachment_3740\" aria-describedby=\"caption-attachment-3740\" style=\"width: 221px\" class=\"wp-caption alignnone\"><img loading=\"lazy\" decoding=\"async\" class=\"size-medium wp-image-762\" src=\"https:\/\/suomenrehtorit.fi\/web\/wp-content\/uploads\/sites\/2\/mcx\/2023-6\/Antti-uusin-231x300.jpg\" alt=\"\" width=\"231\" height=\"300\" srcset=\"https:\/\/suomenrehtorit.fi\/web\/wp-content\/uploads\/sites\/2\/mcx\/2023-6\/Antti-uusin-231x300.jpg 231w, https:\/\/suomenrehtorit.fi\/web\/wp-content\/uploads\/sites\/2\/mcx\/2023-6\/Antti-uusin-788x1024.jpg 788w, https:\/\/suomenrehtorit.fi\/web\/wp-content\/uploads\/sites\/2\/mcx\/2023-6\/Antti-uusin-768x999.jpg 768w, https:\/\/suomenrehtorit.fi\/web\/wp-content\/uploads\/sites\/2\/mcx\/2023-6\/Antti-uusin-252x328.jpg 252w, https:\/\/suomenrehtorit.fi\/web\/wp-content\/uploads\/sites\/2\/mcx\/2023-6\/Antti-uusin-522x679.jpg 522w, https:\/\/suomenrehtorit.fi\/web\/wp-content\/uploads\/sites\/2\/mcx\/2023-6\/Antti-uusin-792x1030.jpg 792w, https:\/\/suomenrehtorit.fi\/web\/wp-content\/uploads\/sites\/2\/mcx\/2023-6\/Antti-uusin.jpg 866w\" sizes=\"auto, (max-width: 231px) 100vw, 231px\" \/><figcaption id=\"caption-attachment-3740\" class=\"wp-caption-text\">Antti Ikonen<br \/>pj Suomen Rehtorit<br \/>twitter: @AnttiIkonen<\/figcaption><\/figure>\n<h2>Hallitusohjelman tavoitteena koulujen johtamisj\u00e4rjestelmien ja osaamisen kehitt\u00e4minen<\/h2>\n<p style=\"text-align: justify;\">Koulutuskysymykset eiv\u00e4t nousseet esiin kaikkein polttavimpina kev\u00e4\u00e4n eduskuntavaalikeskusteluissa. Kes\u00e4kuun ensimm\u00e4isell\u00e4 viikolla aloittaneen uuden hallituksen ohjelmassa ja siit\u00e4 k\u00e4ydyss\u00e4 keskustelussa ne puolestaan n\u00e4kyv\u00e4t jo ihan eri lailla sek\u00e4 merkitt\u00e4vyydelt\u00e4\u00e4n ett\u00e4 kiinnostavuudeltaan. Ehk\u00e4 n\u00e4kyvimm\u00e4n uutisoinnin sai osakseen kysymys oppivelvollisuuden pident\u00e4misest\u00e4. Aihe on ollut esill\u00e4 kotimaisessa koulutuspolitiikassa jo pitk\u00e4\u00e4n. Peist\u00e4 on taitettu niin pident\u00e4misen sijoittumisesta kuin pident\u00e4misest\u00e4 aiheutuvien kustannusten kest\u00e4v\u00e4st\u00e4 rahoituksesta. Hallitusohjelman suunnitelmien mukaan pidennys sijoittuu nykyisen peruskoulun jatkeeksi ja sen oma arvio hintalapusta on hiukan yli 100 miljoonaa euroa. Kokonaisuutena koulutuskysymysten osalta uusi hallitusohjelma n\u00e4ytt\u00e4ytyy osalta mahdollisuutena. Ohjelma kiinnitt\u00e4\u00e4 huomiota moniin keskeisiin kysymyksen alkaen koulutuksen laadusta, koulutuksen tasa-arvon turvaamisesta, esiopetuksen ja alkuopetuksen yhten\u00e4isyydest\u00e4 p\u00e4\u00e4tyen erityisopetukseen, inkluusion toimivuuteen ja oppilashuoltoon saakka. Hallitusohjelman mukaan yhten\u00e4 koulutuspoliittisena tavoitteena on tukea koulujen johtamisj\u00e4rjestelmien ja osaamisen kehitt\u00e4mist\u00e4, jota tervehdimme aivan erityisen suurella ilolla. Kriittiselle arvioinnille on politiikassa aina sijansa. Kritiikki\u00e4 Rinteen ohjelma on saanut osakseen ohjelman runsaista passiiviin kirjoitetuista ilmaisuista ja rahoituspohjan riitt\u00e4vyydest\u00e4 kalliiden lupausten lunastamiseen. Uudelle hallitukselle ja sen opetusministerille on kuitenkin hyv\u00e4 antaa mahdollisuus n\u00e4ytt\u00e4\u00e4 kyntens\u00e4 kovasti kaivattuun suunnanmuutokseen koulutuksen monissa kysymyksiss\u00e4, joten j\u00e4\u00e4mme mielenkiinnolla odottamaan ohjelman konkretisointia laki- ja talousarvioesityksineen!<\/p>\n<p><img loading=\"lazy\" decoding=\"async\" class=\"alignnone size-medium wp-image-1313\" src=\"https:\/\/suomenrehtorit.fi\/web\/wp-content\/uploads\/sites\/2\/mcx\/2023-6\/48013968186_813887ca91_z-300x204.jpg\" alt=\"\" width=\"300\" height=\"204\" srcset=\"https:\/\/suomenrehtorit.fi\/web\/wp-content\/uploads\/sites\/2\/mcx\/2023-6\/48013968186_813887ca91_z-300x204.jpg 300w, https:\/\/suomenrehtorit.fi\/web\/wp-content\/uploads\/sites\/2\/mcx\/2023-6\/48013968186_813887ca91_z-252x171.jpg 252w, https:\/\/suomenrehtorit.fi\/web\/wp-content\/uploads\/sites\/2\/mcx\/2023-6\/48013968186_813887ca91_z-522x355.jpg 522w, https:\/\/suomenrehtorit.fi\/web\/wp-content\/uploads\/sites\/2\/mcx\/2023-6\/48013968186_813887ca91_z.jpg 639w\" sizes=\"auto, (max-width: 300px) 100vw, 300px\" \/><\/p>\n<h2>Tulevan lukuvuoden kiintopisteit\u00e4<\/h2>\n<p style=\"text-align: justify;\">Samaan aikaan kun koulun k\u00e4yt\u00e4v\u00e4t kumisevat tyhjyytt\u00e4\u00e4n ja sosiaalinen media t\u00e4yttyy kes\u00e4ist\u00e4 lomap\u00e4ivityksist\u00e4 rehtorit tekev\u00e4t jo t\u00e4ytt\u00e4 p\u00e4\u00e4t\u00e4 suunnitelmia seuraavalle lukuvuodelle. Esimiehen oma t\u00e4ydennyskoulutuskalenterin suunnittelu on t\u00e4rke\u00e4 osa lukuvuoden valmisteluty\u00f6t\u00e4. Tulevana syyslukukautena j\u00e4rjestet\u00e4\u00e4n SURE:n ja AVI:n yhteisty\u00f6n\u00e4 alueelliset Roadshow \u2013koulutukset Joensuussa ja Tampereella. J\u00e4rjest\u00f6n oma huippukoulutus on tuttuun tapaan Pro Rexi 2019. Se toteutetaan t\u00e4ll\u00e4 kertaa mielenkiintoisessa milj\u00f6\u00f6ss\u00e4 Espoon Dipolissa 21.-22.11.2019. Seuraamalla SURE:n facebook-profiilia voit osaltasi seurata tapahtuman valmisteluja ja vaikuttaa my\u00f6s ohjelman hienos\u00e4\u00e4t\u00f6\u00f6n. Uutta kulmaa tulee olemaan my\u00f6s Educa-tapahtumassa tammikuussa 2020. Olemme tiivist\u00e4neet esimiesj\u00e4rjest\u00f6jen SURE:n, Opsia:n ja KEA:n sek\u00e4 LTOL:n esimiesten kanssa yhteisty\u00f6t\u00e4 alueellisen edunvalvonnan tehostamisen lis\u00e4ksi my\u00f6s n\u00e4kyvyyden kasvattamiseksi muutoinkin OAJ:n sis\u00e4ll\u00e4. Osoituksena hyv\u00e4st\u00e4 yhteisty\u00f6st\u00e4 ja OAJ:n tuesta esimiesj\u00e4senilleen t\u00e4m\u00e4 tulee n\u00e4kym\u00e4\u00e4n uudenlaisena esimiesasioiden n\u00e4kyvyyten\u00e4 Educa:n yhteydess\u00e4. T\u00e4st\u00e4 lis\u00e4\u00e4 my\u00f6hemmin syksyll\u00e4!<\/p>\n<p><img loading=\"lazy\" decoding=\"async\" class=\"alignnone size-full wp-image-1314\" src=\"https:\/\/suomenrehtorit.fi\/web\/wp-content\/uploads\/sites\/2\/mcx\/2023-6\/summer.jpg\" alt=\"\" width=\"275\" height=\"183\" srcset=\"https:\/\/suomenrehtorit.fi\/web\/wp-content\/uploads\/sites\/2\/mcx\/2023-6\/summer.jpg 275w, https:\/\/suomenrehtorit.fi\/web\/wp-content\/uploads\/sites\/2\/mcx\/2023-6\/summer-252x168.jpg 252w\" sizes=\"auto, (max-width: 275px) 100vw, 275px\" \/><\/p>\n<h2>Jo joutui armas aika ja suvi suloinen<\/h2>\n<p style=\"text-align: justify;\">Kiitos kaikille jo hyv\u00e4n matkaa yli kuudelle sadalle vastaajalle, jotka olette jo k\u00e4yneet antamassa arvokkaan panoksenne Rehtorin terveys ja hyvinvointi \u2013 kyselyymme! Kysely on auki viel\u00e4 juhannukseen saakka, joten jos viel\u00e4 olet koneesi \u00e4\u00e4rell\u00e4, niin nyt on mit\u00e4 parahin hetki vastata kyselyyn, jonka tuloksia j\u00e4\u00e4mme suurella mielenkiinnolla odottamaan syksyyn 2019!<\/p>\n<p style=\"text-align: justify;\">Nyt alkaa kuitenkin olla aika nostaa malja kuluneen lukuvuoden uurastukselle! T\u00e4m\u00e4n vuoden osalta toivotan hyv\u00e4\u00e4 lomaa verkon uumenista l\u00f6yt\u00e4m\u00e4ni laulun \u201dKes\u00e4tuulen soittoon\u201d \u2013sanoin:<\/p>\n<p><em>Koko talven t\u00f6it\u00e4 paiskin<\/em><br \/>\n<em>ehk\u00e4 hiukan liikaakin<\/em><br \/>\n<em>luonne ihmisen, kun on sellainen<\/em><br \/>\n<em>usein mietin jospa saiskin olla rennommin<\/em><br \/>\n<em>j\u00e4\u00e4d\u00e4 mietteineen puiden siimekseen<\/em><br \/>\n<em>ja t\u00e4n\u00e4\u00e4n juuri niin m\u00e4 tein<\/em><\/p>\n<p><em>On niin l\u00e4mmin kivi rannan<\/em><br \/>\n<em>sille kun m\u00e4 istahdan<\/em><br \/>\n<em>kohoon keinuvaan, j\u00e4\u00e4n vain katsomaan<\/em><br \/>\n<em>Suomen kes\u00e4n n\u00e4ytt\u00e4\u00e4 annan p\u00e4iv\u00e4n parhaimman<\/em><br \/>\n<em>j\u00e4rvi kimmelt\u00e4\u00e4, huolet h\u00e4vi\u00e4\u00e4<\/em><br \/>\n<em>ja niist\u00e4 muistot mieleeni j\u00e4\u00e4<\/em><\/p>\n<p><em>Kes\u00e4tuulen soittoon eilen kun nukahdin<\/em><br \/>\n<em>vasta aamunkoittoon kauneimpaan her\u00e4sin<\/em><br \/>\n<em>kes\u00e4tuulen soittoon liittyiv\u00e4t linnutkin<\/em><br \/>\n<em>t\u00e4m\u00e4n hetken tunnelmaa muualta en mist\u00e4\u00e4n saa<\/em><br \/>\n<em>j\u00e4rven ranta hein\u00e4kuu silloin sielu rauhoittuu<\/em><\/p>\n<p>&nbsp;<\/p>\n<p><img loading=\"lazy\" decoding=\"async\" class=\"alignnone size-medium wp-image-765\" src=\"https:\/\/suomenrehtorit.fi\/web\/wp-content\/uploads\/sites\/2\/mcx\/2023-6\/Kivet-paallekkain-300x136.jpg\" alt=\"\" width=\"300\" height=\"136\" srcset=\"https:\/\/suomenrehtorit.fi\/web\/wp-content\/uploads\/sites\/2\/mcx\/2023-6\/Kivet-paallekkain-300x136.jpg 300w, https:\/\/suomenrehtorit.fi\/web\/wp-content\/uploads\/sites\/2\/mcx\/2023-6\/Kivet-paallekkain-252x114.jpg 252w, https:\/\/suomenrehtorit.fi\/web\/wp-content\/uploads\/sites\/2\/mcx\/2023-6\/Kivet-paallekkain-522x236.jpg 522w, https:\/\/suomenrehtorit.fi\/web\/wp-content\/uploads\/sites\/2\/mcx\/2023-6\/Kivet-paallekkain.jpg 751w\" sizes=\"auto, (max-width: 300px) 100vw, 300px\" \/><\/p>\n<h1 style=\"text-align: justify;\">Rehtorin terveys ja hyvinvointikysely<\/h1>\n<p style=\"text-align: justify;\">Jokin aika sitten sait Opetushallitukselta, SURElta ja mahdollisesti viel\u00e4 OAJ:ltakin viesti\u00e4 Rehtorin Terveys ja Hyvinvointi &#8211; kyselyst\u00e4. Ensimm\u00e4ist\u00e4 kertaa kartoitetaan n\u00e4in kattavasti rehtorien terveytt\u00e4 ja hyvinvointia ja vastauksiin saadaan vertailut Australiasta, Uusi-Seelannista ja Irlannista.<\/p>\n<p style=\"text-align: justify;\">Toivottavasti olet ehtinyt vastaamaan siihen. Kiitos siit\u00e4.<\/p>\n<p style=\"text-align: justify;\">Jos et viel\u00e4 ole ehtinyt, niin ei h\u00e4t\u00e4\u00e4. Sinulla on viel\u00e4 aikaa vastata. Kysely nimitt\u00e4in sulkeutuu vasta juhannuksena. K\u00e4yt\u00e4 siis aikaasi hyvin ja vastaa t\u00e4h\u00e4n t\u00e4rke\u00e4\u00e4n kyselyyn. Varaudu siihen, ett\u00e4 kysely on pitk\u00e4 ja vastaaminen vie aikaa. Vastaamisen voi j\u00e4tt\u00e4\u00e4 kesken ja palata sitten my\u00f6hemmin sit\u00e4 jatkamaan.<\/p>\n<p style=\"text-align: justify;\">T\u00e4ss\u00e4 viel\u00e4 linkki kyselyyn <a href=\"https:\/\/educationhelsinki.eu.qualtrics.com\/jfe\/form\/SV_0ktTJIvgDFqkMux\" target=\"_blank\" rel=\"noopener noreferrer\">https:\/\/educationhelsinki.eu.qualtrics.com\/jfe\/form\/SV_0ktTJIvgDFqkMux<\/a><\/p>\n<p style=\"text-align: justify;\">T\u00e4h\u00e4n menness\u00e4 olemme saaneet hienot l\u00e4hes 700 vastausta. Ja kyll\u00e4h\u00e4n me ainakin 1000 saadaan kasaan, eik\u00f6!<\/p>\n<p style=\"text-align: justify;\">T\u00e4t\u00e4 linkki\u00e4 saa jakaa eteenp\u00e4in muille rehtoreille, vararehtoreille, apulaisrehtoreille ja koulunjohtajille!<\/p>\n<p>&nbsp;<\/p>\n<p><img loading=\"lazy\" decoding=\"async\" class=\"alignnone size-medium wp-image-764\" src=\"https:\/\/suomenrehtorit.fi\/web\/wp-content\/uploads\/sites\/2\/mcx\/2023-6\/fist-pump-300x205.jpg\" alt=\"\" width=\"300\" height=\"205\" srcset=\"https:\/\/suomenrehtorit.fi\/web\/wp-content\/uploads\/sites\/2\/mcx\/2023-6\/fist-pump-300x205.jpg 300w, https:\/\/suomenrehtorit.fi\/web\/wp-content\/uploads\/sites\/2\/mcx\/2023-6\/fist-pump-252x172.jpg 252w, https:\/\/suomenrehtorit.fi\/web\/wp-content\/uploads\/sites\/2\/mcx\/2023-6\/fist-pump.jpg 498w\" sizes=\"auto, (max-width: 300px) 100vw, 300px\" \/><\/p>\n<h2>Vastuullista johtamista &#8211; yhdess\u00e4!<\/h2>\n<p>Suomen Rehtorit ry j\u00e4rjest\u00e4\u00e4 Vastuullista johtamista &#8211; yhdess\u00e4! Johtoty\u00f6parien valmennushankkeen.<\/p>\n<p>Hanke on Opetushallituksen rahoittama ja siten osallistujalle maksuton. Osallistujat vastaavat itse ruokailu-, matka- ja majoituskustannuksista.<\/p>\n<p>Lue lisaa ja ilmoittaudu mukaan <a href=\"https:\/\/surefire.fi\/web\/vastuullista-johtamista-yhdessa\/\" target=\"_blank\" rel=\"noopener noreferrer\">https:\/\/surefire.fi\/web\/vastuullista-johtamista-yhdessa\/<\/a><\/p>\n<p><img loading=\"lazy\" decoding=\"async\" class=\"alignnone size-full wp-image-1315\" src=\"https:\/\/suomenrehtorit.fi\/web\/wp-content\/uploads\/sites\/2\/mcx\/2023-6\/leader-kirjoitus.jpg\" alt=\"\" width=\"276\" height=\"183\" srcset=\"https:\/\/suomenrehtorit.fi\/web\/wp-content\/uploads\/sites\/2\/mcx\/2023-6\/leader-kirjoitus.jpg 276w, https:\/\/suomenrehtorit.fi\/web\/wp-content\/uploads\/sites\/2\/mcx\/2023-6\/leader-kirjoitus-252x167.jpg 252w\" sizes=\"auto, (max-width: 276px) 100vw, 276px\" \/><\/p>\n<h2>Pro Rexi 2019 Dipoli, Espoo<\/h2>\n<p>Vuoden t\u00e4rkein rehtoritapahtuman j\u00e4rjestet\u00e4\u00e4n t\u00e4n\u00e4 vuonna Dipolissa, Espoossa. Tapahtuma on hyvin johtamispainotteinen t\u00e4n\u00e4 vuonna ja ohjelmassa onkin mm. itsens\u00e4 johtamista, tunteiden johtamista, ty\u00f6hyvinvoinnin johtamista ja ty\u00f6n merkityksellisyyden johtamista. Katso tarkemmin <a href=\"https:\/\/surefire.fi\/web\/pro-rexi-tapahtuma\/\" target=\"_blank\" rel=\"noopener noreferrer\">alustavaa ohjelmaa<\/a>.<\/p>\n<p>Iltatilaisuus on t\u00e4n\u00e4 vuonna ravintola Virgin Oilissa Helsingin ytimess\u00e4.<\/p>\n<p>Samaan aikaan Helsingiss\u00e4 on my\u00f6s SLUSH, joten majoituspaikat ovat t\u00e4ynn\u00e4 ja hinnat sen mukaiset. Meill\u00e4 on kuitenkin sinulle hyvi\u00e4 uutisia, koska olemme saaneet muutamia kiinti\u00f6varauksia Helsingin ja Espoon hotelleihin. <a href=\"https:\/\/surefire.fi\/web\/majoitus\/\" target=\"_blank\" rel=\"noopener noreferrer\">Katso tarkemmin majoituksesta<\/a><\/p>\n<p><img loading=\"lazy\" decoding=\"async\" class=\"alignnone size-medium wp-image-1238\" src=\"https:\/\/suomenrehtorit.fi\/web\/wp-content\/uploads\/sites\/2\/mcx\/2023-6\/Rehtori-tarkein-Pro-Rexi-300x137.png\" alt=\"\" width=\"300\" height=\"137\" srcset=\"https:\/\/suomenrehtorit.fi\/web\/wp-content\/uploads\/sites\/2\/mcx\/2023-6\/Rehtori-tarkein-Pro-Rexi-300x137.png 300w, https:\/\/suomenrehtorit.fi\/web\/wp-content\/uploads\/sites\/2\/mcx\/2023-6\/Rehtori-tarkein-Pro-Rexi-768x351.png 768w, https:\/\/suomenrehtorit.fi\/web\/wp-content\/uploads\/sites\/2\/mcx\/2023-6\/Rehtori-tarkein-Pro-Rexi-252x115.png 252w, https:\/\/suomenrehtorit.fi\/web\/wp-content\/uploads\/sites\/2\/mcx\/2023-6\/Rehtori-tarkein-Pro-Rexi-522x239.png 522w, https:\/\/suomenrehtorit.fi\/web\/wp-content\/uploads\/sites\/2\/mcx\/2023-6\/Rehtori-tarkein-Pro-Rexi-792x362.png 792w, https:\/\/suomenrehtorit.fi\/web\/wp-content\/uploads\/sites\/2\/mcx\/2023-6\/Rehtori-tarkein-Pro-Rexi.png 955w\" sizes=\"auto, (max-width: 300px) 100vw, 300px\" \/><\/p>\n<p><img loading=\"lazy\" decoding=\"async\" class=\"alignnone size-medium wp-image-1316\" src=\"https:\/\/suomenrehtorit.fi\/web\/wp-content\/uploads\/sites\/2\/mcx\/2023-6\/KorttiSUOMI-213x300.jpg\" alt=\"\" width=\"213\" height=\"300\" srcset=\"https:\/\/suomenrehtorit.fi\/web\/wp-content\/uploads\/sites\/2\/mcx\/2023-6\/KorttiSUOMI-213x300.jpg 213w, https:\/\/suomenrehtorit.fi\/web\/wp-content\/uploads\/sites\/2\/mcx\/2023-6\/KorttiSUOMI-726x1024.jpg 726w, https:\/\/suomenrehtorit.fi\/web\/wp-content\/uploads\/sites\/2\/mcx\/2023-6\/KorttiSUOMI-768x1083.jpg 768w, https:\/\/suomenrehtorit.fi\/web\/wp-content\/uploads\/sites\/2\/mcx\/2023-6\/KorttiSUOMI-252x355.jpg 252w, https:\/\/suomenrehtorit.fi\/web\/wp-content\/uploads\/sites\/2\/mcx\/2023-6\/KorttiSUOMI-522x736.jpg 522w, https:\/\/suomenrehtorit.fi\/web\/wp-content\/uploads\/sites\/2\/mcx\/2023-6\/KorttiSUOMI-792x1116.jpg 792w, https:\/\/suomenrehtorit.fi\/web\/wp-content\/uploads\/sites\/2\/mcx\/2023-6\/KorttiSUOMI-1062x1497.jpg 1062w, https:\/\/suomenrehtorit.fi\/web\/wp-content\/uploads\/sites\/2\/mcx\/2023-6\/KorttiSUOMI-1090x1536.jpg 1090w, https:\/\/suomenrehtorit.fi\/web\/wp-content\/uploads\/sites\/2\/mcx\/2023-6\/KorttiSUOMI.jpg 1240w\" sizes=\"auto, (max-width: 213px) 100vw, 213px\" \/><\/p>\n<h2>Yli 500 koulua jo mukana \u2013 Kodin ja Koulun P\u00e4iv\u00e4 27.9.2019<\/h2>\n<p>Tarkista, onko sinun koulusi jo listalla <a href=\"https:\/\/kodinjakoulunpaiva.fi\/tarinat\/koulut\/\" target=\"_blank\" rel=\"noopener noreferrer\">https:\/\/kodinjakoulunpaiva.fi\/tarinat\/koulut\/<\/a> tai ilmoittaudu t\u00e4st\u00e4<\/p>\n<p>Kodin ja Koulun P\u00e4iv\u00e4n verkkosivuilta l\u00f6yd\u00e4t toimintavinkkej\u00e4 ja materiaalia p\u00e4iv\u00e4n viestint\u00e4\u00e4n ja mm. valmiin kutsukortin koteihin 10 eri kielell\u00e4!<\/p>\n<p><img loading=\"lazy\" decoding=\"async\" class=\"alignnone size-medium wp-image-677\" style=\"background-color: transparent; color: #333333; font-family: Georgia,&amp;quot; times new roman&amp;quot;,&amp;quot;bitstream charter&amp;quot;,times,serif; font-size: 16px; font-style: normal; font-variant: normal; font-weight: 400; height: 225px; letter-spacing: normal; max-width: 858.49px; orphans: 2; outline-color: #72777c; outline-style: solid; outline-width: 1px; text-align: left; text-decoration: none; text-indent: 0px; text-transform: none; -webkit-text-stroke-width: 0px; white-space: normal; word-spacing: 0px;\" src=\"https:\/\/suomenrehtorit.fi\/web\/wp-content\/uploads\/sites\/2\/mcx\/2023-6\/Kukkaset-300x225.jpg\" alt=\"\" width=\"300\" height=\"225\" srcset=\"https:\/\/suomenrehtorit.fi\/web\/wp-content\/uploads\/sites\/2\/mcx\/2023-6\/Kukkaset-300x225.jpg 300w, https:\/\/suomenrehtorit.fi\/web\/wp-content\/uploads\/sites\/2\/mcx\/2023-6\/Kukkaset-252x189.jpg 252w, https:\/\/suomenrehtorit.fi\/web\/wp-content\/uploads\/sites\/2\/mcx\/2023-6\/Kukkaset-522x392.jpg 522w, https:\/\/suomenrehtorit.fi\/web\/wp-content\/uploads\/sites\/2\/mcx\/2023-6\/Kukkaset.jpg 681w\" sizes=\"auto, (max-width: 300px) 100vw, 300px\" \/><b><\/b><i><\/i><u><\/u><\/p>\n<h2>Punaisen Ristin P\u00e4iv\u00e4ty\u00f6ker\u00e4yksess\u00e4 oppilaat auttavat omalla ty\u00f6ll\u00e4\u00e4n<\/h2>\n<p style=\"text-align: justify;\">P\u00e4iv\u00e4ty\u00f6ker\u00e4yksess\u00e4 eli taksv\u00e4rkiss\u00e4 oppilaat ker\u00e4\u00e4v\u00e4t omalla ty\u00f6ll\u00e4\u00e4n varoja Nuorten turvataloille kotimaassa tai konfliktien ja luonnonmullistusten uhrien auttamiseksi maailmalla.<\/p>\n<p style=\"text-align: justify;\">P\u00e4iv\u00e4ty\u00f6ker\u00e4yksen j\u00e4rjest\u00e4minen on helppoa ja koulu voi itse p\u00e4\u00e4tt\u00e4\u00e4 ker\u00e4yksen ajankohdan. Oppilas hankkii itselleen ty\u00f6paikan yrityksest\u00e4 tai ty\u00f6skentelee kotona. Opettaja saa toimintaohjeet ja kaikki materiaalit Punaiselta Ristilt\u00e4 t\u00e4ysin maksutta. Punainen Risti ottaa oppilaille vakuutuksen ker\u00e4ysp\u00e4iv\u00e4n ajaksi.<\/p>\n<p style=\"text-align: justify;\">Lue lis\u00e4\u00e4 P\u00e4iv\u00e4ty\u00f6ker\u00e4yksest\u00e4 <a href=\"http:\/\/www.punainenristi.fi\/paivatyokerays\" target=\"_blank\" rel=\"noopener noreferrer\">www.punainenristi.fi\/paivatyokerays<\/a> ja tilaa maksuttomat materiaalit Punaisen Ristin verkkokaupasta <a href=\"http:\/\/www.punaisenristinkauppa.fi\" target=\"_blank\" rel=\"noopener noreferrer\">www.punaisenristinkauppa.fi<\/a> v\u00e4hint\u00e4\u00e4n kaksi viikkoa ennen kampanjan aloittamista. Klikkaa verkkokaupan etusivun oikeassa reunassa olevaa vihre\u00e4\u00e4 Koulumateriaalit-banneria ja valitse P\u00e4iv\u00e4ty\u00f6ker\u00e4ys.<\/p>\n<p style=\"text-align: justify;\">Lis\u00e4tietoja: koordinaattori Markus H\u00f6gmander, p. 040\u00a0757 5601, markus.hogmander@redcross.fi.<\/p>\n<p><img loading=\"lazy\" decoding=\"async\" class=\"alignnone size-medium wp-image-891\" src=\"https:\/\/suomenrehtorit.fi\/web\/wp-content\/uploads\/sites\/2\/mcx\/2023-6\/road-300x200.jpg\" alt=\"\" width=\"300\" height=\"200\" srcset=\"https:\/\/suomenrehtorit.fi\/web\/wp-content\/uploads\/sites\/2\/mcx\/2023-6\/road-300x200.jpg 300w, https:\/\/suomenrehtorit.fi\/web\/wp-content\/uploads\/sites\/2\/mcx\/2023-6\/road-252x168.jpg 252w, https:\/\/suomenrehtorit.fi\/web\/wp-content\/uploads\/sites\/2\/mcx\/2023-6\/road.jpg 509w\" sizes=\"auto, (max-width: 300px) 100vw, 300px\" \/><\/p>\n<p>Ja t\u00e4st\u00e4 kes\u00e4lomaa kohden&#8230;<\/p>\n<p>SUREn toimisto on suljettu 27.6.-28.7. v\u00e4lisen ajan. T\u00e4n\u00e4 aikana s\u00e4hk\u00f6posteihin vastaan viiveell\u00e4.<\/p>\n<p>Hyv\u00e4\u00e4 kes\u00e4\u00e4!<\/p>\n<p>&nbsp;<\/p>\n","protected":false},"excerpt":{"rendered":"<p>Puheenjohtajalta Hallitusohjelman tavoitteena koulujen johtamisj\u00e4rjestelmien ja osaamisen kehitt\u00e4minen Koulutuskysymykset eiv\u00e4t nousseet esiin kaikkein polttavimpina kev\u00e4\u00e4n eduskuntavaalikeskusteluissa. Kes\u00e4kuun ensimm\u00e4isell\u00e4 viikolla aloittaneen uuden hallituksen ohjelmassa ja siit\u00e4 k\u00e4ydyss\u00e4 keskustelussa ne puolestaan n\u00e4kyv\u00e4t jo ihan eri lailla sek\u00e4 merkitt\u00e4vyydelt\u00e4\u00e4n ett\u00e4 kiinnostavuudeltaan. Ehk\u00e4 n\u00e4kyvimm\u00e4n uutisoinnin sai osakseen kysymys oppivelvollisuuden pident\u00e4misest\u00e4. Aihe on ollut esill\u00e4 kotimaisessa koulutuspolitiikassa jo pitk\u00e4\u00e4n. Peist\u00e4 &#8230; <a title=\"J\u00e4senkirje 6\/2019\" class=\"read-more\" href=\"https:\/\/suomenrehtorit.fi\/web\/2019\/06\/18\/jasenkirje-6-2019\/\" aria-label=\"Lue lis\u00e4\u00e4 aiheesta J\u00e4senkirje 6\/2019\">Lue lis\u00e4\u00e4<\/a><\/p>\n","protected":false},"author":3,"featured_media":1312,"comment_status":"closed","ping_status":"closed","sticky":false,"template":"","format":"standard","meta":{"_uag_custom_page_level_css":"","footnotes":""},"categories":[23,24],"tags":[],"class_list":["post-1311","post","type-post","status-publish","format-standard","has-post-thumbnail","hentry","category-jasenkirje","category-uutisarkisto"],"uagb_featured_image_src":{"full":["https:\/\/suomenrehtorit.fi\/web\/wp-content\/uploads\/sites\/2\/mcx\/2023-6\/lampi.jpg",259,194,false],"thumbnail":["https:\/\/suomenrehtorit.fi\/web\/wp-content\/uploads\/sites\/2\/mcx\/2023-6\/lampi-150x150.jpg",150,150,true],"medium":["https:\/\/suomenrehtorit.fi\/web\/wp-content\/uploads\/sites\/2\/mcx\/2023-6\/lampi.jpg",259,194,false],"medium_large":["https:\/\/suomenrehtorit.fi\/web\/wp-content\/uploads\/sites\/2\/mcx\/2023-6\/lampi.jpg",259,194,false],"large":["https:\/\/suomenrehtorit.fi\/web\/wp-content\/uploads\/sites\/2\/mcx\/2023-6\/lampi.jpg",259,194,false],"magazine-cw3":["https:\/\/suomenrehtorit.fi\/web\/wp-content\/uploads\/sites\/2\/mcx\/2023-6\/lampi-252x189.jpg",252,189,true],"magazine-cw6":["https:\/\/suomenrehtorit.fi\/web\/wp-content\/uploads\/sites\/2\/mcx\/2023-6\/lampi.jpg",259,194,false],"magazine-cw9":["https:\/\/suomenrehtorit.fi\/web\/wp-content\/uploads\/sites\/2\/mcx\/2023-6\/lampi.jpg",259,194,false],"magazine-cw12":["https:\/\/suomenrehtorit.fi\/web\/wp-content\/uploads\/sites\/2\/mcx\/2023-6\/lampi.jpg",259,194,false],"magazine-thumb":["https:\/\/suomenrehtorit.fi\/web\/wp-content\/uploads\/sites\/2\/mcx\/2023-6\/lampi-72x72.jpg",72,72,true],"magazine-toc":["https:\/\/suomenrehtorit.fi\/web\/wp-content\/uploads\/sites\/2\/mcx\/2023-6\/lampi-126x126.jpg",126,126,true],"1536x1536":["https:\/\/suomenrehtorit.fi\/web\/wp-content\/uploads\/sites\/2\/mcx\/2023-6\/lampi.jpg",259,194,false],"2048x2048":["https:\/\/suomenrehtorit.fi\/web\/wp-content\/uploads\/sites\/2\/mcx\/2023-6\/lampi.jpg",259,194,false],"gform-image-choice-sm":["https:\/\/suomenrehtorit.fi\/web\/wp-content\/uploads\/sites\/2\/mcx\/2023-6\/lampi.jpg",259,194,false],"gform-image-choice-md":["https:\/\/suomenrehtorit.fi\/web\/wp-content\/uploads\/sites\/2\/mcx\/2023-6\/lampi.jpg",259,194,false],"gform-image-choice-lg":["https:\/\/suomenrehtorit.fi\/web\/wp-content\/uploads\/sites\/2\/mcx\/2023-6\/lampi.jpg",259,194,false]},"uagb_author_info":{"display_name":"Admin","author_link":"https:\/\/suomenrehtorit.fi\/web\/author\/toni-lehtinen\/"},"uagb_comment_info":0,"uagb_excerpt":"Puheenjohtajalta Hallitusohjelman tavoitteena koulujen johtamisj\u00e4rjestelmien ja osaamisen kehitt\u00e4minen Koulutuskysymykset eiv\u00e4t nousseet esiin kaikkein polttavimpina kev\u00e4\u00e4n eduskuntavaalikeskusteluissa. Kes\u00e4kuun ensimm\u00e4isell\u00e4 viikolla aloittaneen uuden hallituksen ohjelmassa ja siit\u00e4 k\u00e4ydyss\u00e4 keskustelussa ne puolestaan n\u00e4kyv\u00e4t jo ihan eri lailla sek\u00e4 merkitt\u00e4vyydelt\u00e4\u00e4n ett\u00e4 kiinnostavuudeltaan. Ehk\u00e4 n\u00e4kyvimm\u00e4n uutisoinnin sai osakseen kysymys oppivelvollisuuden pident\u00e4misest\u00e4. Aihe on ollut esill\u00e4 kotimaisessa koulutuspolitiikassa jo pitk\u00e4\u00e4n. Peist\u00e4&hellip;","_links":{"self":[{"href":"https:\/\/suomenrehtorit.fi\/web\/wp-json\/wp\/v2\/posts\/1311","targetHints":{"allow":["GET"]}}],"collection":[{"href":"https:\/\/suomenrehtorit.fi\/web\/wp-json\/wp\/v2\/posts"}],"about":[{"href":"https:\/\/suomenrehtorit.fi\/web\/wp-json\/wp\/v2\/types\/post"}],"author":[{"embeddable":true,"href":"https:\/\/suomenrehtorit.fi\/web\/wp-json\/wp\/v2\/users\/3"}],"replies":[{"embeddable":true,"href":"https:\/\/suomenrehtorit.fi\/web\/wp-json\/wp\/v2\/comments?post=1311"}],"version-history":[{"count":1,"href":"https:\/\/suomenrehtorit.fi\/web\/wp-json\/wp\/v2\/posts\/1311\/revisions"}],"predecessor-version":[{"id":1811,"href":"https:\/\/suomenrehtorit.fi\/web\/wp-json\/wp\/v2\/posts\/1311\/revisions\/1811"}],"wp:featuredmedia":[{"embeddable":true,"href":"https:\/\/suomenrehtorit.fi\/web\/wp-json\/wp\/v2\/media\/1312"}],"wp:attachment":[{"href":"https:\/\/suomenrehtorit.fi\/web\/wp-json\/wp\/v2\/media?parent=1311"}],"wp:term":[{"taxonomy":"category","embeddable":true,"href":"https:\/\/suomenrehtorit.fi\/web\/wp-json\/wp\/v2\/categories?post=1311"},{"taxonomy":"post_tag","embeddable":true,"href":"https:\/\/suomenrehtorit.fi\/web\/wp-json\/wp\/v2\/tags?post=1311"}],"curies":[{"name":"wp","href":"https:\/\/api.w.org\/{rel}","templated":true}]}}