{"id":1327,"date":"2019-09-16T13:56:34","date_gmt":"2019-09-16T13:56:34","guid":{"rendered":"https:\/\/suomenrehtorit.fi\/web\/?p=1327"},"modified":"2023-08-07T06:47:13","modified_gmt":"2023-08-07T06:47:13","slug":"jasenkirje-8-2019","status":"publish","type":"post","link":"https:\/\/suomenrehtorit.fi\/web\/2019\/09\/16\/jasenkirje-8-2019\/","title":{"rendered":"J\u00e4senkirje 8\/2019"},"content":{"rendered":"<h1>Puheenjohtajalta<\/h1>\n<figure id=\"attachment_3740\" aria-describedby=\"caption-attachment-3740\" style=\"width: 221px\" class=\"wp-caption alignnone\"><img loading=\"lazy\" decoding=\"async\" class=\"size-medium wp-image-762\" src=\"https:\/\/suomenrehtorit.fi\/web\/wp-content\/uploads\/sites\/2\/mcx\/2023-6\/Antti-uusin-231x300.jpg\" alt=\"\" width=\"231\" height=\"300\" srcset=\"https:\/\/suomenrehtorit.fi\/web\/wp-content\/uploads\/sites\/2\/mcx\/2023-6\/Antti-uusin-231x300.jpg 231w, https:\/\/suomenrehtorit.fi\/web\/wp-content\/uploads\/sites\/2\/mcx\/2023-6\/Antti-uusin-788x1024.jpg 788w, https:\/\/suomenrehtorit.fi\/web\/wp-content\/uploads\/sites\/2\/mcx\/2023-6\/Antti-uusin-768x999.jpg 768w, https:\/\/suomenrehtorit.fi\/web\/wp-content\/uploads\/sites\/2\/mcx\/2023-6\/Antti-uusin-252x328.jpg 252w, https:\/\/suomenrehtorit.fi\/web\/wp-content\/uploads\/sites\/2\/mcx\/2023-6\/Antti-uusin-522x679.jpg 522w, https:\/\/suomenrehtorit.fi\/web\/wp-content\/uploads\/sites\/2\/mcx\/2023-6\/Antti-uusin-792x1030.jpg 792w, https:\/\/suomenrehtorit.fi\/web\/wp-content\/uploads\/sites\/2\/mcx\/2023-6\/Antti-uusin.jpg 866w\" sizes=\"auto, (max-width: 231px) 100vw, 231px\" \/><figcaption id=\"caption-attachment-3740\" class=\"wp-caption-text\">Antti Ikonen<br \/>pj Suomen Rehtorit<br \/>twitter: @AnttiIkonen<\/figcaption><\/figure>\n<h1>Suomalainen oppilaitosjohtaminen kiinnostaa nyt enemm\u00e4n kuin aikakausiin!<\/h1>\n<p style=\"text-align: justify;\">Yleissivist\u00e4v\u00e4\u00e4 koulutustamme on kehitetty opettajuus edell\u00e4 ja hyv\u00e4 niin. Kun puhumme koko koulutusj\u00e4rjestelm\u00e4tason kysymyksist\u00e4, on selv\u00e4\u00e4, ett\u00e4 my\u00f6s johtamisella on t\u00e4ss\u00e4 kehitt\u00e4misty\u00f6n kokonaisuudessa oma merkityksens\u00e4. Mielenkiinto ja koulutuksen kehitt\u00e4misen panostukset ovat kuitenkin suuntautuneet ensisijaisesti opetushenkil\u00f6st\u00f6n perus- ja t\u00e4ydennyskoulutuksen kehitt\u00e4miseen. Samoin koulutusalan ammatteihin liittyv\u00e4 huolipuhe on puolestaan kohdistunut l\u00e4hinn\u00e4 opettajien ty\u00f6olosuhteisiin. T\u00e4m\u00e4 kaikki ei kuitenkaan saa tapahtua suomalaisen oppilaitosjohtamisen laadun kehitt\u00e4misen ja esimiesty\u00f6n puitteiden kohentamisen kustannuksella. Nyt on n\u00e4ht\u00e4viss\u00e4, ett\u00e4 lehti on selv\u00e4sti k\u00e4\u00e4ntym\u00e4ss\u00e4. Miksi \u2013 lue aiheesta lis\u00e4\u00e4 Rexi 3-2019 p\u00e4\u00e4kirjoituksesta!<\/p>\n<p><img loading=\"lazy\" decoding=\"async\" class=\"alignnone size-medium wp-image-1328\" src=\"https:\/\/suomenrehtorit.fi\/web\/wp-content\/uploads\/sites\/2\/mcx\/2023-6\/kupla-vedessa-300x200.png\" alt=\"\" width=\"300\" height=\"200\" srcset=\"https:\/\/suomenrehtorit.fi\/web\/wp-content\/uploads\/sites\/2\/mcx\/2023-6\/kupla-vedessa-300x200.png 300w, https:\/\/suomenrehtorit.fi\/web\/wp-content\/uploads\/sites\/2\/mcx\/2023-6\/kupla-vedessa-252x168.png 252w, https:\/\/suomenrehtorit.fi\/web\/wp-content\/uploads\/sites\/2\/mcx\/2023-6\/kupla-vedessa-522x348.png 522w, https:\/\/suomenrehtorit.fi\/web\/wp-content\/uploads\/sites\/2\/mcx\/2023-6\/kupla-vedessa.png 720w\" sizes=\"auto, (max-width: 300px) 100vw, 300px\" \/><\/p>\n<h1>Vastuullista johtamista!<\/h1>\n<p style=\"text-align: justify;\">SURE on saanut k\u00e4ynnistetty\u00e4 Opetushallituksen rahoittamana useita esimiesvalmennuksia, joissa huomion kohteena ovat muun muassa juuri jaetun ja osallistavan johtajuuden sek\u00e4 muutosten johtamisen taitojen kehitt\u00e4minen yhdess\u00e4 johtoty\u00f6parin ja koko kouluyhteis\u00f6n kesken. My\u00f6hemmin marraskuussa k\u00e4ynnistym\u00e4ss\u00e4 on my\u00f6s oppilaitosjohtajien digitaitojen kehitt\u00e4miskoulutus. Kun voimme viel\u00e4 ilolla todeta, ett\u00e4 marraskuiseen Pro Rexi -tapahtumaan on jo 200 osallistuja raja rikottu n\u00e4in varhaisessa vaiheessa syksy\u00e4, voi SURE:n oman t\u00e4ydennyskoulutustarjonnan laajuuden ja kysynn\u00e4n kohtaavan toisensa kerrassaan mainiosti! Seuraa j\u00e4rjest\u00f6n omaa t\u00e4ydennyskoulutustarjontaa, ja poimi osasi \u2013 ja n\u00e4hd\u00e4\u00e4n isolla porukalla viimeist\u00e4\u00e4n marraskuussa!<\/p>\n<p><img loading=\"lazy\" decoding=\"async\" class=\"alignnone size-medium wp-image-1329\" src=\"https:\/\/suomenrehtorit.fi\/web\/wp-content\/uploads\/sites\/2\/mcx\/2023-6\/VJ-300x225.jpg\" alt=\"\" width=\"300\" height=\"225\" srcset=\"https:\/\/suomenrehtorit.fi\/web\/wp-content\/uploads\/sites\/2\/mcx\/2023-6\/VJ-300x225.jpg 300w, https:\/\/suomenrehtorit.fi\/web\/wp-content\/uploads\/sites\/2\/mcx\/2023-6\/VJ-252x189.jpg 252w, https:\/\/suomenrehtorit.fi\/web\/wp-content\/uploads\/sites\/2\/mcx\/2023-6\/VJ-522x392.jpg 522w, https:\/\/suomenrehtorit.fi\/web\/wp-content\/uploads\/sites\/2\/mcx\/2023-6\/VJ.jpg 640w\" sizes=\"auto, (max-width: 300px) 100vw, 300px\" \/><\/p>\n<h1>Rehtorin terveys ja hyvinvointi -tutkimushanke etenee vauhdikkaasti<\/h1>\n<p style=\"text-align: justify;\">Saimme kev\u00e4iseen oppilaitosten esimiesten ty\u00f6hyvinvointi ja -olosuhde -kyselyymme kaikkiaan yhdeks\u00e4tt\u00e4 sataa vastausta! T\u00e4m\u00e4 on todella iso ja kova luku. Haluan osoittaa l\u00e4mpim\u00e4n kiitoksen joka ainoalle vastaajalle! N\u00e4kemyksenne muodostaa ainutlaatuisen kotimaisen aineiston, ja n\u00e4in kev\u00e4t 2019 tulee j\u00e4\u00e4m\u00e4\u00e4n aikakirjoihin merkkipaaluna olosuhdeselvityksen k\u00e4ynnistymisen kev\u00e4\u00e4n\u00e4. Tutkimusty\u00f6ryhm\u00e4, professorit Philip Riley, Katariina Salmela-Aro ja Minna Huotilainen ovat hiljattain k\u00e4ynnist\u00e4neet aineistoanalyysin. T\u00e4m\u00e4n esimiestutkimuksen ensimm\u00e4isi\u00e4 tuloksia on luvassa jo marraskuun Pro Rexi -tapahtumaan. Tutkimushankettamme avataan lis\u00e4\u00e4 my\u00f6s my\u00f6s tammikuun Educa-messuille, miss\u00e4 esimiehet tulevat saamaan messujen kokonaisilmeess\u00e4 aivan uuden yhteisen ohjelman ja n\u00e4kyvyyden. Ty\u00f6hyvinvointi on my\u00f6s Opetusalan ammattij\u00e4rjest\u00f6n lukuvuoden p\u00e4\u00e4teema, ja t\u00e4m\u00e4 esimiestutkimus on luonnollisesti t\u00e4rke\u00e4 osa my\u00f6s koko toimialan ty\u00f6hyvinvointiasioiden edist\u00e4misen kokonaisuutta.<\/p>\n<p><img loading=\"lazy\" decoding=\"async\" class=\"alignnone size-medium wp-image-1330\" src=\"https:\/\/suomenrehtorit.fi\/web\/wp-content\/uploads\/sites\/2\/mcx\/2023-6\/RTH-1.png\" alt=\"\" width=\"300\" height=\"168\" srcset=\"https:\/\/suomenrehtorit.fi\/web\/wp-content\/uploads\/sites\/2\/mcx\/2023-6\/RTH-1.png 300w, https:\/\/suomenrehtorit.fi\/web\/wp-content\/uploads\/sites\/2\/mcx\/2023-6\/RTH-1-252x141.png 252w\" sizes=\"auto, (max-width: 300px) 100vw, 300px\" \/><\/p>\n<h1>Tekoja tiskiin -kampanjassa etsit\u00e4\u00e4n kehitt\u00e4mistarinoita kunta-alalta<\/h1>\n<p style=\"text-align: justify;\">Kunta-alalla tehd\u00e4\u00e4n hienoa ty\u00f6t\u00e4, joka j\u00e4\u00e4 valitettavan usein kohuotsikoiden taakse piiloon. Hyv\u00e4st\u00e4 ja laadukaasta ty\u00f6st\u00e4 kannattaa kuitenkin olla ylpe\u00e4. T\u00e4m\u00e4n vuoksi Kuntaty\u00f6nantaja on k\u00e4ynnist\u00e4nyt Tekoja tiskiin -kampanjan, jolla on tarkoitus innostaa ty\u00f6yhteis\u00f6j\u00e4 n\u00e4ytt\u00e4m\u00e4\u00e4n osaamistaan itselleen ja muille. Kehitt\u00e4mistekoja ker\u00e4t\u00e4\u00e4n Tekojen tori -sivustolle, jolle on t\u00e4h\u00e4n menness\u00e4 tallentunut jo yli 400 kehitt\u00e4mistekoa. Ainoa vaatimus on, ett\u00e4 teko on jotenkin kehitt\u00e4nyt sinun ja ty\u00f6yhteis\u00f6si ty\u00f6t\u00e4. Ehdotuksen tekij\u00e4n\u00e4 voi olla pienempi porukka, ty\u00f6yhteis\u00f6 tai iso organisaatio. Kaikki 31.10.2019 menness\u00e4 sivustolla esiintuodut kehitt\u00e4misteot ovat mukana kilpailussa. Kampanjakilpailussa on mukana useita eri sarjoja, ja voittajat julkaistaan marraskuussa 2019. Kannustan l\u00e4mpim\u00e4sti kaikkia maamme innovatiivisia kouluja ilmiantamaan itse\u00e4\u00e4n ja osaamistaan t\u00e4ss\u00e4 kampanjassa, otetaan hyvist\u00e4 suorituksista jokunen sarjavoitto my\u00f6s kouluille!<\/p>\n<p><img loading=\"lazy\" decoding=\"async\" class=\"alignnone size-medium wp-image-1331\" src=\"https:\/\/suomenrehtorit.fi\/web\/wp-content\/uploads\/sites\/2\/mcx\/2023-6\/tekoja-tiskiin-300x106.png\" alt=\"\" width=\"300\" height=\"106\" srcset=\"https:\/\/suomenrehtorit.fi\/web\/wp-content\/uploads\/sites\/2\/mcx\/2023-6\/tekoja-tiskiin-300x106.png 300w, https:\/\/suomenrehtorit.fi\/web\/wp-content\/uploads\/sites\/2\/mcx\/2023-6\/tekoja-tiskiin-1024x360.png 1024w, https:\/\/suomenrehtorit.fi\/web\/wp-content\/uploads\/sites\/2\/mcx\/2023-6\/tekoja-tiskiin-768x270.png 768w, https:\/\/suomenrehtorit.fi\/web\/wp-content\/uploads\/sites\/2\/mcx\/2023-6\/tekoja-tiskiin-252x89.png 252w, https:\/\/suomenrehtorit.fi\/web\/wp-content\/uploads\/sites\/2\/mcx\/2023-6\/tekoja-tiskiin-522x184.png 522w, https:\/\/suomenrehtorit.fi\/web\/wp-content\/uploads\/sites\/2\/mcx\/2023-6\/tekoja-tiskiin-792x279.png 792w, https:\/\/suomenrehtorit.fi\/web\/wp-content\/uploads\/sites\/2\/mcx\/2023-6\/tekoja-tiskiin-1062x373.png 1062w, https:\/\/suomenrehtorit.fi\/web\/wp-content\/uploads\/sites\/2\/mcx\/2023-6\/tekoja-tiskiin.png 1200w\" sizes=\"auto, (max-width: 300px) 100vw, 300px\" \/><\/p>\n<h1>Tervetuloa meille -viikko<\/h1>\n<p style=\"text-align: justify;\">Suomalaisen Ty\u00f6n Liitto j\u00e4rjest\u00e4\u00e4 viikolla 40 avoimien ovien tapahtumia eri puolilla maata. Yritykset avaavat tuolloin oviaan mm. koulujen oppilasryhmille j\u00e4rjest\u00e4m\u00e4ll\u00e4 toimitiloissaan erilaisia tilaisuuksia ja tapahtumia. Viikko tuo erilaisten yhteis\u00f6jen ja yritysten toimintaa tutuksi niist\u00e4 kiinnostuneille ja t\u00e4n\u00e4 vuonna kohderyhm\u00e4n\u00e4 ovat eritysesti nuoret. Tempauksella on tarkoitus tehd\u00e4 yrityksi\u00e4 tutuksi, avata kes\u00e4ty\u00f6mahdollisuuksia ja ylip\u00e4\u00e4t\u00e4\u00e4n nuorten silmi\u00e4 oman paikan l\u00f6yt\u00e4miseksi ty\u00f6el\u00e4m\u00e4ss\u00e4. Ansiokasta yhteisty\u00f6t\u00e4 koulujen ja oppilaitosten kanssa tekev\u00e4 TAT on luvannut tarjota tempaukseen mukaan l\u00e4hteville koulujen edustajille yll\u00e4tyslahjan. Lis\u00e4\u00e4 tietoa t\u00e4st\u00e4 kouluille hyvin valmistellusta tapahtumasta <a href=\"https:\/\/suomalainentyo.fi\/2019\/09\/11\/on-aika-jalleen-avata-ovia-tervetuloa-meille-viikolla\/\" target=\"_blank\" rel=\"noopener noreferrer\">linkin<\/a> kautta!<\/p>\n<p><img loading=\"lazy\" decoding=\"async\" class=\"alignnone size-medium wp-image-1332\" src=\"https:\/\/suomenrehtorit.fi\/web\/wp-content\/uploads\/sites\/2\/mcx\/2023-6\/Tervetuloa-meille-300x133.jpg\" alt=\"\" width=\"300\" height=\"133\" srcset=\"https:\/\/suomenrehtorit.fi\/web\/wp-content\/uploads\/sites\/2\/mcx\/2023-6\/Tervetuloa-meille-300x133.jpg 300w, https:\/\/suomenrehtorit.fi\/web\/wp-content\/uploads\/sites\/2\/mcx\/2023-6\/Tervetuloa-meille-768x340.jpg 768w, https:\/\/suomenrehtorit.fi\/web\/wp-content\/uploads\/sites\/2\/mcx\/2023-6\/Tervetuloa-meille-252x111.jpg 252w, https:\/\/suomenrehtorit.fi\/web\/wp-content\/uploads\/sites\/2\/mcx\/2023-6\/Tervetuloa-meille-522x231.jpg 522w, https:\/\/suomenrehtorit.fi\/web\/wp-content\/uploads\/sites\/2\/mcx\/2023-6\/Tervetuloa-meille-792x350.jpg 792w, https:\/\/suomenrehtorit.fi\/web\/wp-content\/uploads\/sites\/2\/mcx\/2023-6\/Tervetuloa-meille.jpg 1024w\" sizes=\"auto, (max-width: 300px) 100vw, 300px\" \/><\/p>\n<h1>Innostavaa syksy\u00e4<\/h1>\n<p>Yleissivist\u00e4v\u00e4n koulutuksen opetussuunnitelmauudistusten yksi t\u00e4rke\u00e4 elementti on ollut vahvuuspedagogisen ajattelun merkityksen kirkastaminen kohottaminen niin kouluv\u00e4en omassa ty\u00f6ss\u00e4 kuin oppilaiden ja opiskelijoiden kohtaamisessa. Yksi t\u00e4rke\u00e4 vahvuus on kyky innostua, voimaantua positiivisesta energiasta itse ja voimaannuttaa ihmisi\u00e4 ymp\u00e4rill\u00e4\u00e4n venym\u00e4\u00e4n omaan parhaaseensa. Innostus on v\u00e4kev\u00e4 voima, joka tarttuu helposti my\u00f6s toisiin ihmisiin. Sille onkin k\u00e4ytt\u00f6\u00e4 kes\u00e4n kallistuessa kohti syksy\u00e4: toivotan kaikille j\u00e4senkirjeen lukijoille innostavaa syksy\u00e4 ja voimia lukuvuoden askareisiin!<\/p>\n<p>Antti Ikonen<br \/>\npj Suomen Rehtorit<br \/>\ntwitter: @AnttiIkonen<\/p>\n<p><img loading=\"lazy\" decoding=\"async\" class=\"alignnone size-full wp-image-1333\" src=\"https:\/\/suomenrehtorit.fi\/web\/wp-content\/uploads\/sites\/2\/mcx\/2023-6\/aurinkolapset.png\" alt=\"\" width=\"267\" height=\"189\" srcset=\"https:\/\/suomenrehtorit.fi\/web\/wp-content\/uploads\/sites\/2\/mcx\/2023-6\/aurinkolapset.png 267w, https:\/\/suomenrehtorit.fi\/web\/wp-content\/uploads\/sites\/2\/mcx\/2023-6\/aurinkolapset-252x178.png 252w\" sizes=\"auto, (max-width: 267px) 100vw, 267px\" \/><\/p>\n<h2>Haluaisitko p\u00e4ivitt\u00e4\u00e4 ty\u00f6skentely-ymp\u00e4rist\u00f6si tai osia siit\u00e4?<\/h2>\n<p>Isku tarjoaa nyt maksuttoman kartoitustapaamisen, jossa katsomme yhdess\u00e4, miten voimme parantaa ymp\u00e4rist\u00f6\u00e4si. Kehit\u00e4mme kanssasi turvallisen, toiminnallisen ja viihtyis\u00e4n ymp\u00e4rist\u00f6n, jossa on ilo oppia ja opettaa.<\/p>\n<p>Kartoitustapaamisessa asiantuntijamme k\u00e4y l\u00e4pi kanssasi tilojen uudistamistarpeet ja tekee ehdotuksen ja tarjouksen uusista ja kierr\u00e4tett\u00e4vist\u00e4 kalusteista sek\u00e4 palveluista. Mik\u00e4li yhdess\u00e4 asiantuntijamme kanssa toteatte, ett\u00e4 tiloissa tarvitaan viel\u00e4 erillinen sisustussuunnitelma, sovimme uuden k\u00e4ynnin, jossa sisustussuunnittelija tekee ehdotuksen ja suunnitelman (maksuton layoutsuunnittelu ja yksi korjausversio).<\/p>\n<p><a href=\"https:\/\/my.surveypal.com\/app\/form?_d=0&amp;_sid=938177617&amp;_k=yp_pu679ErDmBQMnm0L110GNKHGoIYGTZHMyR3eFITjkO8lcgnX-RySRgHxpgLY6\" target=\"_blank\" rel=\"noopener noreferrer\">Varaa maksuton kartoitustapaaminen<\/a><\/p>\n<p><img loading=\"lazy\" decoding=\"async\" class=\"alignnone size-medium wp-image-1334\" src=\"https:\/\/suomenrehtorit.fi\/web\/wp-content\/uploads\/sites\/2\/mcx\/2023-6\/L_nsiharjun_koulu_270219_09_A4__2480x3508_-300x200.jpg\" alt=\"\" width=\"300\" height=\"200\" srcset=\"https:\/\/suomenrehtorit.fi\/web\/wp-content\/uploads\/sites\/2\/mcx\/2023-6\/L_nsiharjun_koulu_270219_09_A4__2480x3508_-300x200.jpg 300w, https:\/\/suomenrehtorit.fi\/web\/wp-content\/uploads\/sites\/2\/mcx\/2023-6\/L_nsiharjun_koulu_270219_09_A4__2480x3508_-1024x683.jpg 1024w, https:\/\/suomenrehtorit.fi\/web\/wp-content\/uploads\/sites\/2\/mcx\/2023-6\/L_nsiharjun_koulu_270219_09_A4__2480x3508_-768x513.jpg 768w, https:\/\/suomenrehtorit.fi\/web\/wp-content\/uploads\/sites\/2\/mcx\/2023-6\/L_nsiharjun_koulu_270219_09_A4__2480x3508_-252x168.jpg 252w, https:\/\/suomenrehtorit.fi\/web\/wp-content\/uploads\/sites\/2\/mcx\/2023-6\/L_nsiharjun_koulu_270219_09_A4__2480x3508_-522x348.jpg 522w, https:\/\/suomenrehtorit.fi\/web\/wp-content\/uploads\/sites\/2\/mcx\/2023-6\/L_nsiharjun_koulu_270219_09_A4__2480x3508_-792x529.jpg 792w, https:\/\/suomenrehtorit.fi\/web\/wp-content\/uploads\/sites\/2\/mcx\/2023-6\/L_nsiharjun_koulu_270219_09_A4__2480x3508_-1062x709.jpg 1062w, https:\/\/suomenrehtorit.fi\/web\/wp-content\/uploads\/sites\/2\/mcx\/2023-6\/L_nsiharjun_koulu_270219_09_A4__2480x3508_-1536x1025.jpg 1536w, https:\/\/suomenrehtorit.fi\/web\/wp-content\/uploads\/sites\/2\/mcx\/2023-6\/L_nsiharjun_koulu_270219_09_A4__2480x3508_-2048x1367.jpg 2048w\" sizes=\"auto, (max-width: 300px) 100vw, 300px\" \/><\/p>\n<h2>Oletteko jo p\u00e4\u00e4tt\u00e4neet P\u00e4iv\u00e4ty\u00f6ker\u00e4yksest\u00e4?<\/h2>\n<p>Syyskuun alussa hurrikaani Dorian iski Bahamalle, j\u00e4tt\u00e4en kymmeni\u00e4 tuhansia ihmisi\u00e4 humanit\u00e4\u00e4risen avun tarpeeseen. Suomen Punainen Risti on jo l\u00e4hett\u00e4nyt avustusty\u00f6ntekij\u00f6it\u00e4 alueelle. Nopea reagointi on mahdollista Katastrofirahastomme ansiosta. Siihen voi lahjoittaa sitomattomia varoja esim. P\u00e4iv\u00e4ty\u00f6ker\u00e4yksen avulla.<\/p>\n<p>Toinen avustuskohde on Nuorten Turvatalot Suomessa. Viidell\u00e4 paikkakunnalla toimivat Turvatalot auttavat nuoria ratkomaan ongelmia kotona ja koulussa. Vaikeimmissa tilanteissa nuori voi y\u00f6py\u00e4 Turvatalolla.<\/p>\n<p>P\u00e4iv\u00e4ty\u00f6ker\u00e4yksen j\u00e4rjest\u00e4minen on helppoa ja sen voi toteuttaa koska tahansa. Oppilas hankkii itselleen ty\u00f6paikan yrityksest\u00e4 tai ty\u00f6skentelee kotona. Tarjoamme ohjeet ja muut materiaalit opettajalle t\u00e4ysin maksutta. Punainen Risti ottaa oppilaille vakuutuksen ker\u00e4ysp\u00e4iv\u00e4n ajaksi.<\/p>\n<p>Lue lis\u00e4\u00e4 P\u00e4iv\u00e4ty\u00f6ker\u00e4yksest\u00e4: <a href=\"http:\/\/www.punainenristi.fi\/paivatyokerays\" target=\"_blank\" rel=\"noopener noreferrer\">www.punainenristi.fi\/paivatyokerays<\/a>. Voit pyyt\u00e4\u00e4 lis\u00e4tietoja tai ilmoittautua koordinaattorille Markus H\u00f6gmander, p. 040 757 5601, markus.hogmander@redcross.fi.<\/p>\n<figure id=\"attachment_4098\" aria-describedby=\"caption-attachment-4098\" style=\"width: 290px\" class=\"wp-caption alignnone\"><img loading=\"lazy\" decoding=\"async\" class=\"size-medium wp-image-1335\" src=\"https:\/\/suomenrehtorit.fi\/web\/wp-content\/uploads\/sites\/2\/mcx\/2023-6\/Jasenkirje-2019-09-SPR-Kuva-300x200.jpg\" alt=\"\" width=\"300\" height=\"200\" srcset=\"https:\/\/suomenrehtorit.fi\/web\/wp-content\/uploads\/sites\/2\/mcx\/2023-6\/Jasenkirje-2019-09-SPR-Kuva-300x200.jpg 300w, https:\/\/suomenrehtorit.fi\/web\/wp-content\/uploads\/sites\/2\/mcx\/2023-6\/Jasenkirje-2019-09-SPR-Kuva-768x513.jpg 768w, https:\/\/suomenrehtorit.fi\/web\/wp-content\/uploads\/sites\/2\/mcx\/2023-6\/Jasenkirje-2019-09-SPR-Kuva-252x168.jpg 252w, https:\/\/suomenrehtorit.fi\/web\/wp-content\/uploads\/sites\/2\/mcx\/2023-6\/Jasenkirje-2019-09-SPR-Kuva-522x348.jpg 522w, https:\/\/suomenrehtorit.fi\/web\/wp-content\/uploads\/sites\/2\/mcx\/2023-6\/Jasenkirje-2019-09-SPR-Kuva-792x529.jpg 792w, https:\/\/suomenrehtorit.fi\/web\/wp-content\/uploads\/sites\/2\/mcx\/2023-6\/Jasenkirje-2019-09-SPR-Kuva.jpg 800w\" sizes=\"auto, (max-width: 300px) 100vw, 300px\" \/><figcaption id=\"caption-attachment-4098\" class=\"wp-caption-text\">Suomen Punainen Risti<br \/>Kuvaaja: Emil Helotie<\/figcaption><\/figure>\n<h2>Veso-p\u00e4iv\u00e4t ja vanhempainillat \u2013 asiantuntijoiltamme uutta osaamista ja ajateltavaa kouluille!<\/h2>\n<p>Tuotamme kouluille opettajien osaamisen tueksi veso-p\u00e4iville ja vanhempainiltoihin sis\u00e4lt\u00f6\u00e4 yhdess\u00e4 osaavien asiantuntijoidemme kanssa. Tutustu asiantuntijoihimme sivuillamme ja ole yhteydess\u00e4! Rakennamme juuri teid\u00e4n ty\u00f6yhteis\u00f6n tai vanhempainillan tarpeisiin r\u00e4\u00e4t\u00e4l\u00f6idyn teeman ja sis\u00e4ll\u00f6n.<\/p>\n<p>Asiantuntijoitamme ja heid\u00e4n teemoja \u00a0on mm. Ulrika Bj\u00f6rkstam &#8211; resilienssi, Harri Helaj\u00e4rvi \u2013 hyvinvointi, Nicholas Andersson \u2013 tek\u00f6\u00e4ly, Harri Raisio \u2013 kompleksisuusajattelu, Tommi Lehtonen \u2013 etiikka ja arvot sek\u00e4 Tiina R\u00f6ning \u2013 nuorten tunnehallinta ja k\u00e4ytt\u00e4ytyminen.<\/p>\n<p>Tutustu asiantuntijoihimme: <a href=\"http:\/\/Edumar.fi\/Asiantuntijamme\" target=\"_blank\" rel=\"noopener noreferrer\">Edumar.fi\/Asiantuntijamme<\/a><\/p>\n<p>Tutustu avoimiin koulutuksiimme: <a href=\"http:\/\/Edumar.fi\/Koulutukset\" target=\"_blank\" rel=\"noopener noreferrer\">Edumar.fi\/Koulutukset<\/a><\/p>\n<p>Ole yhteydess\u00e4, mietit\u00e4\u00e4n mik\u00e4 olisi juuri teid\u00e4n ty\u00f6yhteis\u00f6lle tai \u00a0vanhempainiltaan sopiva ratkaisu: Merja Laaksonen, puh. 045\u00a0661 8998, s-posti merja.laaksonen@edumar.fi<\/p>\n<p><img loading=\"lazy\" decoding=\"async\" class=\"alignnone size-medium wp-image-1336\" src=\"https:\/\/suomenrehtorit.fi\/web\/wp-content\/uploads\/sites\/2\/mcx\/2023-6\/Sormet-ja-sydan_Surefire_09_2019-300x200.jpg\" alt=\"\" width=\"300\" height=\"200\" srcset=\"https:\/\/suomenrehtorit.fi\/web\/wp-content\/uploads\/sites\/2\/mcx\/2023-6\/Sormet-ja-sydan_Surefire_09_2019-300x200.jpg 300w, https:\/\/suomenrehtorit.fi\/web\/wp-content\/uploads\/sites\/2\/mcx\/2023-6\/Sormet-ja-sydan_Surefire_09_2019-768x512.jpg 768w, https:\/\/suomenrehtorit.fi\/web\/wp-content\/uploads\/sites\/2\/mcx\/2023-6\/Sormet-ja-sydan_Surefire_09_2019-252x168.jpg 252w, https:\/\/suomenrehtorit.fi\/web\/wp-content\/uploads\/sites\/2\/mcx\/2023-6\/Sormet-ja-sydan_Surefire_09_2019-522x348.jpg 522w, https:\/\/suomenrehtorit.fi\/web\/wp-content\/uploads\/sites\/2\/mcx\/2023-6\/Sormet-ja-sydan_Surefire_09_2019-792x528.jpg 792w, https:\/\/suomenrehtorit.fi\/web\/wp-content\/uploads\/sites\/2\/mcx\/2023-6\/Sormet-ja-sydan_Surefire_09_2019.jpg 800w\" sizes=\"auto, (max-width: 300px) 100vw, 300px\" \/><\/p>\n<h2>Nyt haussa el\u00e4m\u00e4si tilaisuus kasvattaa ammattitaitoasi Yhdysvalloissa!<\/h2>\n<p>Fulbright Mid-Career Professional Development -ohjelma on tarkoitettu ty\u00f6uransa keskivaiheessa oleville suomalaisille eri alojen ammattilaisille, asiantuntijoille, ja kulttuurin ja taiteen toimijoille, jotka etsiv\u00e4t uusia n\u00e4k\u00f6kulmia ja l\u00e4hestymistapoja omaan ty\u00f6h\u00f6ns\u00e4, ja haluavat edist\u00e4\u00e4 laajemmin alansa asiantuntemusta.<\/p>\n<p>Suunnittele oma 3-12 kk kest\u00e4v\u00e4 projektisi, johon voi sis\u00e4lty\u00e4 vierailuja ja tutustumista oman alan organisaatioihin, luennointia, oman alan t\u00e4ydennysopintoja tai muuta ammattitaitoa edist\u00e4v\u00e4\u00e4 toimintaa. Haku p\u00e4\u00e4ttyy 8.12.2019.<\/p>\n<p>Lis\u00e4tietoja ja alumnien kokemuksia: <a href=\"https:\/\/www.fulbright.fi\/professional-grants\/mid-career-professional-development-grant-FIN\" target=\"_blank\" rel=\"noopener noreferrer\">Fulbright Mid-Career Professional Development Grant (MCPD)<\/a><\/p>\n<p><img loading=\"lazy\" decoding=\"async\" class=\"alignnone size-medium wp-image-945\" src=\"https:\/\/suomenrehtorit.fi\/web\/wp-content\/uploads\/sites\/2\/mcx\/2023-6\/drink-864958_640-300x200.jpg\" alt=\"\" width=\"300\" height=\"200\" srcset=\"https:\/\/suomenrehtorit.fi\/web\/wp-content\/uploads\/sites\/2\/mcx\/2023-6\/drink-864958_640-300x200.jpg 300w, https:\/\/suomenrehtorit.fi\/web\/wp-content\/uploads\/sites\/2\/mcx\/2023-6\/drink-864958_640-252x168.jpg 252w, https:\/\/suomenrehtorit.fi\/web\/wp-content\/uploads\/sites\/2\/mcx\/2023-6\/drink-864958_640-522x347.jpg 522w, https:\/\/suomenrehtorit.fi\/web\/wp-content\/uploads\/sites\/2\/mcx\/2023-6\/drink-864958_640.jpg 640w\" sizes=\"auto, (max-width: 300px) 100vw, 300px\" \/><\/p>\n<h2>Rehtoreiden smartit e-oppimisen digitaidot 4 op<\/h2>\n<p>Suomen Rehtorit ry j\u00e4rjest\u00e4\u00e4 Rehtoreiden smartit e-oppimisen digitaidot \u2013 koulutuksen. Koulutus on Opetushallituksen rahoittamaa opetustoimen henkil\u00f6st\u00f6koulutusta ja siten osallistujalle maksuton.<\/p>\n<p><a href=\"https:\/\/surefire.fi\/web\/rehtoreiden-smartit-e-oppimisen-digitaidot\/\" target=\"_blank\" rel=\"noopener noreferrer\">Lue lis\u00e4\u00e4<\/a><\/p>\n<p><img loading=\"lazy\" decoding=\"async\" class=\"alignnone size-medium wp-image-781\" src=\"https:\/\/suomenrehtorit.fi\/web\/wp-content\/uploads\/sites\/2\/mcx\/2023-6\/The-Importance-of-a-Mentor-300x200.jpg\" alt=\"\" width=\"300\" height=\"200\" srcset=\"https:\/\/suomenrehtorit.fi\/web\/wp-content\/uploads\/sites\/2\/mcx\/2023-6\/The-Importance-of-a-Mentor-300x200.jpg 300w, https:\/\/suomenrehtorit.fi\/web\/wp-content\/uploads\/sites\/2\/mcx\/2023-6\/The-Importance-of-a-Mentor-768x511.jpg 768w, https:\/\/suomenrehtorit.fi\/web\/wp-content\/uploads\/sites\/2\/mcx\/2023-6\/The-Importance-of-a-Mentor-252x168.jpg 252w, https:\/\/suomenrehtorit.fi\/web\/wp-content\/uploads\/sites\/2\/mcx\/2023-6\/The-Importance-of-a-Mentor-522x347.jpg 522w, https:\/\/suomenrehtorit.fi\/web\/wp-content\/uploads\/sites\/2\/mcx\/2023-6\/The-Importance-of-a-Mentor-792x527.jpg 792w, https:\/\/suomenrehtorit.fi\/web\/wp-content\/uploads\/sites\/2\/mcx\/2023-6\/The-Importance-of-a-Mentor.jpg 849w\" sizes=\"auto, (max-width: 300px) 100vw, 300px\" \/><\/p>\n<h2>Tutkivien rehtorien verkostotapaaminen 20.11.2019<\/h2>\n<p>J\u00e4rjest\u00f6mme toimintaan on jo pitk\u00e4\u00e4n kuulunut tutkivien rehtoreiden verkostoyhteisty\u00f6. Kiinnostaisiko tiet\u00e4\u00e4 lis\u00e4\u00e4, vaikuttaa verkoston toimintaan ja osallistua alamme kehitt\u00e4miseen tutkimuksen avulla?<br \/>\nKokoonnumme seuraavan kerran Akava-talossa 20.11.2019 klo 15.30\u201319.30. Jos innostusta riitt\u00e4\u00e4, voimme k\u00e4yd\u00e4 yhdess\u00e4 ruokailemassa tilaisuuden j\u00e4lkeen. Olet l\u00e4mpim\u00e4sti tervetullut!<\/p>\n<p><strong>Illan agenda:<br \/>\n<\/strong>Tutkijat verkkoja kokemassa!<br \/>\nVoimaa verkostoista:<br \/>\nMit\u00e4 kukin on ihmetellyt tutkimuksen saralla t\u00e4n\u00e4 vuonna?<br \/>\nMiten voisimme yhdist\u00e4\u00e4 voimavarojamme tutkimuksen saralla?<br \/>\nVerkoston j\u00e4senten tutkimusalustukset (toistaiseksi kaksi alustajaa on ilmoittautunut):<\/p>\n<p>Keskustelua esitysten pohjalta<br \/>\nKoulutusjohtamisen instituutin puheenvuoro, Mika Risku:<\/p>\n<p>Miten SURE ja Jyv\u00e4skyl\u00e4n yliopisto voisivat yhdess\u00e4 kehitt\u00e4\u00e4 alan tutkimusta?<\/p>\n<p>Tahtoisitko meid\u00e4n sparraavan sinua tutkijataipaleellasi? Otahan yhteytt\u00e4, jos tahtoisit porukan keskustelevan tutkimuksesi tiimoilta. Iltaan mahtuu viel\u00e4 esityksi\u00e4.<\/p>\n<p>Ilmoittautumiset 15.11.2019 menness\u00e4:<br \/>\n<a href=\"mailto:kaisa.isotalo@seinajoki.fi\">kaisa.isotalo@seinajoki.fi<\/a><\/p>\n<p><img loading=\"lazy\" decoding=\"async\" class=\"alignnone size-medium wp-image-1238\" src=\"https:\/\/suomenrehtorit.fi\/web\/wp-content\/uploads\/sites\/2\/mcx\/2023-6\/Rehtori-tarkein-Pro-Rexi-300x137.png\" alt=\"\" width=\"300\" height=\"137\" srcset=\"https:\/\/suomenrehtorit.fi\/web\/wp-content\/uploads\/sites\/2\/mcx\/2023-6\/Rehtori-tarkein-Pro-Rexi-300x137.png 300w, https:\/\/suomenrehtorit.fi\/web\/wp-content\/uploads\/sites\/2\/mcx\/2023-6\/Rehtori-tarkein-Pro-Rexi-768x351.png 768w, https:\/\/suomenrehtorit.fi\/web\/wp-content\/uploads\/sites\/2\/mcx\/2023-6\/Rehtori-tarkein-Pro-Rexi-252x115.png 252w, https:\/\/suomenrehtorit.fi\/web\/wp-content\/uploads\/sites\/2\/mcx\/2023-6\/Rehtori-tarkein-Pro-Rexi-522x239.png 522w, https:\/\/suomenrehtorit.fi\/web\/wp-content\/uploads\/sites\/2\/mcx\/2023-6\/Rehtori-tarkein-Pro-Rexi-792x362.png 792w, https:\/\/suomenrehtorit.fi\/web\/wp-content\/uploads\/sites\/2\/mcx\/2023-6\/Rehtori-tarkein-Pro-Rexi.png 955w\" sizes=\"auto, (max-width: 300px) 100vw, 300px\" \/><\/p>\n<h2>PRO REXI 2019 ESPOO<\/h2>\n<p>T\u00e4m\u00e4n vuoden Pro Rexi &#8211; tapahtuman j\u00e4rjestet\u00e4\u00e4n Dipolissa, Espoossa 21.-22.11.2019. Mukaan on ilmoittautunut jo yli 230 osallistujaa ja parikymment\u00e4 n\u00e4ytteilleasettajaa. Reksien pikkujoulut vietet\u00e4\u00e4n t\u00e4n\u00e4 vuonna ravintola Virgin Oil Co:ssa.<\/p>\n<p><strong>Oletko sin\u00e4 jo mukana?\u00a0<\/strong><\/p>\n<p><a href=\"https:\/\/surefire.fi\/web\/event\/pro-rexi-2019\/\" target=\"_blank\" rel=\"noopener noreferrer\">K\u00e4y tutustumassa ohjelmaan ja ilmoittaudu mukaan vuoden parhaimpaan reksitapahtumaan!<\/a><\/p>\n<p>[gview file=&#8221;https:\/\/surefire.fi\/web\/wp-content\/uploads\/sites\/2\/2019\/09\/Juliste-suomi.pdf&#8221;]<\/p>\n<h2>Ilmoita koulusi mukaan Nelj\u00e4n tieteen kisoihin<\/h2>\n<p>Kilpailukauden 2019-2020 aikataulu:<\/p>\n<p>ALKUKILPAILUT<br \/>\n9.10.2019\u00a0lukion matematiikkakilpailu<br \/>\n7.10.2019\u00a0fysiikkakilpailu<br \/>\n11.10.2019\u00a0kemiakilpailu<br \/>\n30.9.-13.10.2019\u00a0peruskoulun matematiikkakilpailu<br \/>\n30.9. 13.10.2019\u00a0peruskoulun ja lukion tietotekniikkakilpailu<\/p>\n<p>KILPAILUKAUDEN 1.8.2019\u201331.7.2020<br \/>\nLOPPUKILPAILUT<br \/>\n7.-8.2.2020\u00a0Matematiikka-, fysiikka- ja kemiakilpailujen loppukilpailut<br \/>\n6.2.2020\u00a0Tietotekniikan loppukilpailu<\/p>\n<p>Lis\u00e4tietoja <a href=\"https:\/\/maol.fi\/neljan-tieteen-kisat\/\" target=\"_blank\" rel=\"noopener noreferrer\">https:\/\/maol.fi\/neljan-tieteen-kisat\/<\/a><\/p>\n<p>Ilmoittautuminen <a href=\"https:\/\/www.lyyti.in\/4tieteenkisat2019_2020\" target=\"_blank\" rel=\"noopener noreferrer\">https:\/\/www.lyyti.in\/4tieteenkisat2019_2020<\/a><\/p>\n<p><img loading=\"lazy\" decoding=\"async\" class=\"alignnone size-medium wp-image-848\" src=\"https:\/\/suomenrehtorit.fi\/web\/wp-content\/uploads\/sites\/2\/mcx\/2023-6\/Digiluokka_LIVE_Logo_Kuutio-300x300.png\" alt=\"\" width=\"300\" height=\"300\" srcset=\"https:\/\/suomenrehtorit.fi\/web\/wp-content\/uploads\/sites\/2\/mcx\/2023-6\/Digiluokka_LIVE_Logo_Kuutio-300x300.png 300w, https:\/\/suomenrehtorit.fi\/web\/wp-content\/uploads\/sites\/2\/mcx\/2023-6\/Digiluokka_LIVE_Logo_Kuutio-1024x1024.png 1024w, https:\/\/suomenrehtorit.fi\/web\/wp-content\/uploads\/sites\/2\/mcx\/2023-6\/Digiluokka_LIVE_Logo_Kuutio-150x150.png 150w, https:\/\/suomenrehtorit.fi\/web\/wp-content\/uploads\/sites\/2\/mcx\/2023-6\/Digiluokka_LIVE_Logo_Kuutio-768x768.png 768w, https:\/\/suomenrehtorit.fi\/web\/wp-content\/uploads\/sites\/2\/mcx\/2023-6\/Digiluokka_LIVE_Logo_Kuutio-252x252.png 252w, https:\/\/suomenrehtorit.fi\/web\/wp-content\/uploads\/sites\/2\/mcx\/2023-6\/Digiluokka_LIVE_Logo_Kuutio-522x522.png 522w, https:\/\/suomenrehtorit.fi\/web\/wp-content\/uploads\/sites\/2\/mcx\/2023-6\/Digiluokka_LIVE_Logo_Kuutio-792x792.png 792w, https:\/\/suomenrehtorit.fi\/web\/wp-content\/uploads\/sites\/2\/mcx\/2023-6\/Digiluokka_LIVE_Logo_Kuutio-1062x1062.png 1062w, https:\/\/suomenrehtorit.fi\/web\/wp-content\/uploads\/sites\/2\/mcx\/2023-6\/Digiluokka_LIVE_Logo_Kuutio-72x72.png 72w, https:\/\/suomenrehtorit.fi\/web\/wp-content\/uploads\/sites\/2\/mcx\/2023-6\/Digiluokka_LIVE_Logo_Kuutio-126x126.png 126w, https:\/\/suomenrehtorit.fi\/web\/wp-content\/uploads\/sites\/2\/mcx\/2023-6\/Digiluokka_LIVE_Logo_Kuutio.png 1181w\" sizes=\"auto, (max-width: 300px) 100vw, 300px\" \/><\/p>\n<h2>LUKIOON ERITYISOPETTAJA ONLINE-PALVELUNA KOKO LUKUVUODEKSI<\/h2>\n<p>Usea lukio on t\u00e4n\u00e4 syksyn\u00e4 l\u00e4htenyt vahvistamaan erityisopetusresurssiaan ja -osaamistaan online-erityisopettajan avulla. Uuden palvelun avulla lukio saa kokeneen erityisopettajan ty\u00f6panoksen k\u00e4ytt\u00f6\u00f6ns\u00e4 mihin tahansa lukioon koko lukuvuodeksi elokuusta toukokuuhun.<\/p>\n<p>TutorHousen Digiluokan Online-Erityisope-palvelun sis\u00e4lt\u00f6 m\u00e4\u00e4ritell\u00e4\u00e4n lukion tarpeiden mukaan yhdess\u00e4 rehtorin kanssa. Erityisopettaja voi ottaa vastuun esimerkiksi lukio-opiskelijoiden opiskelutekniikan taitojen kehitt\u00e4misest\u00e4 tai auttaa luki-vaikeuksisia opiskelijoita heid\u00e4n opinnoissaan. Erityisopettaja voi tarvittaessa antaa tukea aineenopettajille ja ryhm\u00e4nohjaajille. Luki-testit ja YTL:n lausunnot hoituvat my\u00f6s helposti Digiluokan Online-Erityisope-palvelun kautta.<\/p>\n<p>Kysy lis\u00e4tietoja \/ pyyd\u00e4 palvelusta esittely: Palvelujohtaja Jukka Oksa, p. 0400 909 055, jukka.oksa@tutorhouse.fi<\/p>\n<p>Tutustu my\u00f6s Digiluokan online-lukiokurssitarjontaan: <a href=\"https:\/\/www.tutorhouse.fi\/digiluokka\/kurssitarjotin-2019-2020\" target=\"_blank\" rel=\"noopener noreferrer\">https:\/\/www.tutorhouse.fi\/digiluokka\/kurssitarjotin-2019-2020\u00a0<\/a><\/p>\n<p>&nbsp;<\/p>\n","protected":false},"excerpt":{"rendered":"<p>Puheenjohtajalta Suomalainen oppilaitosjohtaminen kiinnostaa nyt enemm\u00e4n kuin aikakausiin! Yleissivist\u00e4v\u00e4\u00e4 koulutustamme on kehitetty opettajuus edell\u00e4 ja hyv\u00e4 niin. Kun puhumme koko koulutusj\u00e4rjestelm\u00e4tason kysymyksist\u00e4, on selv\u00e4\u00e4, ett\u00e4 my\u00f6s johtamisella on t\u00e4ss\u00e4 kehitt\u00e4misty\u00f6n kokonaisuudessa oma merkityksens\u00e4. Mielenkiinto ja koulutuksen kehitt\u00e4misen panostukset ovat kuitenkin suuntautuneet ensisijaisesti opetushenkil\u00f6st\u00f6n perus- ja t\u00e4ydennyskoulutuksen kehitt\u00e4miseen. Samoin koulutusalan ammatteihin liittyv\u00e4 huolipuhe on puolestaan kohdistunut &#8230; <a title=\"J\u00e4senkirje 8\/2019\" class=\"read-more\" href=\"https:\/\/suomenrehtorit.fi\/web\/2019\/09\/16\/jasenkirje-8-2019\/\" aria-label=\"Lue lis\u00e4\u00e4 aiheesta J\u00e4senkirje 8\/2019\">Lue lis\u00e4\u00e4<\/a><\/p>\n","protected":false},"author":3,"featured_media":0,"comment_status":"closed","ping_status":"closed","sticky":false,"template":"","format":"standard","meta":{"_uag_custom_page_level_css":"","footnotes":""},"categories":[23,24],"tags":[],"class_list":["post-1327","post","type-post","status-publish","format-standard","hentry","category-jasenkirje","category-uutisarkisto"],"uagb_featured_image_src":{"full":false,"thumbnail":false,"medium":false,"medium_large":false,"large":false,"magazine-cw3":false,"magazine-cw6":false,"magazine-cw9":false,"magazine-cw12":false,"magazine-thumb":false,"magazine-toc":false,"1536x1536":false,"2048x2048":false,"gform-image-choice-sm":false,"gform-image-choice-md":false,"gform-image-choice-lg":false},"uagb_author_info":{"display_name":"Admin","author_link":"https:\/\/suomenrehtorit.fi\/web\/author\/toni-lehtinen\/"},"uagb_comment_info":0,"uagb_excerpt":"Puheenjohtajalta Suomalainen oppilaitosjohtaminen kiinnostaa nyt enemm\u00e4n kuin aikakausiin! Yleissivist\u00e4v\u00e4\u00e4 koulutustamme on kehitetty opettajuus edell\u00e4 ja hyv\u00e4 niin. Kun puhumme koko koulutusj\u00e4rjestelm\u00e4tason kysymyksist\u00e4, on selv\u00e4\u00e4, ett\u00e4 my\u00f6s johtamisella on t\u00e4ss\u00e4 kehitt\u00e4misty\u00f6n kokonaisuudessa oma merkityksens\u00e4. Mielenkiinto ja koulutuksen kehitt\u00e4misen panostukset ovat kuitenkin suuntautuneet ensisijaisesti opetushenkil\u00f6st\u00f6n perus- ja t\u00e4ydennyskoulutuksen kehitt\u00e4miseen. Samoin koulutusalan ammatteihin liittyv\u00e4 huolipuhe on puolestaan kohdistunut&hellip;","_links":{"self":[{"href":"https:\/\/suomenrehtorit.fi\/web\/wp-json\/wp\/v2\/posts\/1327","targetHints":{"allow":["GET"]}}],"collection":[{"href":"https:\/\/suomenrehtorit.fi\/web\/wp-json\/wp\/v2\/posts"}],"about":[{"href":"https:\/\/suomenrehtorit.fi\/web\/wp-json\/wp\/v2\/types\/post"}],"author":[{"embeddable":true,"href":"https:\/\/suomenrehtorit.fi\/web\/wp-json\/wp\/v2\/users\/3"}],"replies":[{"embeddable":true,"href":"https:\/\/suomenrehtorit.fi\/web\/wp-json\/wp\/v2\/comments?post=1327"}],"version-history":[{"count":1,"href":"https:\/\/suomenrehtorit.fi\/web\/wp-json\/wp\/v2\/posts\/1327\/revisions"}],"predecessor-version":[{"id":1809,"href":"https:\/\/suomenrehtorit.fi\/web\/wp-json\/wp\/v2\/posts\/1327\/revisions\/1809"}],"wp:attachment":[{"href":"https:\/\/suomenrehtorit.fi\/web\/wp-json\/wp\/v2\/media?parent=1327"}],"wp:term":[{"taxonomy":"category","embeddable":true,"href":"https:\/\/suomenrehtorit.fi\/web\/wp-json\/wp\/v2\/categories?post=1327"},{"taxonomy":"post_tag","embeddable":true,"href":"https:\/\/suomenrehtorit.fi\/web\/wp-json\/wp\/v2\/tags?post=1327"}],"curies":[{"name":"wp","href":"https:\/\/api.w.org\/{rel}","templated":true}]}}