{"id":1537,"date":"2020-08-26T05:55:28","date_gmt":"2020-08-26T05:55:28","guid":{"rendered":"https:\/\/suomenrehtorit.fi\/web\/?p=1537"},"modified":"2023-08-07T06:46:50","modified_gmt":"2023-08-07T06:46:50","slug":"pro-rexia-ei-jarjesteta-lasnaolotilaisuutena-tana-vuonna","status":"publish","type":"post","link":"https:\/\/suomenrehtorit.fi\/web\/2020\/08\/26\/pro-rexia-ei-jarjesteta-lasnaolotilaisuutena-tana-vuonna\/","title":{"rendered":"Pro Rexi\u00e4 ei j\u00e4rjestet\u00e4 l\u00e4sn\u00e4olotilaisuutena t\u00e4n\u00e4 vuonna!"},"content":{"rendered":"<p>Suomen Rehtorit ry:n hallitus p\u00e4\u00e4tti eilen, ettei Pro Rexi\u00e4 j\u00e4rjestet\u00e4 l\u00e4sn\u00e4olotilaisuutena t\u00e4n\u00e4 vuonna.<\/p>\n<p>Selvit\u00e4mme mahdollisuutta j\u00e4rjest\u00e4\u00e4 virtuaaliseminaari ja infoamme siit\u00e4 pikimmiten.<\/p>\n","protected":false},"excerpt":{"rendered":"<p>Suomen Rehtorit ry:n hallitus p\u00e4\u00e4tti eilen, ettei Pro Rexi\u00e4 j\u00e4rjestet\u00e4 l\u00e4sn\u00e4olotilaisuutena t\u00e4n\u00e4 vuonna. Selvit\u00e4mme mahdollisuutta j\u00e4rjest\u00e4\u00e4 virtuaaliseminaari ja infoamme siit\u00e4 pikimmiten.<\/p>\n","protected":false},"author":3,"featured_media":900,"comment_status":"closed","ping_status":"closed","sticky":false,"template":"","format":"standard","meta":{"_uag_custom_page_level_css":"","footnotes":""},"categories":[25],"tags":[],"class_list":["post-1537","post","type-post","status-publish","format-standard","has-post-thumbnail","hentry","category-etusivun-uutinen"],"uagb_featured_image_src":{"full":["https:\/\/suomenrehtorit.fi\/web\/wp-content\/uploads\/sites\/2\/mcx\/2023-6\/AdobeStock_104653071-scaled-1.jpeg",2560,1707,false],"thumbnail":["https:\/\/suomenrehtorit.fi\/web\/wp-content\/uploads\/sites\/2\/mcx\/2023-6\/AdobeStock_104653071-scaled-1-150x150.jpeg",150,150,true],"medium":["https:\/\/suomenrehtorit.fi\/web\/wp-content\/uploads\/sites\/2\/mcx\/2023-6\/AdobeStock_104653071-scaled-1-300x200.jpeg",300,200,true],"medium_large":["https:\/\/suomenrehtorit.fi\/web\/wp-content\/uploads\/sites\/2\/mcx\/2023-6\/AdobeStock_104653071-scaled-1-768x512.jpeg",768,512,true],"large":["https:\/\/suomenrehtorit.fi\/web\/wp-content\/uploads\/sites\/2\/mcx\/2023-6\/AdobeStock_104653071-scaled-1-1024x683.jpeg",1024,683,true],"magazine-cw3":["https:\/\/suomenrehtorit.fi\/web\/wp-content\/uploads\/sites\/2\/mcx\/2023-6\/AdobeStock_104653071-scaled-1-252x168.jpeg",252,168,true],"magazine-cw6":["https:\/\/suomenrehtorit.fi\/web\/wp-content\/uploads\/sites\/2\/mcx\/2023-6\/AdobeStock_104653071-scaled-1-522x348.jpeg",522,348,true],"magazine-cw9":["https:\/\/suomenrehtorit.fi\/web\/wp-content\/uploads\/sites\/2\/mcx\/2023-6\/AdobeStock_104653071-scaled-1-792x528.jpeg",792,528,true],"magazine-cw12":["https:\/\/suomenrehtorit.fi\/web\/wp-content\/uploads\/sites\/2\/mcx\/2023-6\/AdobeStock_104653071-scaled-1-1062x708.jpeg",1062,708,true],"magazine-thumb":["https:\/\/suomenrehtorit.fi\/web\/wp-content\/uploads\/sites\/2\/mcx\/2023-6\/AdobeStock_104653071-scaled-1-72x72.jpeg",72,72,true],"magazine-toc":["https:\/\/suomenrehtorit.fi\/web\/wp-content\/uploads\/sites\/2\/mcx\/2023-6\/AdobeStock_104653071-scaled-1-126x126.jpeg",126,126,true],"1536x1536":["https:\/\/suomenrehtorit.fi\/web\/wp-content\/uploads\/sites\/2\/mcx\/2023-6\/AdobeStock_104653071-scaled-1-1536x1024.jpeg",1536,1024,true],"2048x2048":["https:\/\/suomenrehtorit.fi\/web\/wp-content\/uploads\/sites\/2\/mcx\/2023-6\/AdobeStock_104653071-scaled-1-2048x1366.jpeg",2048,1366,true],"gform-image-choice-sm":["https:\/\/suomenrehtorit.fi\/web\/wp-content\/uploads\/sites\/2\/mcx\/2023-6\/AdobeStock_104653071-scaled-1.jpeg",300,200,false],"gform-image-choice-md":["https:\/\/suomenrehtorit.fi\/web\/wp-content\/uploads\/sites\/2\/mcx\/2023-6\/AdobeStock_104653071-scaled-1.jpeg",400,267,false],"gform-image-choice-lg":["https:\/\/suomenrehtorit.fi\/web\/wp-content\/uploads\/sites\/2\/mcx\/2023-6\/AdobeStock_104653071-scaled-1.jpeg",600,400,false]},"uagb_author_info":{"display_name":"Admin","author_link":"https:\/\/suomenrehtorit.fi\/web\/author\/toni-lehtinen\/"},"uagb_comment_info":0,"uagb_excerpt":"Suomen Rehtorit ry:n hallitus p\u00e4\u00e4tti eilen, ettei Pro Rexi\u00e4 j\u00e4rjestet\u00e4 l\u00e4sn\u00e4olotilaisuutena t\u00e4n\u00e4 vuonna. Selvit\u00e4mme mahdollisuutta j\u00e4rjest\u00e4\u00e4 virtuaaliseminaari ja infoamme siit\u00e4 pikimmiten.","_links":{"self":[{"href":"https:\/\/suomenrehtorit.fi\/web\/wp-json\/wp\/v2\/posts\/1537","targetHints":{"allow":["GET"]}}],"collection":[{"href":"https:\/\/suomenrehtorit.fi\/web\/wp-json\/wp\/v2\/posts"}],"about":[{"href":"https:\/\/suomenrehtorit.fi\/web\/wp-json\/wp\/v2\/types\/post"}],"author":[{"embeddable":true,"href":"https:\/\/suomenrehtorit.fi\/web\/wp-json\/wp\/v2\/users\/3"}],"replies":[{"embeddable":true,"href":"https:\/\/suomenrehtorit.fi\/web\/wp-json\/wp\/v2\/comments?post=1537"}],"version-history":[{"count":1,"href":"https:\/\/suomenrehtorit.fi\/web\/wp-json\/wp\/v2\/posts\/1537\/revisions"}],"predecessor-version":[{"id":1958,"href":"https:\/\/suomenrehtorit.fi\/web\/wp-json\/wp\/v2\/posts\/1537\/revisions\/1958"}],"wp:featuredmedia":[{"embeddable":true,"href":"https:\/\/suomenrehtorit.fi\/web\/wp-json\/wp\/v2\/media\/900"}],"wp:attachment":[{"href":"https:\/\/suomenrehtorit.fi\/web\/wp-json\/wp\/v2\/media?parent=1537"}],"wp:term":[{"taxonomy":"category","embeddable":true,"href":"https:\/\/suomenrehtorit.fi\/web\/wp-json\/wp\/v2\/categories?post=1537"},{"taxonomy":"post_tag","embeddable":true,"href":"https:\/\/suomenrehtorit.fi\/web\/wp-json\/wp\/v2\/tags?post=1537"}],"curies":[{"name":"wp","href":"https:\/\/api.w.org\/{rel}","templated":true}]}}