{"id":1552,"date":"2020-03-30T06:43:19","date_gmt":"2020-03-30T06:43:19","guid":{"rendered":"https:\/\/suomenrehtorit.fi\/web\/?p=1552"},"modified":"2023-08-07T06:46:51","modified_gmt":"2023-08-07T06:46:51","slug":"rehtorin-viikon-3-tyon-muutosta","status":"publish","type":"post","link":"https:\/\/suomenrehtorit.fi\/web\/2020\/03\/30\/rehtorin-viikon-3-tyon-muutosta\/","title":{"rendered":"Rehtorin viikon 3 ty\u00f6n muutosta"},"content":{"rendered":"<figure id=\"attachment_4577\" aria-describedby=\"caption-attachment-4577\" style=\"width: 950px\" class=\"wp-caption alignnone\"><img loading=\"lazy\" decoding=\"async\" class=\"wp-image-1553 size-full\" src=\"https:\/\/suomenrehtorit.fi\/web\/wp-content\/uploads\/sites\/2\/mcx\/2023-6\/JaanaMinkkinen.jpg\" alt=\"\" width=\"960\" height=\"960\" srcset=\"https:\/\/suomenrehtorit.fi\/web\/wp-content\/uploads\/sites\/2\/mcx\/2023-6\/JaanaMinkkinen.jpg 960w, https:\/\/suomenrehtorit.fi\/web\/wp-content\/uploads\/sites\/2\/mcx\/2023-6\/JaanaMinkkinen-300x300.jpg 300w, https:\/\/suomenrehtorit.fi\/web\/wp-content\/uploads\/sites\/2\/mcx\/2023-6\/JaanaMinkkinen-150x150.jpg 150w, https:\/\/suomenrehtorit.fi\/web\/wp-content\/uploads\/sites\/2\/mcx\/2023-6\/JaanaMinkkinen-768x768.jpg 768w, https:\/\/suomenrehtorit.fi\/web\/wp-content\/uploads\/sites\/2\/mcx\/2023-6\/JaanaMinkkinen-252x252.jpg 252w, https:\/\/suomenrehtorit.fi\/web\/wp-content\/uploads\/sites\/2\/mcx\/2023-6\/JaanaMinkkinen-522x522.jpg 522w, https:\/\/suomenrehtorit.fi\/web\/wp-content\/uploads\/sites\/2\/mcx\/2023-6\/JaanaMinkkinen-792x792.jpg 792w, https:\/\/suomenrehtorit.fi\/web\/wp-content\/uploads\/sites\/2\/mcx\/2023-6\/JaanaMinkkinen-72x72.jpg 72w, https:\/\/suomenrehtorit.fi\/web\/wp-content\/uploads\/sites\/2\/mcx\/2023-6\/JaanaMinkkinen-126x126.jpg 126w\" sizes=\"auto, (max-width: 960px) 100vw, 960px\" \/><figcaption id=\"caption-attachment-4577\" class=\"wp-caption-text\">Kuva: Ella Minkkinen<\/figcaption><\/figure>\n<p style=\"text-align: justify;\">Koulunjohtaja Jaana Minkkisen ty\u00f6m\u00e4\u00e4r\u00e4 on yli kaksinkertaistunut korona-aikana. Lis\u00e4kierrett\u00e4 viime viikkoon toivat ministeri\u00f6n yll\u00e4tt\u00e4v\u00e4 uusi m\u00e4\u00e4r\u00e4ys sek\u00e4 oma karanteeni.<\/p>\n<p style=\"text-align: justify;\">Liperil\u00e4isen Salokyl\u00e4n kyl\u00e4koulun johtaja Jaana Minkkinen vastaa 78 alakoululaisen ja eskarilaisen sek\u00e4 4\u20136 opettajan p\u00e4ivitt\u00e4isen ty\u00f6n luotsaamisesta. Lis\u00e4ksi h\u00e4n opettaa 22 tuntia viikossa 21 oppilaan luokkaansa, jossa on 9 tehostettua tai erityist\u00e4 tukea saavaa oppilasta.<\/p>\n<p style=\"text-align: justify;\">Salokyl\u00e4ll\u00e4 asuu paljon kriittisiin ammattiryhmiin lukeutuvia vanhempia, joten oppilaita on l\u00e4hiopetuksessa koululla enimmill\u00e4\u00e4n 10 p\u00e4iv\u00e4ss\u00e4. Vanhempien ty\u00f6vuorojen vaihtelu vaikuttaa my\u00f6s siihen, ett\u00e4 eri p\u00e4ivin\u00e4 l\u00e4hiopetuksessa on eri m\u00e4\u00e4r\u00e4 lapsia. Jaana Minkkinen listasi kolme asiaa, jotka korona-aika on h\u00e4nen ty\u00f6ss\u00e4\u00e4n muuttanut.<\/p>\n<p style=\"text-align: justify;\">1. Et\u00e4opetus muutti ty\u00f6n p\u00e4ivyst\u00e4miseksi<\/p>\n<p style=\"text-align: justify;\">T\u00e4h\u00e4n menness\u00e4 olen onnistunut tekem\u00e4\u00e4n ty\u00f6ni koulussa enk\u00e4 ole vienyt t\u00f6it\u00e4 kotiin. Nyt olen ollut pahimpana p\u00e4iv\u00e4n\u00e4 13 tuntia putkeen koneen \u00e4\u00e4ress\u00e4. Rauhoittelen nuoria opettajia, jotka tekev\u00e4t paljon suunnitelmia ja hienoa ylim\u00e4\u00e4r\u00e4ist\u00e4 ty\u00f6t\u00e4. T\u00e4m\u00e4 kun ei meinaa en\u00e4\u00e4 pysy\u00e4 kohtuullisuuden rajoissa. On kuitenkin pakko olla vaativa my\u00f6s et\u00e4n\u00e4, jos aikoo pit\u00e4\u00e4 porukan mukana. Usein se vaatii koteihin soittelua ja kysely\u00e4 palauttamattomien teht\u00e4vien per\u00e4\u00e4n. Teen kuitenkin pitk\u00e4t p\u00e4iv\u00e4t mieluummin arkena kuin viikonloppuna. Ja onneksi meill\u00e4 on aivan mahtava porukka, jossa pieni keljuilukin on p\u00e4iv\u00e4n piristys ja huumori ty\u00f6n suola.<\/p>\n<p style=\"text-align: justify;\">2. Ennakoimattomuus on jatkuva seuralainen<\/p>\n<p style=\"text-align: justify;\">Toissa perjantaina ministeri\u00f6st\u00e4 tuli yht\u00e4kki\u00e4 tieto, ett\u00e4 1.\u20133.-luokkalaiset saavatkin tulla et\u00e4opetuksesta l\u00e4hiopetukseen seuraavan viikon alussa. Se oli j\u00e4rkytys, ja perjantaista tuli pitk\u00e4 p\u00e4iv\u00e4. Ensin neuvottelin rehtorien ja sitten ruokahuollon kanssa. Mietimme jo valmiiksi koulukyytej\u00e4kin. Pahimmassa tapauksessa olisi pit\u00e4nyt jakaa jokainen luokka kahdelle opettajalle: toinen l\u00e4hi- ja toinen et\u00e4opetusta varten. Lopulta meille ei tullut yht\u00e4\u00e4n lis\u00e4oppilasta l\u00e4hiopetukseen. Nyt teen itse et\u00e4n\u00e4 sek\u00e4 opettajan ett\u00e4 esimiehen t\u00f6it\u00e4. Asetin my\u00f6s itseni vapaaehtoisesti karanteeniin, sill\u00e4 kuulin vasta j\u00e4lkeenp\u00e4in olleeni tekemisiss\u00e4 sellaisen henkil\u00f6n kanssa, joka oli palannut ulkomailta ilman karanteenia.<\/p>\n<p style=\"text-align: justify;\">3. J\u00e4rjest\u00e4misen j\u00e4lkeen j\u00e4rjest\u00e4n viel\u00e4 uudelleen<\/p>\n<p style=\"text-align: justify;\">Omilla oppilaillani p\u00e4\u00e4ttyi juuri jakso, jossa opeteltiin murtoluvut. Kun en keksinyt, miten pid\u00e4n kokeen luotettavasti et\u00e4n\u00e4, p\u00e4\u00e4tin, ett\u00e4 en j\u00e4rjest\u00e4 koetta. Sen ehtii my\u00f6hemminkin. Olen tehnyt opettajille lukuj\u00e4rjestyksen siit\u00e4, kuka on milloinkin l\u00e4hiopetusvuorossa. Oppilasm\u00e4\u00e4r\u00e4n p\u00e4ivitt\u00e4inen vaihtelu tuo lis\u00e4haastetta t\u00e4h\u00e4n junailuun. Oppilaat opiskelevat entisen lukuj\u00e4rjestyksen mukaan. Suunnittelen heille Wilman kautta teht\u00e4v\u00e4t ja ajastan ne l\u00e4htem\u00e4\u00e4n arkisin aamukahdeksalta. He tekev\u00e4t teht\u00e4v\u00e4t ty\u00f6kirjaansa ja l\u00e4hett\u00e4v\u00e4t ty\u00f6ns\u00e4 tuloksista WhatsAppilla kuvan. Tarkistan ne kaikki ja annan palautteet. Musiikkitunnilla pyysin jokaista l\u00e4hett\u00e4m\u00e4\u00e4n linkin suosikkikappaleestaan, ja huomiseksi laitan kaikille mukikakun reseptin toteutettavaksi. Perusarki on saatu py\u00f6rim\u00e4\u00e4n, ja jokaisella opettajalla on omat j\u00e4rjestelyns\u00e4. Isommilla oppilailla on k\u00e4yt\u00f6ss\u00e4\u00e4n Office-ty\u00f6kalut, jotka eiv\u00e4t kuormita verkkoa liikaa.<\/p>\n<p style=\"text-align: justify;\">Alkavaa viikkoa odotan toiveikkain liikunta-ajatuksin. Aion tehd\u00e4 itselleni lukuj\u00e4rjestyksen, jotta p\u00e4iv\u00e4t eiv\u00e4t menisi istuessa. Normaalisti ty\u00f6ss\u00e4 tulee liikuttua koko ajan, mutta nyt istun enimm\u00e4kseen paikallani. Alan merkata lukuj\u00e4rjestykseeni 45 minuutin v\u00e4lein liikuntahetken ja laitan k\u00e4nnykk\u00e4\u00e4n h\u00e4lytyksen. Sitten vaikka ulkoilen v\u00e4h\u00e4n aikaa ja kannustan oppilaatkin taukoliikuntaan.<\/p>\n","protected":false},"excerpt":{"rendered":"<p>Koulunjohtaja Jaana Minkkisen ty\u00f6m\u00e4\u00e4r\u00e4 on yli kaksinkertaistunut korona-aikana. Lis\u00e4kierrett\u00e4 viime viikkoon toivat ministeri\u00f6n yll\u00e4tt\u00e4v\u00e4 uusi m\u00e4\u00e4r\u00e4ys sek\u00e4 oma karanteeni. Liperil\u00e4isen Salokyl\u00e4n kyl\u00e4koulun johtaja Jaana Minkkinen vastaa 78 alakoululaisen ja eskarilaisen sek\u00e4 4\u20136 opettajan p\u00e4ivitt\u00e4isen ty\u00f6n luotsaamisesta. Lis\u00e4ksi h\u00e4n opettaa 22 tuntia viikossa 21 oppilaan luokkaansa, jossa on 9 tehostettua tai erityist\u00e4 tukea saavaa oppilasta. Salokyl\u00e4ll\u00e4 &#8230; <a title=\"Rehtorin viikon 3 ty\u00f6n muutosta\" class=\"read-more\" href=\"https:\/\/suomenrehtorit.fi\/web\/2020\/03\/30\/rehtorin-viikon-3-tyon-muutosta\/\" aria-label=\"Lue lis\u00e4\u00e4 aiheesta Rehtorin viikon 3 ty\u00f6n muutosta\">Lue lis\u00e4\u00e4<\/a><\/p>\n","protected":false},"author":3,"featured_media":1553,"comment_status":"closed","ping_status":"closed","sticky":false,"template":"","format":"standard","meta":{"_uag_custom_page_level_css":"","footnotes":""},"categories":[25,24],"tags":[],"class_list":["post-1552","post","type-post","status-publish","format-standard","has-post-thumbnail","hentry","category-etusivun-uutinen","category-uutisarkisto"],"uagb_featured_image_src":{"full":["https:\/\/suomenrehtorit.fi\/web\/wp-content\/uploads\/sites\/2\/mcx\/2023-6\/JaanaMinkkinen.jpg",960,960,false],"thumbnail":["https:\/\/suomenrehtorit.fi\/web\/wp-content\/uploads\/sites\/2\/mcx\/2023-6\/JaanaMinkkinen-150x150.jpg",150,150,true],"medium":["https:\/\/suomenrehtorit.fi\/web\/wp-content\/uploads\/sites\/2\/mcx\/2023-6\/JaanaMinkkinen-300x300.jpg",300,300,true],"medium_large":["https:\/\/suomenrehtorit.fi\/web\/wp-content\/uploads\/sites\/2\/mcx\/2023-6\/JaanaMinkkinen-768x768.jpg",768,768,true],"large":["https:\/\/suomenrehtorit.fi\/web\/wp-content\/uploads\/sites\/2\/mcx\/2023-6\/JaanaMinkkinen.jpg",960,960,false],"magazine-cw3":["https:\/\/suomenrehtorit.fi\/web\/wp-content\/uploads\/sites\/2\/mcx\/2023-6\/JaanaMinkkinen-252x252.jpg",252,252,true],"magazine-cw6":["https:\/\/suomenrehtorit.fi\/web\/wp-content\/uploads\/sites\/2\/mcx\/2023-6\/JaanaMinkkinen-522x522.jpg",522,522,true],"magazine-cw9":["https:\/\/suomenrehtorit.fi\/web\/wp-content\/uploads\/sites\/2\/mcx\/2023-6\/JaanaMinkkinen-792x792.jpg",792,792,true],"magazine-cw12":["https:\/\/suomenrehtorit.fi\/web\/wp-content\/uploads\/sites\/2\/mcx\/2023-6\/JaanaMinkkinen.jpg",960,960,false],"magazine-thumb":["https:\/\/suomenrehtorit.fi\/web\/wp-content\/uploads\/sites\/2\/mcx\/2023-6\/JaanaMinkkinen-72x72.jpg",72,72,true],"magazine-toc":["https:\/\/suomenrehtorit.fi\/web\/wp-content\/uploads\/sites\/2\/mcx\/2023-6\/JaanaMinkkinen-126x126.jpg",126,126,true],"1536x1536":["https:\/\/suomenrehtorit.fi\/web\/wp-content\/uploads\/sites\/2\/mcx\/2023-6\/JaanaMinkkinen.jpg",960,960,false],"2048x2048":["https:\/\/suomenrehtorit.fi\/web\/wp-content\/uploads\/sites\/2\/mcx\/2023-6\/JaanaMinkkinen.jpg",960,960,false],"gform-image-choice-sm":["https:\/\/suomenrehtorit.fi\/web\/wp-content\/uploads\/sites\/2\/mcx\/2023-6\/JaanaMinkkinen.jpg",300,300,false],"gform-image-choice-md":["https:\/\/suomenrehtorit.fi\/web\/wp-content\/uploads\/sites\/2\/mcx\/2023-6\/JaanaMinkkinen.jpg",400,400,false],"gform-image-choice-lg":["https:\/\/suomenrehtorit.fi\/web\/wp-content\/uploads\/sites\/2\/mcx\/2023-6\/JaanaMinkkinen.jpg",600,600,false]},"uagb_author_info":{"display_name":"Admin","author_link":"https:\/\/suomenrehtorit.fi\/web\/author\/toni-lehtinen\/"},"uagb_comment_info":0,"uagb_excerpt":"Koulunjohtaja Jaana Minkkisen ty\u00f6m\u00e4\u00e4r\u00e4 on yli kaksinkertaistunut korona-aikana. Lis\u00e4kierrett\u00e4 viime viikkoon toivat ministeri\u00f6n yll\u00e4tt\u00e4v\u00e4 uusi m\u00e4\u00e4r\u00e4ys sek\u00e4 oma karanteeni. Liperil\u00e4isen Salokyl\u00e4n kyl\u00e4koulun johtaja Jaana Minkkinen vastaa 78 alakoululaisen ja eskarilaisen sek\u00e4 4\u20136 opettajan p\u00e4ivitt\u00e4isen ty\u00f6n luotsaamisesta. Lis\u00e4ksi h\u00e4n opettaa 22 tuntia viikossa 21 oppilaan luokkaansa, jossa on 9 tehostettua tai erityist\u00e4 tukea saavaa oppilasta. Salokyl\u00e4ll\u00e4&hellip;","_links":{"self":[{"href":"https:\/\/suomenrehtorit.fi\/web\/wp-json\/wp\/v2\/posts\/1552","targetHints":{"allow":["GET"]}}],"collection":[{"href":"https:\/\/suomenrehtorit.fi\/web\/wp-json\/wp\/v2\/posts"}],"about":[{"href":"https:\/\/suomenrehtorit.fi\/web\/wp-json\/wp\/v2\/types\/post"}],"author":[{"embeddable":true,"href":"https:\/\/suomenrehtorit.fi\/web\/wp-json\/wp\/v2\/users\/3"}],"replies":[{"embeddable":true,"href":"https:\/\/suomenrehtorit.fi\/web\/wp-json\/wp\/v2\/comments?post=1552"}],"version-history":[{"count":1,"href":"https:\/\/suomenrehtorit.fi\/web\/wp-json\/wp\/v2\/posts\/1552\/revisions"}],"predecessor-version":[{"id":1969,"href":"https:\/\/suomenrehtorit.fi\/web\/wp-json\/wp\/v2\/posts\/1552\/revisions\/1969"}],"wp:featuredmedia":[{"embeddable":true,"href":"https:\/\/suomenrehtorit.fi\/web\/wp-json\/wp\/v2\/media\/1553"}],"wp:attachment":[{"href":"https:\/\/suomenrehtorit.fi\/web\/wp-json\/wp\/v2\/media?parent=1552"}],"wp:term":[{"taxonomy":"category","embeddable":true,"href":"https:\/\/suomenrehtorit.fi\/web\/wp-json\/wp\/v2\/categories?post=1552"},{"taxonomy":"post_tag","embeddable":true,"href":"https:\/\/suomenrehtorit.fi\/web\/wp-json\/wp\/v2\/tags?post=1552"}],"curies":[{"name":"wp","href":"https:\/\/api.w.org\/{rel}","templated":true}]}}