{"id":1563,"date":"2021-12-21T13:41:41","date_gmt":"2021-12-21T13:41:41","guid":{"rendered":"https:\/\/suomenrehtorit.fi\/web\/?p=1563"},"modified":"2023-08-07T06:46:14","modified_gmt":"2023-08-07T06:46:14","slug":"rehtorit-uusista-koronatoimista-mieluummin-etaopiskelu-kuin-loman-pidennys","status":"publish","type":"post","link":"https:\/\/suomenrehtorit.fi\/web\/2021\/12\/21\/rehtorit-uusista-koronatoimista-mieluummin-etaopiskelu-kuin-loman-pidennys\/","title":{"rendered":"Rehtorit uusista koronatoimista: Mieluummin et\u00e4opiskelu kuin loman pidennys"},"content":{"rendered":"<p><strong>Jopa 85 prosenttia rehtoreista siirtyisi koulussaan mieluummin et\u00e4opetukseen kuin pident\u00e4isi joululomaa, jos koulujen rajoitustoimia pit\u00e4\u00e4 lis\u00e4t\u00e4 koronan takia. Moni kuitenkin muistuttaa, ett\u00e4 nykyiset rajoitukset riitt\u00e4v\u00e4t eik\u00e4 uusia tarvita. Henkil\u00f6st\u00f6n jaksaminen on kovilla kaikkialla.<\/strong><\/p>\n<p>Suomen Rehtoreiden kyselyyn uusista rajoitustoimista vastasi t\u00e4n\u00e4\u00e4n reilut 300 ala- ja yl\u00e4koulujen sek\u00e4 lukioiden ja yhten\u00e4iskoulujen rehtoria. 85 prosenttia heist\u00e4 kannattaa ensisijaisesti et\u00e4opetukseen siirtymist\u00e4 ja 15 prosenttia joululoman pident\u00e4mist\u00e4, jos n\u00e4iden kahden v\u00e4lilt\u00e4 pit\u00e4isi valita.<\/p>\n<p>Et\u00e4opiskelua kannattavien rehtoreiden mukaan se on kouluissa jo tuttua ja sit\u00e4 varten on valmis teknologia.<\/p>\n<p>\u201dValmius siirty\u00e4 et\u00e4opiskeluun on hyv\u00e4 ja k\u00e4yt\u00e4nn\u00f6ss\u00e4 koeteltu. Lukiossa joululoman pident\u00e4minen aiheuttaisi ongelmia kev\u00e4\u00e4n ylioppilaskirjoitusten aikatauluun. Lukio on aikataulutettu tiukasti, edess\u00e4 ovat tentit, prelimin\u00e4\u00e4rikokeet ja kirjoitukset. Ei t\u00e4\u00e4ll\u00e4 ehdi lomailemaan\u201d, lukion rehtorit perustelevat.<\/p>\n<p>Loman pident\u00e4minen siirt\u00e4isi my\u00f6s lukuvuoden lopetusta, jolloin esimerkiksi toisen asteen hakuihin tulisi ongelmia.<\/p>\n<p>\u201dJoululoman pident\u00e4minen olisi ongelman siirt\u00e4mist\u00e4. Se lykk\u00e4isi my\u00f6s koulun p\u00e4\u00e4tt\u00e4j\u00e4iset my\u00f6hemm\u00e4lle kes\u00e4\u00e4n. Siirroista koituisi perheille sek\u00e4 koulujen henkil\u00f6st\u00f6lle monia hankalia j\u00e4rjestelyj\u00e4, ja lasten eriarvoisuus lis\u00e4\u00e4ntyisi perheiden erilaisten tilanteiden vuoksi\u201d, rehtorit perustelevat.<\/p>\n<p>Et\u00e4opetuksen kannattajat korostavat, ett\u00e4 se takaisi koululaisille opetuksen saamisen. Koululaisilla s\u00e4ilyisi sen aikana opiskelurutiini ja he tapaisivat \u2013 vaikkakin et\u00e4n\u00e4 \u2013 toisiaan sek\u00e4 saisivat erityisopettajan ja ohjaajan tukea.<\/p>\n<p><strong>Et\u00e4opetus vaatii talkoilua<\/strong><strong><\/p>\n<p><\/strong><\/p>\n<p>Et\u00e4opetusta my\u00f6s vastustetaan monista syist\u00e4 \u2013 ei v\u00e4hiten siksi, ett\u00e4 aiempien et\u00e4jaksojen aiheuttamaa hyvinvointi- ja osaamisvajetta korjataan kouluissa parhaillaan.<\/p>\n<p>\u201dEt\u00e4opetus kuormittaa oppilaita, perheit\u00e4 ja opettajia kohtuuttomasti. My\u00f6s laatuero l\u00e4hiopetukseen on iso. Et\u00e4opetuksen aloittaminen vaatisi opettajilta ja rehtoreilta talkoilua omalla ajalla, kun pit\u00e4isi tehd\u00e4 j\u00e4lleen uusia j\u00e4rjestelyj\u00e4\u201d, perustelevat ne rehtorit, joille joululoman pident\u00e4minen olisi mieluisampi vaihtoehto.<\/p>\n<p>Moni on kuitenkin sit\u00e4 mielt\u00e4, ett\u00e4 kumpikaan ratkaisu ei ole hyv\u00e4, vaan kouluty\u00f6t\u00e4 tulee jatkaa normaalisti l\u00e4hiopetuksena heti joululoman j\u00e4lkeen.<\/p>\n<p>\u201dUusiakin korona-aaltoja tulee viel\u00e4. En oikein ymm\u00e4rr\u00e4 t\u00e4t\u00e4 panikointia. T\u00e4m\u00e4n kanssa tulee oppia el\u00e4m\u00e4\u00e4n, ja uudet rajoitukset kuormittavat opettajia entist\u00e4 enemm\u00e4n\u201d, yksi kyselyyn vastanneista rehtoreista toteaa.<\/p>\n<p>Toinen korostaa, ett\u00e4 l\u00e4hiopetus on oppilaille paras opiskelumuoto ja oppilashuolto toimii sen aikana tehokkaimmin.<\/p>\n<p><strong>Rajoitukset alkavat olla tapissa<\/strong><\/p>\n<p>Rehtorit kertovat Suomen Rehtoreiden tuoreessa kyselyss\u00e4, ett\u00e4 kouluissa ja oppilaitoksissa on k\u00e4yt\u00f6ss\u00e4 jo laaja rajoitusten kirjo. Nykyisill\u00e4 keinoilla ja niiden s\u00e4\u00e4t\u00e4misell\u00e4 p\u00e4rj\u00e4t\u00e4\u00e4n osan mielest\u00e4 hyvin sen sijaan ett\u00e4 turvauduttaisiin esimerkiksi loman pident\u00e4misen kaltaisiin uusiin ratkaisuihin.<\/p>\n<p>\u201dRajoituksissa ollaan jo melkein tapissa eik\u00e4 kouluissa pystyt\u00e4 en\u00e4\u00e4 lis\u00e4rajoituksin rajaamaan tartuttavuutta. V\u00e4lt\u00e4mme kontakteja kaikin mahdollisin tavoin, ja k\u00e4yt\u00f6ss\u00e4 ovat niin maskit kuin turvav\u00e4lit, ruokailujen ja v\u00e4lituntien porrastukset, tuuletukset, k\u00e4sihygienia ja muutkin hyviksi havaitut keinot. Rajoitukset on jatkossakin m\u00e4\u00e4ritelt\u00e4v\u00e4 aluekohtaisesti epidemiatilanteen mukaan\u201d, moni kyselyyn vastannut rehtori toteaa.<\/p>\n<p>Osan mielest\u00e4 maskit pit\u00e4isi m\u00e4\u00e4r\u00e4t\u00e4 koulussa pakollisiksi, ja muutama rehtori per\u00e4\u00e4nkuuluttaa ty\u00f6nantajan oikeutta tiet\u00e4\u00e4 henkil\u00f6kunnan rokotesuojasta. Vastaajien joukossa on useampia, joiden mielest\u00e4 kaikille ty\u00f6paikoille tulisi s\u00e4\u00e4t\u00e4\u00e4 koronapassien tarkistusvelvollisuus.<\/p>\n<p>\u201dJos passia ei ole, ei voi tulla t\u00f6ihin ja aika on palkatonta. T\u00e4m\u00e4n pit\u00e4isi koskea my\u00f6s kaikkia oppilaitoksia.\u201d<\/p>\n<p><strong>Voimat ovat lopussa<\/strong><\/p>\n<p>Moni rehtori kertoo kyselyss\u00e4 niist\u00e4 ponnisteluista, joihin henkil\u00f6st\u00f6 on kouluissa koko korona-ajan venynyt.<\/p>\n<p>\u201dKriisiss\u00e4 asioita on vaikea suunnitella etuk\u00e4teen. Ponnisteluja tarvitaan taas, vaikka voimat alkavat hiipua. Parhaamme teemme taas kerran. Henkil\u00f6kunta v\u00e4syy, ja ty\u00f6nantajalta tarvitaan helpotusta hankehumppaan, ty\u00f6teht\u00e4vien prorisointia \u2013 turha s\u00e4l\u00e4 ja kirjaaminen pois \u2013 ja palkkioita ty\u00f6ntekij\u00f6ille\u201d, rehtorit vaativat.<\/p>\n<p>Vastausten mukaan rehtoreille on siirretty muiden viranomaisen t\u00f6it\u00e4 ja he ovat valmiudessa 24\/7. Koulut ja rehtorit ovat hoitaneet koronaj\u00e4ljityksi\u00e4, tehneet koronatiedotteita huoltajille ja jakaneet ruokakasseja \u2013 eli hoitaneet sek\u00e4 perusturvan ett\u00e4 palveluliikelaitoksen ruokahuoltoteht\u00e4vi\u00e4.<\/p>\n<p>\u201dSote-henkil\u00f6st\u00f6\u00e4 huomioidaan ja heid\u00e4n jaksamisestaan ollaan huolissaan, mutta koronan etulinjassa olleiden koulujen ja p\u00e4iv\u00e4kotien henkil\u00f6st\u00f6n jaksaminen on todellisessa vaarassa. Lis\u00e4ksi olemme tartuntavaarassa ilman suojav\u00e4lineist\u00f6\u00e4, eik\u00e4 rokotuksiammekaan ole aikaistettu.\u201d<\/p>\n<p>Jokainen ymm\u00e4rt\u00e4\u00e4, ett\u00e4 h\u00e4t\u00e4tilanteessa on toimittava.<\/p>\n<p>\u201dKoulun toimintakulttuurin kehitt\u00e4mist\u00e4 ja koulun pedagogista johtamista ei ole kuitenkaan pystynyt tai ehtinyt mietti\u00e4 kahden viime lukuvuoden aikana.\u201d<\/p>\n<p><strong>Tiedotus lietsoo ep\u00e4varmuutta<br \/>\n<\/strong><br \/>\nViimeaikaista koronatiedottamista rehtorit kuvailevat keskim\u00e4\u00e4rin kuutosen arvosanalla.<\/p>\n<p>\u201dT\u00e4m\u00e4nhetkinen tiedotus lietsoo suurta paniikkia, viel\u00e4 suurempaa ep\u00e4tietoisuutta ja j\u00e4lleen kerran esimerkiksi rehtoreiden joululomien ep\u00e4varmuutta. Parin vuoden ep\u00e4varmuuden jatkuminen ja ylim\u00e4\u00e4r\u00e4inen ty\u00f6kuormitus vaatisi mahdollisuutta palautua ty\u00f6st\u00e4. Jouluviikolla mahdollisesti annettavat lis\u00e4rajoitukset teet\u00e4tt\u00e4v\u00e4t j\u00e4lleen lis\u00e4ty\u00f6t\u00e4 ennen koulujen alkua\u201d, yksi kyselyyn vastanneista rehtoreista muistuttaa.<\/p>\n<p>&nbsp;<\/p>\n<p>Toinen rehtori arvelee, ett\u00e4 valtakunnallisen ohjeistuksen sekavuus on johtanut kouluissa paikoin v\u00e4linpit\u00e4m\u00e4tt\u00f6myyteen ja v\u00e4symykseen. Useampi vastaaja toivoo, ett\u00e4 koulua koskevien rajoitusten sijaan mietitt\u00e4isiin yleis\u00f6tilaisuuksien nykyist\u00e4 tiukempaa rajoittamista.<\/p>\n<p>&nbsp;<\/p>\n<p>\u201dRajoitukset pit\u00e4\u00e4 ensin saada muualla kohdilleen. Vaikka se onkin ik\u00e4v\u00e4\u00e4, niin ensin ravintolat ja tapahtumat kiinni ja aikuisia koskevat rajoitukset kovemmiksi! On harkittava eritt\u00e4in tarkasti, mit\u00e4 rajoituksia on j\u00e4rkev\u00e4\u00e4 kohdistaa lapsiin. Tukipalveluihin on valtion ohjattava lis\u00e4\u00e4 rahaa, tarve ei ole poistumassa l\u00e4hiaikoina.\u201d<\/p>\n<p>&nbsp;<\/p>\n<p>Kyselyn avoimista vastauksista k\u00e4y selv\u00e4ksi, ett\u00e4 mitta on monessa koulussa t\u00e4ynn\u00e4.<\/p>\n<p>&nbsp;<\/p>\n<p>\u201dKoulujen tilanne alkaa olla kest\u00e4m\u00e4t\u00f6n. Henkil\u00f6kunnan kuormitus on suuri. Opettajia ja ohjaajia on paljon sairaana, koronatoimet aiheuttavat paljon uutta henkist\u00e4 ty\u00f6kuormaa ja ty\u00f6m\u00e4\u00e4r\u00e4 lis\u00e4\u00e4ntyy. Nyt tulisi joululoma tarpeeseen, mutta tuleeko meille lomaa vai meneek\u00f6 se kev\u00e4tlukukauden uudelleen suunnitteluun?\u201d<\/p>\n<p>[gview file=&#8221;https:\/\/surefire.fi\/web\/wp-content\/uploads\/sites\/2\/2021\/12\/Rehtorit-uusista-koronatoimista-21122021.pdf&#8221;]<\/p>\n","protected":false},"excerpt":{"rendered":"<p>Jopa 85 prosenttia rehtoreista siirtyisi koulussaan mieluummin et\u00e4opetukseen kuin pident\u00e4isi joululomaa, jos koulujen rajoitustoimia pit\u00e4\u00e4 lis\u00e4t\u00e4 koronan takia. Moni kuitenkin muistuttaa, ett\u00e4 nykyiset rajoitukset riitt\u00e4v\u00e4t eik\u00e4 uusia tarvita. Henkil\u00f6st\u00f6n jaksaminen on kovilla kaikkialla. Suomen Rehtoreiden kyselyyn uusista rajoitustoimista vastasi t\u00e4n\u00e4\u00e4n reilut 300 ala- ja yl\u00e4koulujen sek\u00e4 lukioiden ja yhten\u00e4iskoulujen rehtoria. 85 prosenttia heist\u00e4 kannattaa ensisijaisesti &#8230; <a title=\"Rehtorit uusista koronatoimista: Mieluummin et\u00e4opiskelu kuin loman pidennys\" class=\"read-more\" href=\"https:\/\/suomenrehtorit.fi\/web\/2021\/12\/21\/rehtorit-uusista-koronatoimista-mieluummin-etaopiskelu-kuin-loman-pidennys\/\" aria-label=\"Lue lis\u00e4\u00e4 aiheesta Rehtorit uusista koronatoimista: Mieluummin et\u00e4opiskelu kuin loman pidennys\">Lue lis\u00e4\u00e4<\/a><\/p>\n","protected":false},"author":3,"featured_media":1031,"comment_status":"closed","ping_status":"closed","sticky":false,"template":"","format":"standard","meta":{"_uag_custom_page_level_css":"","footnotes":""},"categories":[25],"tags":[],"class_list":["post-1563","post","type-post","status-publish","format-standard","has-post-thumbnail","hentry","category-etusivun-uutinen"],"uagb_featured_image_src":{"full":["https:\/\/suomenrehtorit.fi\/web\/wp-content\/uploads\/sites\/2\/mcx\/2023-6\/AdobeStock_299381864-scaled-2.jpeg",2560,1440,false],"thumbnail":["https:\/\/suomenrehtorit.fi\/web\/wp-content\/uploads\/sites\/2\/mcx\/2023-6\/AdobeStock_299381864-scaled-2-150x150.jpeg",150,150,true],"medium":["https:\/\/suomenrehtorit.fi\/web\/wp-content\/uploads\/sites\/2\/mcx\/2023-6\/AdobeStock_299381864-scaled-2-300x169.jpeg",300,169,true],"medium_large":["https:\/\/suomenrehtorit.fi\/web\/wp-content\/uploads\/sites\/2\/mcx\/2023-6\/AdobeStock_299381864-scaled-2-768x432.jpeg",768,432,true],"large":["https:\/\/suomenrehtorit.fi\/web\/wp-content\/uploads\/sites\/2\/mcx\/2023-6\/AdobeStock_299381864-scaled-2-1024x576.jpeg",1024,576,true],"magazine-cw3":["https:\/\/suomenrehtorit.fi\/web\/wp-content\/uploads\/sites\/2\/mcx\/2023-6\/AdobeStock_299381864-scaled-2-252x142.jpeg",252,142,true],"magazine-cw6":["https:\/\/suomenrehtorit.fi\/web\/wp-content\/uploads\/sites\/2\/mcx\/2023-6\/AdobeStock_299381864-scaled-2-522x294.jpeg",522,294,true],"magazine-cw9":["https:\/\/suomenrehtorit.fi\/web\/wp-content\/uploads\/sites\/2\/mcx\/2023-6\/AdobeStock_299381864-scaled-2-792x446.jpeg",792,446,true],"magazine-cw12":["https:\/\/suomenrehtorit.fi\/web\/wp-content\/uploads\/sites\/2\/mcx\/2023-6\/AdobeStock_299381864-scaled-2-1062x597.jpeg",1062,597,true],"magazine-thumb":["https:\/\/suomenrehtorit.fi\/web\/wp-content\/uploads\/sites\/2\/mcx\/2023-6\/AdobeStock_299381864-scaled-2-72x72.jpeg",72,72,true],"magazine-toc":["https:\/\/suomenrehtorit.fi\/web\/wp-content\/uploads\/sites\/2\/mcx\/2023-6\/AdobeStock_299381864-scaled-2-126x126.jpeg",126,126,true],"1536x1536":["https:\/\/suomenrehtorit.fi\/web\/wp-content\/uploads\/sites\/2\/mcx\/2023-6\/AdobeStock_299381864-scaled-2-1536x864.jpeg",1536,864,true],"2048x2048":["https:\/\/suomenrehtorit.fi\/web\/wp-content\/uploads\/sites\/2\/mcx\/2023-6\/AdobeStock_299381864-scaled-2-2048x1152.jpeg",2048,1152,true],"gform-image-choice-sm":["https:\/\/suomenrehtorit.fi\/web\/wp-content\/uploads\/sites\/2\/mcx\/2023-6\/AdobeStock_299381864-scaled-2.jpeg",300,169,false],"gform-image-choice-md":["https:\/\/suomenrehtorit.fi\/web\/wp-content\/uploads\/sites\/2\/mcx\/2023-6\/AdobeStock_299381864-scaled-2.jpeg",400,225,false],"gform-image-choice-lg":["https:\/\/suomenrehtorit.fi\/web\/wp-content\/uploads\/sites\/2\/mcx\/2023-6\/AdobeStock_299381864-scaled-2.jpeg",600,338,false]},"uagb_author_info":{"display_name":"Admin","author_link":"https:\/\/suomenrehtorit.fi\/web\/author\/toni-lehtinen\/"},"uagb_comment_info":0,"uagb_excerpt":"Jopa 85 prosenttia rehtoreista siirtyisi koulussaan mieluummin et\u00e4opetukseen kuin pident\u00e4isi joululomaa, jos koulujen rajoitustoimia pit\u00e4\u00e4 lis\u00e4t\u00e4 koronan takia. Moni kuitenkin muistuttaa, ett\u00e4 nykyiset rajoitukset riitt\u00e4v\u00e4t eik\u00e4 uusia tarvita. Henkil\u00f6st\u00f6n jaksaminen on kovilla kaikkialla. Suomen Rehtoreiden kyselyyn uusista rajoitustoimista vastasi t\u00e4n\u00e4\u00e4n reilut 300 ala- ja yl\u00e4koulujen sek\u00e4 lukioiden ja yhten\u00e4iskoulujen rehtoria. 85 prosenttia heist\u00e4 kannattaa ensisijaisesti&hellip;","_links":{"self":[{"href":"https:\/\/suomenrehtorit.fi\/web\/wp-json\/wp\/v2\/posts\/1563","targetHints":{"allow":["GET"]}}],"collection":[{"href":"https:\/\/suomenrehtorit.fi\/web\/wp-json\/wp\/v2\/posts"}],"about":[{"href":"https:\/\/suomenrehtorit.fi\/web\/wp-json\/wp\/v2\/types\/post"}],"author":[{"embeddable":true,"href":"https:\/\/suomenrehtorit.fi\/web\/wp-json\/wp\/v2\/users\/3"}],"replies":[{"embeddable":true,"href":"https:\/\/suomenrehtorit.fi\/web\/wp-json\/wp\/v2\/comments?post=1563"}],"version-history":[{"count":1,"href":"https:\/\/suomenrehtorit.fi\/web\/wp-json\/wp\/v2\/posts\/1563\/revisions"}],"predecessor-version":[{"id":1923,"href":"https:\/\/suomenrehtorit.fi\/web\/wp-json\/wp\/v2\/posts\/1563\/revisions\/1923"}],"wp:featuredmedia":[{"embeddable":true,"href":"https:\/\/suomenrehtorit.fi\/web\/wp-json\/wp\/v2\/media\/1031"}],"wp:attachment":[{"href":"https:\/\/suomenrehtorit.fi\/web\/wp-json\/wp\/v2\/media?parent=1563"}],"wp:term":[{"taxonomy":"category","embeddable":true,"href":"https:\/\/suomenrehtorit.fi\/web\/wp-json\/wp\/v2\/categories?post=1563"},{"taxonomy":"post_tag","embeddable":true,"href":"https:\/\/suomenrehtorit.fi\/web\/wp-json\/wp\/v2\/tags?post=1563"}],"curies":[{"name":"wp","href":"https:\/\/api.w.org\/{rel}","templated":true}]}}