{"id":1585,"date":"2023-03-28T08:23:58","date_gmt":"2023-03-28T08:23:58","guid":{"rendered":"https:\/\/suomenrehtorit.fi\/web\/?p=1585"},"modified":"2023-08-07T06:46:00","modified_gmt":"2023-08-07T06:46:00","slug":"reksi-lukee-aamunavaushaaste","status":"publish","type":"post","link":"https:\/\/suomenrehtorit.fi\/web\/2023\/03\/28\/reksi-lukee-aamunavaushaaste\/","title":{"rendered":"Reksi lukee -aamunavaushaaste"},"content":{"rendered":"<h1>Lukuviikon \u201dreksi lukee\u201d -p\u00e4iv\u00e4navaushaaste perusopetuksen rehtoreille ja oppilaskuntien hallituksille<\/h1>\n<p>Kangasalan lukutaitoty\u00f6 haastaa kaikki perusopetuksen rehtorit toimimaan lukevana aikuisen mallina ja esikuvana. Haastamme my\u00f6s koulujen oppilaskuntien hallitukset valitsemaan joukostaan kaksi j\u00e4sent\u00e4, jotka haastattelevat koulunsa rehtoria p\u00e4iv\u00e4navauksessa.<\/p>\n<p>1. Valtakunnallinen lukuviikko on viikko 16 eli 17.-21.4.2023. Sopikaa kyseiselt\u00e4 viikolta aamu, jolloin Reksi lukee -p\u00e4iv\u00e4navaushaaste toteutetaan.<br \/>\n2. Antakaa alla olevat kysymykset oppilaskunnan hallitukselle, joka valitsee keskuudestaan yhdest\u00e4 kahteen haastattelijaa. Toisena haastattelijana voi olla my\u00f6s opettaja. Rehtori n\u00e4kee kysymykset etuk\u00e4teen, jolloin h\u00e4n voi valmistautua haastatteluun.<br \/>\n3. Sopikaa, onko p\u00e4iv\u00e4navaus yhteisess\u00e4 tilassa vai tuleeko haastattelu keskusradiosta.<br \/>\n4. Aamunavaus voi alkaa esitt\u00e4ytymisen j\u00e4lkeen esimerkiksi niin, ett\u00e4 kerrotaan koulun saamasta haasteesta. Kysymykset voi jakaa haastattelijoiden kesken.<\/p>\n<p><strong>Kysymykset rehtorille aamunavaushaasteessa:<\/strong><br \/>\n1. Mit\u00e4 kaikkea olet ehtinyt lukea jo t\u00e4n\u00e4\u00e4n?<br \/>\n2. Mit\u00e4 sin\u00e4 luit, kun olit alakoulussa\/yl\u00e4koulussa?<br \/>\n3. Millaisia kirjoja sin\u00e4 luet nyt aikuisena?<br \/>\n4. Mit\u00e4 k\u00e4yt\u00e4t kirjanmerkkin\u00e4?<br \/>\n5. Mist\u00e4 aiheesta haluaisit lukea tietokirjan?<br \/>\n6. Millaisissa tilanteissa kuuntelet \u00e4\u00e4nikirjaa?<br \/>\n7. Mit\u00e4 haluaisit viel\u00e4 sanoa lukemisesta meille oppilaille?<br \/>\n8. Haluaisiko rehtori kysy\u00e4 jotain meilt\u00e4 haastattelijoilta?<\/p>\n<p>Lopuksi kiitt\u00e4k\u00e4\u00e4 rehtoria osallistumisesta, ottakaa kuva ja jakakaa se Instagramiin #reksilukee, jotta voitte kertoa osallistumisestanne haasteeseen.<\/p>\n<figure id=\"attachment_6114\" aria-describedby=\"caption-attachment-6114\" style=\"width: 970px\" class=\"wp-caption alignnone\"><img loading=\"lazy\" decoding=\"async\" class=\"wp-image-1586 size-large\" src=\"https:\/\/suomenrehtorit.fi\/web\/wp-content\/uploads\/sites\/2\/mcx\/2023-6\/thumbnail_image_50380801-1024x754.jpg\" alt=\"\" width=\"980\" height=\"722\" srcset=\"https:\/\/suomenrehtorit.fi\/web\/wp-content\/uploads\/sites\/2\/mcx\/2023-6\/thumbnail_image_50380801-1024x754.jpg 1024w, https:\/\/suomenrehtorit.fi\/web\/wp-content\/uploads\/sites\/2\/mcx\/2023-6\/thumbnail_image_50380801-300x221.jpg 300w, https:\/\/suomenrehtorit.fi\/web\/wp-content\/uploads\/sites\/2\/mcx\/2023-6\/thumbnail_image_50380801-768x566.jpg 768w, https:\/\/suomenrehtorit.fi\/web\/wp-content\/uploads\/sites\/2\/mcx\/2023-6\/thumbnail_image_50380801-252x186.jpg 252w, https:\/\/suomenrehtorit.fi\/web\/wp-content\/uploads\/sites\/2\/mcx\/2023-6\/thumbnail_image_50380801-522x385.jpg 522w, https:\/\/suomenrehtorit.fi\/web\/wp-content\/uploads\/sites\/2\/mcx\/2023-6\/thumbnail_image_50380801-792x583.jpg 792w, https:\/\/suomenrehtorit.fi\/web\/wp-content\/uploads\/sites\/2\/mcx\/2023-6\/thumbnail_image_50380801-1062x782.jpg 1062w, https:\/\/suomenrehtorit.fi\/web\/wp-content\/uploads\/sites\/2\/mcx\/2023-6\/thumbnail_image_50380801.jpg 1280w\" sizes=\"auto, (max-width: 980px) 100vw, 980px\" \/><figcaption id=\"caption-attachment-6114\" class=\"wp-caption-text\">Valokuvat 1 ja 2 Sariolan yhteiskoulun p\u00e4iv\u00e4navaushaasteen toteutuksesta. Haastateltavana rehtori Ville-Pekka Haapakari ja haastattelijoina oppilaskunnan hallituksesta Emilia Eerola sek\u00e4 lukutaito-opettaja Pirjo Laatikainen.<\/figcaption><\/figure>\n<p><img loading=\"lazy\" decoding=\"async\" class=\"alignnone size-large wp-image-1587\" src=\"https:\/\/suomenrehtorit.fi\/web\/wp-content\/uploads\/sites\/2\/mcx\/2023-6\/thumbnail_image_50388737-1024x768.jpg\" alt=\"\" width=\"980\" height=\"735\" srcset=\"https:\/\/suomenrehtorit.fi\/web\/wp-content\/uploads\/sites\/2\/mcx\/2023-6\/thumbnail_image_50388737-1024x768.jpg 1024w, https:\/\/suomenrehtorit.fi\/web\/wp-content\/uploads\/sites\/2\/mcx\/2023-6\/thumbnail_image_50388737-300x225.jpg 300w, https:\/\/suomenrehtorit.fi\/web\/wp-content\/uploads\/sites\/2\/mcx\/2023-6\/thumbnail_image_50388737-768x576.jpg 768w, https:\/\/suomenrehtorit.fi\/web\/wp-content\/uploads\/sites\/2\/mcx\/2023-6\/thumbnail_image_50388737-252x189.jpg 252w, https:\/\/suomenrehtorit.fi\/web\/wp-content\/uploads\/sites\/2\/mcx\/2023-6\/thumbnail_image_50388737-522x392.jpg 522w, https:\/\/suomenrehtorit.fi\/web\/wp-content\/uploads\/sites\/2\/mcx\/2023-6\/thumbnail_image_50388737-792x594.jpg 792w, https:\/\/suomenrehtorit.fi\/web\/wp-content\/uploads\/sites\/2\/mcx\/2023-6\/thumbnail_image_50388737-1062x797.jpg 1062w, https:\/\/suomenrehtorit.fi\/web\/wp-content\/uploads\/sites\/2\/mcx\/2023-6\/thumbnail_image_50388737.jpg 1280w\" sizes=\"auto, (max-width: 980px) 100vw, 980px\" \/><\/p>\n<p>Levitet\u00e4\u00e4n yhdess\u00e4 lukemisen ilosanomaa! Terveisin Kangasalan opetuksen lukutaitoty\u00f6\/lukutaito-opettaja Pirjo Laatikainen ja Sariolan koulun oppilaskunnan hallitus<\/p>\n<p><strong>Reksi lukee -haasteohje<\/strong><\/p>\n<p>[gview file=&#8221;https:\/\/surefire.fi\/web\/wp-content\/uploads\/sites\/2\/2023\/03\/Reksi-lukee-_haasteohje.pdf&#8221;]<\/p>\n","protected":false},"excerpt":{"rendered":"<p>Lukuviikon \u201dreksi lukee\u201d -p\u00e4iv\u00e4navaushaaste perusopetuksen rehtoreille ja oppilaskuntien hallituksille Kangasalan lukutaitoty\u00f6 haastaa kaikki perusopetuksen rehtorit toimimaan lukevana aikuisen mallina ja esikuvana. Haastamme my\u00f6s koulujen oppilaskuntien hallitukset valitsemaan joukostaan kaksi j\u00e4sent\u00e4, jotka haastattelevat koulunsa rehtoria p\u00e4iv\u00e4navauksessa. 1. Valtakunnallinen lukuviikko on viikko 16 eli 17.-21.4.2023. Sopikaa kyseiselt\u00e4 viikolta aamu, jolloin Reksi lukee -p\u00e4iv\u00e4navaushaaste toteutetaan. 2. Antakaa alla &#8230; <a title=\"Reksi lukee -aamunavaushaaste\" class=\"read-more\" href=\"https:\/\/suomenrehtorit.fi\/web\/2023\/03\/28\/reksi-lukee-aamunavaushaaste\/\" aria-label=\"Lue lis\u00e4\u00e4 aiheesta Reksi lukee -aamunavaushaaste\">Lue lis\u00e4\u00e4<\/a><\/p>\n","protected":false},"author":3,"featured_media":1385,"comment_status":"closed","ping_status":"closed","sticky":false,"template":"","format":"standard","meta":{"_uag_custom_page_level_css":"","footnotes":""},"categories":[25],"tags":[],"class_list":["post-1585","post","type-post","status-publish","format-standard","has-post-thumbnail","hentry","category-etusivun-uutinen"],"uagb_featured_image_src":{"full":["https:\/\/suomenrehtorit.fi\/web\/wp-content\/uploads\/sites\/2\/mcx\/2023-6\/apple-256261_1280.jpg",1280,847,false],"thumbnail":["https:\/\/suomenrehtorit.fi\/web\/wp-content\/uploads\/sites\/2\/mcx\/2023-6\/apple-256261_1280-150x150.jpg",150,150,true],"medium":["https:\/\/suomenrehtorit.fi\/web\/wp-content\/uploads\/sites\/2\/mcx\/2023-6\/apple-256261_1280-300x199.jpg",300,199,true],"medium_large":["https:\/\/suomenrehtorit.fi\/web\/wp-content\/uploads\/sites\/2\/mcx\/2023-6\/apple-256261_1280-768x508.jpg",768,508,true],"large":["https:\/\/suomenrehtorit.fi\/web\/wp-content\/uploads\/sites\/2\/mcx\/2023-6\/apple-256261_1280-1024x678.jpg",1024,678,true],"magazine-cw3":["https:\/\/suomenrehtorit.fi\/web\/wp-content\/uploads\/sites\/2\/mcx\/2023-6\/apple-256261_1280-252x167.jpg",252,167,true],"magazine-cw6":["https:\/\/suomenrehtorit.fi\/web\/wp-content\/uploads\/sites\/2\/mcx\/2023-6\/apple-256261_1280-522x345.jpg",522,345,true],"magazine-cw9":["https:\/\/suomenrehtorit.fi\/web\/wp-content\/uploads\/sites\/2\/mcx\/2023-6\/apple-256261_1280-792x524.jpg",792,524,true],"magazine-cw12":["https:\/\/suomenrehtorit.fi\/web\/wp-content\/uploads\/sites\/2\/mcx\/2023-6\/apple-256261_1280-1062x703.jpg",1062,703,true],"magazine-thumb":["https:\/\/suomenrehtorit.fi\/web\/wp-content\/uploads\/sites\/2\/mcx\/2023-6\/apple-256261_1280-72x72.jpg",72,72,true],"magazine-toc":["https:\/\/suomenrehtorit.fi\/web\/wp-content\/uploads\/sites\/2\/mcx\/2023-6\/apple-256261_1280-126x126.jpg",126,126,true],"1536x1536":["https:\/\/suomenrehtorit.fi\/web\/wp-content\/uploads\/sites\/2\/mcx\/2023-6\/apple-256261_1280.jpg",1280,847,false],"2048x2048":["https:\/\/suomenrehtorit.fi\/web\/wp-content\/uploads\/sites\/2\/mcx\/2023-6\/apple-256261_1280.jpg",1280,847,false],"gform-image-choice-sm":["https:\/\/suomenrehtorit.fi\/web\/wp-content\/uploads\/sites\/2\/mcx\/2023-6\/apple-256261_1280.jpg",300,199,false],"gform-image-choice-md":["https:\/\/suomenrehtorit.fi\/web\/wp-content\/uploads\/sites\/2\/mcx\/2023-6\/apple-256261_1280.jpg",400,265,false],"gform-image-choice-lg":["https:\/\/suomenrehtorit.fi\/web\/wp-content\/uploads\/sites\/2\/mcx\/2023-6\/apple-256261_1280.jpg",600,397,false]},"uagb_author_info":{"display_name":"Admin","author_link":"https:\/\/suomenrehtorit.fi\/web\/author\/toni-lehtinen\/"},"uagb_comment_info":0,"uagb_excerpt":"Lukuviikon \u201dreksi lukee\u201d -p\u00e4iv\u00e4navaushaaste perusopetuksen rehtoreille ja oppilaskuntien hallituksille Kangasalan lukutaitoty\u00f6 haastaa kaikki perusopetuksen rehtorit toimimaan lukevana aikuisen mallina ja esikuvana. Haastamme my\u00f6s koulujen oppilaskuntien hallitukset valitsemaan joukostaan kaksi j\u00e4sent\u00e4, jotka haastattelevat koulunsa rehtoria p\u00e4iv\u00e4navauksessa. 1. Valtakunnallinen lukuviikko on viikko 16 eli 17.-21.4.2023. Sopikaa kyseiselt\u00e4 viikolta aamu, jolloin Reksi lukee -p\u00e4iv\u00e4navaushaaste toteutetaan. 2. Antakaa alla&hellip;","_links":{"self":[{"href":"https:\/\/suomenrehtorit.fi\/web\/wp-json\/wp\/v2\/posts\/1585","targetHints":{"allow":["GET"]}}],"collection":[{"href":"https:\/\/suomenrehtorit.fi\/web\/wp-json\/wp\/v2\/posts"}],"about":[{"href":"https:\/\/suomenrehtorit.fi\/web\/wp-json\/wp\/v2\/types\/post"}],"author":[{"embeddable":true,"href":"https:\/\/suomenrehtorit.fi\/web\/wp-json\/wp\/v2\/users\/3"}],"replies":[{"embeddable":true,"href":"https:\/\/suomenrehtorit.fi\/web\/wp-json\/wp\/v2\/comments?post=1585"}],"version-history":[{"count":1,"href":"https:\/\/suomenrehtorit.fi\/web\/wp-json\/wp\/v2\/posts\/1585\/revisions"}],"predecessor-version":[{"id":1833,"href":"https:\/\/suomenrehtorit.fi\/web\/wp-json\/wp\/v2\/posts\/1585\/revisions\/1833"}],"wp:featuredmedia":[{"embeddable":true,"href":"https:\/\/suomenrehtorit.fi\/web\/wp-json\/wp\/v2\/media\/1385"}],"wp:attachment":[{"href":"https:\/\/suomenrehtorit.fi\/web\/wp-json\/wp\/v2\/media?parent=1585"}],"wp:term":[{"taxonomy":"category","embeddable":true,"href":"https:\/\/suomenrehtorit.fi\/web\/wp-json\/wp\/v2\/categories?post=1585"},{"taxonomy":"post_tag","embeddable":true,"href":"https:\/\/suomenrehtorit.fi\/web\/wp-json\/wp\/v2\/tags?post=1585"}],"curies":[{"name":"wp","href":"https:\/\/api.w.org\/{rel}","templated":true}]}}