{"id":3778,"date":"2023-11-24T09:40:11","date_gmt":"2023-11-24T07:40:11","guid":{"rendered":"https:\/\/suomenrehtorit.fi\/web\/?p=3778"},"modified":"2023-11-24T09:41:56","modified_gmt":"2023-11-24T07:41:56","slug":"vuoden-rehtori-2023-tuija-yloniemi","status":"publish","type":"post","link":"https:\/\/suomenrehtorit.fi\/web\/2023\/11\/24\/vuoden-rehtori-2023-tuija-yloniemi\/","title":{"rendered":"Vuoden Rehtori 2023 Tuija Yl\u00f6niemi"},"content":{"rendered":"\n<figure class=\"wp-block-image size-large is-resized\"><img loading=\"lazy\" decoding=\"async\" src=\"https:\/\/suomenrehtorit.fi\/web\/wp-content\/uploads\/sites\/2\/2023\/11\/Tuija-Yloniemi-2-1024x691.jpg\" alt=\"\" class=\"wp-image-3779\" width=\"768\" height=\"518\" srcset=\"https:\/\/suomenrehtorit.fi\/web\/wp-content\/uploads\/sites\/2\/2023\/11\/Tuija-Yloniemi-2-1024x691.jpg 1024w, https:\/\/suomenrehtorit.fi\/web\/wp-content\/uploads\/sites\/2\/2023\/11\/Tuija-Yloniemi-2-300x202.jpg 300w, https:\/\/suomenrehtorit.fi\/web\/wp-content\/uploads\/sites\/2\/2023\/11\/Tuija-Yloniemi-2-768x518.jpg 768w, https:\/\/suomenrehtorit.fi\/web\/wp-content\/uploads\/sites\/2\/2023\/11\/Tuija-Yloniemi-2-252x170.jpg 252w, https:\/\/suomenrehtorit.fi\/web\/wp-content\/uploads\/sites\/2\/2023\/11\/Tuija-Yloniemi-2-522x352.jpg 522w, https:\/\/suomenrehtorit.fi\/web\/wp-content\/uploads\/sites\/2\/2023\/11\/Tuija-Yloniemi-2-792x534.jpg 792w, https:\/\/suomenrehtorit.fi\/web\/wp-content\/uploads\/sites\/2\/2023\/11\/Tuija-Yloniemi-2-1062x717.jpg 1062w, https:\/\/suomenrehtorit.fi\/web\/wp-content\/uploads\/sites\/2\/2023\/11\/Tuija-Yloniemi-2-1536x1036.jpg 1536w, https:\/\/suomenrehtorit.fi\/web\/wp-content\/uploads\/sites\/2\/2023\/11\/Tuija-Yloniemi-2-2048x1382.jpg 2048w\" sizes=\"auto, (max-width: 768px) 100vw, 768px\" \/><\/figure>\n\n\n\n<p>\u201dLukio on inhimillisten todellisuuksien yhteis\u00f6, ei tuotantolaitos\u201d<br>&nbsp;<\/p>\n\n\n\n<p><strong>Suomen Rehtorit ry on valinnut Vuoden 2023 rehtoriksi tamperelaisen Tuija Yl\u00f6niemen. H\u00e4n johtaa Tampereen kaupungin suurinta lukiota, Sammon keskuslukiota.<\/strong><strong>&nbsp;Yl\u00f6niemi tunnetaan kuuntelevana, kannustavana ja kokeilevana kehitt\u00e4j\u00e4rehtorina, joka jakaa mielell\u00e4\u00e4n osaamistaan.<\/strong><\/p>\n\n\n\n<p>Tuore Vuoden Rehtori 2023 <strong>Tuija Yl\u00f6niemi<\/strong> pit\u00e4\u00e4 tunnustusta kunnianosoituksena paitsi omalle koululleen my\u00f6s Tampereen kaupungin lukiokoulutukselle sek\u00e4 urheiluoppilaitosten verkostolle ja lukion rehtoreiden verkostoty\u00f6lle.<br><br>\u201dVerkostot ovat nykyinen tapa tehd\u00e4 rehtorin ty\u00f6t\u00e4\u201d, sanoo yli kymmenen vuotta lukion rehtorina toiminut Yl\u00f6niemi. Nykyisess\u00e4 teht\u00e4v\u00e4ss\u00e4\u00e4n Sammon keskuslukion eli Samken rehtorina h\u00e4n aloitti vuonna 2014.<\/p>\n\n\n\n<p>Samke on Tampereen kaupungin suurin lukio. Siell\u00e4 on 950 opiskelijaa ja noin 60 opettajaa sek\u00e4 yleislinjan lis\u00e4ksi urheilu-, viestint\u00e4- ja skeittilinja. Lukion rehtorin t\u00e4rkein valtakunnallinen verkosto liittyy erityisen koulutusteht\u00e4v\u00e4n urheilulukioon.<\/p>\n\n\n\n<p>\u201dTeen paljon yhteisty\u00f6t\u00e4 esimerkiksi muiden urheilulukioiden, Tampereen Urheiluakatemian, Olympiakomitean ja eri lajien edustajien kanssa. Suurin osa opiskelijoistamme on kuitenkin yleislinjalla, ja kaikki linjat ovat tietysti yht\u00e4 arvokkaita.\u201d<br><br><\/p>\n\n\n\n<p><strong>HYV\u00c4 TUNNETILA ON ONNISTUMISEN MITTARI<\/strong><\/p>\n\n\n\n<p>Yl\u00f6niemen johdolla Samkesta on kehittynyt innovatiivinen edell\u00e4k\u00e4vij\u00e4lukio. Rehtori on ylpe\u00e4 esimerkiksi lukionsa omasta kymmenvuotisesta SamkeCO2-ilmastotoiminta-projektista sek\u00e4 opettajien ja opiskelijoiden j\u00e4rjestelm\u00e4llisest\u00e4 digitaitojen vahvistamisesta. Jokainen opiskelija k\u00e4y eTeho-kurssin heti opintojensa aluksi.<\/p>\n\n\n\n<p>Samken ryhm\u00e4nohjausvastaavat tekev\u00e4t uraauurtavaa ty\u00f6t\u00e4 ryhm\u00e4nohjaajien tukijoina ja ty\u00f6n kehitt\u00e4jin\u00e4. Lukiossa on my\u00f6s kehitetty johtamisj\u00e4rjestelm\u00e4\u00e4, langatonta tutkintoverkkoa, opekahvilaa ja monta muuta innovaatiota. Kokeilut ovat olennainen osa arkea ja antavat rehtorille virtaa.<\/p>\n\n\n\n<p>\u201dEn pysty kuvittelemaan mukavampaa ty\u00f6paikkaa. On jokap\u00e4iv\u00e4inen ilo ty\u00f6skennell\u00e4 nuorten kanssa ja auttaa heit\u00e4 kohti aikuisuutta\u201d, Yl\u00f6niemi hehkuttaa.<\/p>\n\n\n\n<p>Sammon keskuslukio valittiin vuonna 2022 Vuoden urheiluoppilaitokseksi tunnustuksena ansiokkaasta urheilijan kaksoisuran kehitt\u00e4misest\u00e4. Lukio on saanut Yl\u00f6niemen aikana muitakin tunnustuksia, mutta niill\u00e4 h\u00e4n ei mittaa onnistumista. H\u00e4nelle t\u00e4rkein onnistumisen mittari on \u201dkoulussa vallitseva hyv\u00e4 tunnetila\u201d.<\/p>\n\n\n\n<p><strong>LUKIOKOULUTUSTA PIT\u00c4ISI TUTKIA ENEMM\u00c4N<\/strong><\/p>\n\n\n\n<p>Vaikka lukion jatkuvia muutoksia kritisoidaan paljon, Yl\u00f6niemen mukaan todellisuus on parempi: suomalainen lukio on ainutlaatuinen ty\u00f6- ja opiskelupaikka.<\/p>\n\n\n\n<p>\u201dT\u00e4\u00e4ll\u00e4 tapahtuu kasvamista ja onnistumisia ja tietysti v\u00e4lill\u00e4 ep\u00e4onnistumisiakin. Nopea muutossykli ei ole ongelma, mutta se on ik\u00e4v\u00e4\u00e4, ett\u00e4 muutokset tulevat annettuina emmek\u00e4 pysty etuk\u00e4teen tutkimaan, ovatko ne j\u00e4rkevi\u00e4. Esimerkiksi edellisest\u00e4 opetussuunnitelmasta ei ollut tutkimustietoa ennen kuin hypp\u00e4simme k\u00e4ytt\u00e4m\u00e4\u00e4n jo seuraavaa.\u201d<\/p>\n\n\n\n<p>H\u00e4n muistuttaa, ett\u00e4 aiemmin lukion opetussuunnitelma aiemmin vaihtui kymmenen vuoden v\u00e4lein, viime aikoina se on vaihtunut kolmen nelj\u00e4n vuoden v\u00e4lein. Juuri nyt kehitt\u00e4j\u00e4rehtori haluaisi kehitt\u00e4\u00e4 tiedolla johtamista.<\/p>\n\n\n\n<p>\u201dSit\u00e4 vaikeuttaa kuitenkin se, ett\u00e4 Suomessa tutkitaan lukiokoulutusta hyvin v\u00e4h\u00e4n. T\u00e4h\u00e4n on saatava parannusta.\u201d<\/p>\n\n\n\n<p><strong>ESIHENKIL\u00d6TY\u00d6N JAKAMINEN KOHENTAA HYVINVOINTIA<\/strong><\/p>\n\n\n\n<p>Yl\u00f6niemi my\u00f6s nostaisi luokissa teht\u00e4v\u00e4n ty\u00f6n arvostusta \u2013 mutta tahtia h\u00e4n ei halua kirist\u00e4\u00e4.<\/p>\n\n\n\n<p>\u201dLukio ei ole tuotantolaitos, vaan inhimillisten todellisuuksien yhteis\u00f6. T\u00e4m\u00e4 on t\u00e4rke\u00e4\u00e4 tunnistaa, kun meille annetaan ulkopuolelta teht\u00e4vi\u00e4. Opiskelijoita ei pid\u00e4 puristaa entist\u00e4 tiukempaan muottiin, sill\u00e4 t\u00e4ss\u00e4 ajassa tarvitaan entist\u00e4 enemm\u00e4n yksil\u00f6llisi\u00e4 kohtaamisia ja jokaisen opiskelijan omien vahvuuksien etsimist\u00e4.\u201d<\/p>\n\n\n\n<p>Resursseja ei ole riitt\u00e4v\u00e4sti, mutta Yl\u00f6niemi pit\u00e4\u00e4 hyv\u00e4n\u00e4 sit\u00e4, ett\u00e4 nyt on alettu puhua koulun esihenkil\u00f6ty\u00f6n jakamisesta. Tampereellakin asiaa pohditaan parhaillaan.<\/p>\n\n\n\n<p>\u201dT\u00e4m\u00e4 vaikuttaa olennaisesti siihen, kuinka pystymme huolehtimaan koko kouluyhteis\u00f6n hyvinvoinnista sek\u00e4 hyvist\u00e4 opettajistamme ja rehtorien jaksamisesta.\u201d<\/p>\n\n\n\n<p><strong><em>Vuoden Rehtori -kunniamaininta jaetaan\u202fvuosittain Pro\u202fRexi\u202f-tapahtuman yhteydess\u00e4.\u202f<\/em><\/strong><em>Valinnan tekee Suomen Rehtorit ry:n (SURE) alueyhdistysten ehdotusten pohjalta\u202fSURE:n\u202fhallituksen\u202fasettama valintaryhm\u00e4.<\/em>&nbsp;<\/p>\n\n\n\n<p><br><strong>Lis\u00e4tiedot: <\/strong>Rehtori Tuija Yl\u00f6niemi, p. 040 7014814, <a href=\"mailto:tuija.yloniemi@tampere.fi\">tuija.yloniemi@tampere.fi<\/a><br><br><strong>Kuva:<\/strong> Apulaisrehtori Kati Riissanen<\/p>\n","protected":false},"excerpt":{"rendered":"<p>\u201dLukio on inhimillisten todellisuuksien yhteis\u00f6, ei tuotantolaitos\u201d&nbsp; Suomen Rehtorit ry on valinnut Vuoden 2023 rehtoriksi tamperelaisen Tuija Yl\u00f6niemen. H\u00e4n johtaa Tampereen kaupungin suurinta lukiota, Sammon keskuslukiota.&nbsp;Yl\u00f6niemi tunnetaan kuuntelevana, kannustavana ja kokeilevana kehitt\u00e4j\u00e4rehtorina, joka jakaa mielell\u00e4\u00e4n osaamistaan. Tuore Vuoden Rehtori 2023 Tuija Yl\u00f6niemi pit\u00e4\u00e4 tunnustusta kunnianosoituksena paitsi omalle koululleen my\u00f6s Tampereen kaupungin lukiokoulutukselle sek\u00e4 urheiluoppilaitosten verkostolle &#8230; <a title=\"Vuoden Rehtori 2023 Tuija Yl\u00f6niemi\" class=\"read-more\" href=\"https:\/\/suomenrehtorit.fi\/web\/2023\/11\/24\/vuoden-rehtori-2023-tuija-yloniemi\/\" aria-label=\"Lue lis\u00e4\u00e4 aiheesta Vuoden Rehtori 2023 Tuija Yl\u00f6niemi\">Lue lis\u00e4\u00e4<\/a><\/p>\n","protected":false},"author":3,"featured_media":3781,"comment_status":"closed","ping_status":"closed","sticky":false,"template":"","format":"standard","meta":{"_uag_custom_page_level_css":"","footnotes":""},"categories":[25,24],"tags":[],"class_list":["post-3778","post","type-post","status-publish","format-standard","has-post-thumbnail","hentry","category-etusivun-uutinen","category-uutisarkisto"],"uagb_featured_image_src":{"full":["https:\/\/suomenrehtorit.fi\/web\/wp-content\/uploads\/sites\/2\/2023\/11\/Tuija-Yloniemi-2-1-scaled.jpg",2560,1727,false],"thumbnail":["https:\/\/suomenrehtorit.fi\/web\/wp-content\/uploads\/sites\/2\/2023\/11\/Tuija-Yloniemi-2-1-150x150.jpg",150,150,true],"medium":["https:\/\/suomenrehtorit.fi\/web\/wp-content\/uploads\/sites\/2\/2023\/11\/Tuija-Yloniemi-2-1-300x202.jpg",300,202,true],"medium_large":["https:\/\/suomenrehtorit.fi\/web\/wp-content\/uploads\/sites\/2\/2023\/11\/Tuija-Yloniemi-2-1-768x518.jpg",768,518,true],"large":["https:\/\/suomenrehtorit.fi\/web\/wp-content\/uploads\/sites\/2\/2023\/11\/Tuija-Yloniemi-2-1-1024x691.jpg",1024,691,true],"magazine-cw3":["https:\/\/suomenrehtorit.fi\/web\/wp-content\/uploads\/sites\/2\/2023\/11\/Tuija-Yloniemi-2-1-252x170.jpg",252,170,true],"magazine-cw6":["https:\/\/suomenrehtorit.fi\/web\/wp-content\/uploads\/sites\/2\/2023\/11\/Tuija-Yloniemi-2-1-522x352.jpg",522,352,true],"magazine-cw9":["https:\/\/suomenrehtorit.fi\/web\/wp-content\/uploads\/sites\/2\/2023\/11\/Tuija-Yloniemi-2-1-792x534.jpg",792,534,true],"magazine-cw12":["https:\/\/suomenrehtorit.fi\/web\/wp-content\/uploads\/sites\/2\/2023\/11\/Tuija-Yloniemi-2-1-1062x717.jpg",1062,717,true],"magazine-thumb":["https:\/\/suomenrehtorit.fi\/web\/wp-content\/uploads\/sites\/2\/2023\/11\/Tuija-Yloniemi-2-1-72x72.jpg",72,72,true],"magazine-toc":["https:\/\/suomenrehtorit.fi\/web\/wp-content\/uploads\/sites\/2\/2023\/11\/Tuija-Yloniemi-2-1-126x126.jpg",126,126,true],"1536x1536":["https:\/\/suomenrehtorit.fi\/web\/wp-content\/uploads\/sites\/2\/2023\/11\/Tuija-Yloniemi-2-1-1536x1036.jpg",1536,1036,true],"2048x2048":["https:\/\/suomenrehtorit.fi\/web\/wp-content\/uploads\/sites\/2\/2023\/11\/Tuija-Yloniemi-2-1-2048x1382.jpg",2048,1382,true],"gform-image-choice-sm":["https:\/\/suomenrehtorit.fi\/web\/wp-content\/uploads\/sites\/2\/2023\/11\/Tuija-Yloniemi-2-1-scaled.jpg",300,202,false],"gform-image-choice-md":["https:\/\/suomenrehtorit.fi\/web\/wp-content\/uploads\/sites\/2\/2023\/11\/Tuija-Yloniemi-2-1-scaled.jpg",400,270,false],"gform-image-choice-lg":["https:\/\/suomenrehtorit.fi\/web\/wp-content\/uploads\/sites\/2\/2023\/11\/Tuija-Yloniemi-2-1-scaled.jpg",600,405,false]},"uagb_author_info":{"display_name":"Admin","author_link":"https:\/\/suomenrehtorit.fi\/web\/author\/toni-lehtinen\/"},"uagb_comment_info":0,"uagb_excerpt":"\u201dLukio on inhimillisten todellisuuksien yhteis\u00f6, ei tuotantolaitos\u201d&nbsp; Suomen Rehtorit ry on valinnut Vuoden 2023 rehtoriksi tamperelaisen Tuija Yl\u00f6niemen. H\u00e4n johtaa Tampereen kaupungin suurinta lukiota, Sammon keskuslukiota.&nbsp;Yl\u00f6niemi tunnetaan kuuntelevana, kannustavana ja kokeilevana kehitt\u00e4j\u00e4rehtorina, joka jakaa mielell\u00e4\u00e4n osaamistaan. Tuore Vuoden Rehtori 2023 Tuija Yl\u00f6niemi pit\u00e4\u00e4 tunnustusta kunnianosoituksena paitsi omalle koululleen my\u00f6s Tampereen kaupungin lukiokoulutukselle sek\u00e4 urheiluoppilaitosten verkostolle&hellip;","_links":{"self":[{"href":"https:\/\/suomenrehtorit.fi\/web\/wp-json\/wp\/v2\/posts\/3778","targetHints":{"allow":["GET"]}}],"collection":[{"href":"https:\/\/suomenrehtorit.fi\/web\/wp-json\/wp\/v2\/posts"}],"about":[{"href":"https:\/\/suomenrehtorit.fi\/web\/wp-json\/wp\/v2\/types\/post"}],"author":[{"embeddable":true,"href":"https:\/\/suomenrehtorit.fi\/web\/wp-json\/wp\/v2\/users\/3"}],"replies":[{"embeddable":true,"href":"https:\/\/suomenrehtorit.fi\/web\/wp-json\/wp\/v2\/comments?post=3778"}],"version-history":[{"count":1,"href":"https:\/\/suomenrehtorit.fi\/web\/wp-json\/wp\/v2\/posts\/3778\/revisions"}],"predecessor-version":[{"id":3780,"href":"https:\/\/suomenrehtorit.fi\/web\/wp-json\/wp\/v2\/posts\/3778\/revisions\/3780"}],"wp:featuredmedia":[{"embeddable":true,"href":"https:\/\/suomenrehtorit.fi\/web\/wp-json\/wp\/v2\/media\/3781"}],"wp:attachment":[{"href":"https:\/\/suomenrehtorit.fi\/web\/wp-json\/wp\/v2\/media?parent=3778"}],"wp:term":[{"taxonomy":"category","embeddable":true,"href":"https:\/\/suomenrehtorit.fi\/web\/wp-json\/wp\/v2\/categories?post=3778"},{"taxonomy":"post_tag","embeddable":true,"href":"https:\/\/suomenrehtorit.fi\/web\/wp-json\/wp\/v2\/tags?post=3778"}],"curies":[{"name":"wp","href":"https:\/\/api.w.org\/{rel}","templated":true}]}}