{"id":4373,"date":"2024-12-16T12:08:57","date_gmt":"2024-12-16T10:08:57","guid":{"rendered":"https:\/\/suomenrehtorit.fi\/web\/?p=4373"},"modified":"2024-12-20T12:11:55","modified_gmt":"2024-12-20T10:11:55","slug":"jasenkirje-11-2024","status":"publish","type":"post","link":"https:\/\/suomenrehtorit.fi\/web\/2024\/12\/16\/jasenkirje-11-2024\/","title":{"rendered":"J\u00e4senkirje 11\/2024"},"content":{"rendered":"\n<h2 class=\"wp-block-heading\">Puheenjohtajan palsta<\/h2>\n\n\n\n<figure class=\"wp-block-image size-full\"><img loading=\"lazy\" decoding=\"async\" width=\"628\" height=\"471\" src=\"https:\/\/suomenrehtorit.fi\/web\/wp-content\/uploads\/sites\/2\/2024\/10\/Aika-aikaa-kutakin.jpg\" alt=\"\" class=\"wp-image-4268\" srcset=\"https:\/\/suomenrehtorit.fi\/web\/wp-content\/uploads\/sites\/2\/2024\/10\/Aika-aikaa-kutakin.jpg 628w, https:\/\/suomenrehtorit.fi\/web\/wp-content\/uploads\/sites\/2\/2024\/10\/Aika-aikaa-kutakin-300x225.jpg 300w, https:\/\/suomenrehtorit.fi\/web\/wp-content\/uploads\/sites\/2\/2024\/10\/Aika-aikaa-kutakin-252x189.jpg 252w, https:\/\/suomenrehtorit.fi\/web\/wp-content\/uploads\/sites\/2\/2024\/10\/Aika-aikaa-kutakin-522x392.jpg 522w\" sizes=\"auto, (max-width: 628px) 100vw, 628px\" \/><\/figure>\n\n\n\n<h2 class=\"wp-block-heading\">Pro Rexi 27.-29.11.2024 \u2013 Suomen Rehtorit 50 vuotta<\/h2>\n\n\n\n<p>Marraskuiset Pro Rexi-p\u00e4iv\u00e4t j\u00e4\u00e4v\u00e4t aikakirjoihin paitsi vuosittaisena p\u00e4\u00e4koulutustapahtumana, samalla my\u00f6s j\u00e4rjest\u00f6mme 50-vuotisen taipaleen juhlistamisesta. Paikka oli tavallisuudesta poikkeava, sill\u00e4 kokoonnuimme Helsingin lentoaseman yhteyteen vain puoli vuotta sitten valmistuneissa Clarion Hotel Helsinki Airportin uusissa tiloissa. Tapahtumaan osallistui liki 300 rehtoria ja se on l\u00e4pik\u00e4ydyn palautteen perusteella ollut \u2013 j\u00e4lleen kerran \u2013 hyvin onnistunut kokonaisuus. T\u00e4st\u00e4 kaikesta erityisen kiitos kuuluu j\u00e4rjest\u00f6sihteerillemme Toni Lehtiselle, taidokkaalle koulutustapahtumien j\u00e4rjest\u00e4j\u00e4lle. Keskiviikkoiltana j\u00e4rjestimme kutsuvierastapahtuman, ja sen vieraiden l\u00e4hett\u00e4m\u00e4t lukuisat l\u00e4mpim\u00e4t terveiset koko suomalaiselle rehtorikunnalle tulevat t\u00e4ss\u00e4 samalla tiedoksenne. <a href=\"https:\/\/suomenrehtorit.fi\/web\/2024\/12\/12\/onnittelut-suomen-rehtorit-ry-50-vuotta\/\" data-type=\"post\" data-id=\"4369\" target=\"_blank\" rel=\"noreferrer noopener\"><strong>Yhden tervehdyksen<\/strong><\/a> saimme aina maapallon toiselta laidalta suomalaisen koulutuksen asiantuntijalta, koulutusjohtamisen professori Pasi Sahlbergilta. Terveistens\u00e4 lis\u00e4ksi j\u00e4senemme tulevat saamaan Pasin antamana lahjana h\u00e4nen ensi vuoden alussa e-kirjana julkaistavan uutuusteoksen <em>500 sanaa koulusta<\/em> heti kirjan ilmestytty\u00e4! \u201dOnnea ja menestyst\u00e4 SURE:lle ja kaikille suomalaisille rehtoreille. Nyt juhlap\u00e4iv\u00e4n\u00e4 ja my\u00f6s arkena.\u201d<\/p>\n\n\n\n<figure class=\"wp-block-image size-large\"><img loading=\"lazy\" decoding=\"async\" width=\"1024\" height=\"448\" src=\"https:\/\/suomenrehtorit.fi\/web\/wp-content\/uploads\/sites\/2\/2024\/12\/elama-on-joukkuepelia-1024x448.png\" alt=\"\" class=\"wp-image-4377\" srcset=\"https:\/\/suomenrehtorit.fi\/web\/wp-content\/uploads\/sites\/2\/2024\/12\/elama-on-joukkuepelia-1024x448.png 1024w, https:\/\/suomenrehtorit.fi\/web\/wp-content\/uploads\/sites\/2\/2024\/12\/elama-on-joukkuepelia-300x131.png 300w, https:\/\/suomenrehtorit.fi\/web\/wp-content\/uploads\/sites\/2\/2024\/12\/elama-on-joukkuepelia-768x336.png 768w, https:\/\/suomenrehtorit.fi\/web\/wp-content\/uploads\/sites\/2\/2024\/12\/elama-on-joukkuepelia-252x110.png 252w, https:\/\/suomenrehtorit.fi\/web\/wp-content\/uploads\/sites\/2\/2024\/12\/elama-on-joukkuepelia-522x228.png 522w, https:\/\/suomenrehtorit.fi\/web\/wp-content\/uploads\/sites\/2\/2024\/12\/elama-on-joukkuepelia-792x346.png 792w, https:\/\/suomenrehtorit.fi\/web\/wp-content\/uploads\/sites\/2\/2024\/12\/elama-on-joukkuepelia-1062x464.png 1062w, https:\/\/suomenrehtorit.fi\/web\/wp-content\/uploads\/sites\/2\/2024\/12\/elama-on-joukkuepelia-1536x672.png 1536w, https:\/\/suomenrehtorit.fi\/web\/wp-content\/uploads\/sites\/2\/2024\/12\/elama-on-joukkuepelia.png 1889w\" sizes=\"auto, (max-width: 1024px) 100vw, 1024px\" \/><\/figure>\n\n\n\n<h2 class=\"wp-block-heading\">Osallistujien Suomi -toimenpideohjelma julkistettu<\/h2>\n\n\n\n<p>Nopeasti lis\u00e4\u00e4ntynyt, ei-toivottu yksin\u00e4isyys on yksi ik\u00e4vimmist\u00e4 haasteista kouluaan k\u00e4yville lapsille ja nuorille. Marraskuun puoliv\u00e4liss\u00e4 julkistettiin her\u00e4ttelev\u00e4 <strong><a href=\"https:\/\/osallistujiensuomi.fi\/\" target=\"_blank\" rel=\"noreferrer noopener\">Osallistujien Suomi -toimenpideohjelma<\/a><\/strong>, joka pyrkii osaltaan v\u00e4hent\u00e4m\u00e4\u00e4n yksin\u00e4isyytt\u00e4 ja tarjoamaan keinoja vahvistamaan osallisuutta kouluissa ja oppilaitoksissa. Ohjelma tarjoaa helposti k\u00e4ytett\u00e4v\u00e4\u00e4 tukimateriaalia opettajille sek\u00e4 muulle koulun henkil\u00f6st\u00f6lle yksin\u00e4isyyden ehk\u00e4isemiseksi ja yhteis\u00f6llisyyden vahvistamiseksi. Materiaali auttaa kouluja tukemaan oppilaiden sosiaalisia suhteita ja hyvinvointia, jotka kumpikin ovat t\u00e4rkeit\u00e4 niin oppimisen kuin jaksamisen kannalta. Lis\u00e4ksi ohjelma edist\u00e4\u00e4 yhteisty\u00f6t\u00e4 kotien kanssa ja n\u00e4in osaltaan t\u00e4rke\u00e4\u00e4 yhteis\u00f6llisyytt\u00e4. Opetushallitus on mukana kehitt\u00e4m\u00e4ss\u00e4 t\u00e4t\u00e4 <strong><a href=\"https:\/\/www.oph.fi\/fi\/uutiset\/2024\/osallistujien-suomi-ohjelma-lisaa-tukea-yksinaisyyden-vastaiseen-tyohon-myos\" target=\"_blank\" rel=\"noreferrer noopener\">materiaalia<\/a><\/strong> sek\u00e4 sen tavoitteiden toteuttamista, jossa tehd\u00e4\u00e4n laajasti yhteisty\u00f6t\u00e4 my\u00f6s kolmannen sektorin toimijoiden kanssa. Ei-toivottu yksin\u00e4isyys on merkitt\u00e4v\u00e4 hyvinvointihaaste Suomessa, ja jokainen teko t\u00e4m\u00e4n riesan taklaamiseksi on sijoitus paremman huomisen puolesta!<\/p>\n\n\n\n<figure class=\"wp-block-image size-medium\"><img loading=\"lazy\" decoding=\"async\" width=\"212\" height=\"300\" src=\"https:\/\/suomenrehtorit.fi\/web\/wp-content\/uploads\/sites\/2\/2024\/12\/vepo-kansi-212x300.jpg\" alt=\"\" class=\"wp-image-4378\" srcset=\"https:\/\/suomenrehtorit.fi\/web\/wp-content\/uploads\/sites\/2\/2024\/12\/vepo-kansi-212x300.jpg 212w, https:\/\/suomenrehtorit.fi\/web\/wp-content\/uploads\/sites\/2\/2024\/12\/vepo-kansi-724x1024.jpg 724w, https:\/\/suomenrehtorit.fi\/web\/wp-content\/uploads\/sites\/2\/2024\/12\/vepo-kansi-768x1086.jpg 768w, https:\/\/suomenrehtorit.fi\/web\/wp-content\/uploads\/sites\/2\/2024\/12\/vepo-kansi-252x356.jpg 252w, https:\/\/suomenrehtorit.fi\/web\/wp-content\/uploads\/sites\/2\/2024\/12\/vepo-kansi-522x738.jpg 522w, https:\/\/suomenrehtorit.fi\/web\/wp-content\/uploads\/sites\/2\/2024\/12\/vepo-kansi-792x1120.jpg 792w, https:\/\/suomenrehtorit.fi\/web\/wp-content\/uploads\/sites\/2\/2024\/12\/vepo-kansi-1062x1502.jpg 1062w, https:\/\/suomenrehtorit.fi\/web\/wp-content\/uploads\/sites\/2\/2024\/12\/vepo-kansi-1086x1536.jpg 1086w, https:\/\/suomenrehtorit.fi\/web\/wp-content\/uploads\/sites\/2\/2024\/12\/vepo-kansi-1448x2048.jpg 1448w, https:\/\/suomenrehtorit.fi\/web\/wp-content\/uploads\/sites\/2\/2024\/12\/vepo-kansi-scaled.jpg 1810w\" sizes=\"auto, (max-width: 212px) 100vw, 212px\" \/><\/figure>\n\n\n\n<h2 class=\"wp-block-heading\">VEPO 2035 ja johtamisen kehitt\u00e4minen<\/h2>\n\n\n\n<p>Yksi j\u00e4rjest\u00f6mme t\u00e4rkeimmist\u00e4 tavoitteista on jo pitk\u00e4\u00e4n ollut rehtorin peruskoulutuksen ja sit\u00e4 kautta my\u00f6s ammatillisten valmiuksien sek\u00e4 kelpoisuuden kehitt\u00e4minen. Oppilaitosjohtamisen kehitt\u00e4minen onkin jo toista kertaa my\u00f6s maamme hallituksen ohjelmaan kirjattu tavoite, jonka tiekartta on todella hienosti sanoitettu vuoden takaisessa <a href=\"https:\/\/julkaisut.valtioneuvosto.fi\/handle\/10024\/164596\" target=\"_blank\" rel=\"noreferrer noopener\"><strong>VEPO 2035 -raportissa<\/strong><\/a>. Vaikka tavoitteen edist\u00e4minen on viel\u00e4 vahvasti vaiheessa, ovat opettajankoulutusta tarjoavat yliopistot tarttuneet jo hienosti toimeen VEPO-hengess\u00e4 ja p\u00e4ivitt\u00e4neet omia oppilaitosjohtamisen koulutusohjelmiaan. VEPO-koulutukset tarjoavat nyt osallistujille uusinta tutkimustietoa sek\u00e4 k\u00e4yt\u00e4nn\u00f6n ty\u00f6kaluja johtajuuden kehitt\u00e4miseen. N\u00e4iss\u00e4 koulutuksissa korostetaan modernia jaettua ja pedagogista johtajuutta sek\u00e4 koulutuksellista tasa-arvoa. Koulutukset toteutetaan modernein ty\u00f6tavoin, jotka soveltuvat hyvin my\u00f6s aikuisoppijoille ja opettajan ty\u00f6kokemusta omaaville osallistujille sis\u00e4lt\u00e4en niin webinaareja, alueellisia tapaamisia ja pienryhm\u00e4tapaamisia. Mik\u00e4 parasta, tarjolla olevat opinnot ovat maksuttomia (esimerkkin\u00e4 t\u00e4ss\u00e4 <a href=\"https:\/\/www.uef.fi\/fi\/jatkuva-oppiminen\/vepo-voimaa-johtajuuteen\" target=\"_blank\" rel=\"noreferrer noopener\"><strong>UEF:n tarjoama koulutuskokonaisuus<\/strong><\/a>) ja niit\u00e4 toteutetaan eri puolilla maatamme vuosien 2024-2026 aikana.<\/p>\n\n\n\n<figure class=\"wp-block-image size-large\"><img loading=\"lazy\" decoding=\"async\" width=\"1024\" height=\"457\" src=\"https:\/\/suomenrehtorit.fi\/web\/wp-content\/uploads\/sites\/2\/2024\/12\/Finest-future-1024x457.jpg\" alt=\"\" class=\"wp-image-4379\" srcset=\"https:\/\/suomenrehtorit.fi\/web\/wp-content\/uploads\/sites\/2\/2024\/12\/Finest-future-1024x457.jpg 1024w, https:\/\/suomenrehtorit.fi\/web\/wp-content\/uploads\/sites\/2\/2024\/12\/Finest-future-300x134.jpg 300w, https:\/\/suomenrehtorit.fi\/web\/wp-content\/uploads\/sites\/2\/2024\/12\/Finest-future-768x343.jpg 768w, https:\/\/suomenrehtorit.fi\/web\/wp-content\/uploads\/sites\/2\/2024\/12\/Finest-future-252x112.jpg 252w, https:\/\/suomenrehtorit.fi\/web\/wp-content\/uploads\/sites\/2\/2024\/12\/Finest-future-522x233.jpg 522w, https:\/\/suomenrehtorit.fi\/web\/wp-content\/uploads\/sites\/2\/2024\/12\/Finest-future-792x353.jpg 792w, https:\/\/suomenrehtorit.fi\/web\/wp-content\/uploads\/sites\/2\/2024\/12\/Finest-future-1062x474.jpg 1062w, https:\/\/suomenrehtorit.fi\/web\/wp-content\/uploads\/sites\/2\/2024\/12\/Finest-future-1536x685.jpg 1536w, https:\/\/suomenrehtorit.fi\/web\/wp-content\/uploads\/sites\/2\/2024\/12\/Finest-future.jpg 1744w\" sizes=\"auto, (max-width: 1024px) 100vw, 1024px\" \/><\/figure>\n\n\n\n<h2 class=\"wp-block-heading\">Kansainv\u00e4lisen oppilaitoksen johtaminen<\/h2>\n\n\n\n<p>Yksi <a href=\"https:\/\/yle.fi\/a\/74-20084238\" target=\"_blank\" rel=\"noreferrer noopener\"><strong>kiinnostava luku<\/strong><\/a> suomalaisen koulutuksen kansainv\u00e4listymisess\u00e4 ovat maahamme viime vuosien aikana toisen asteen koulutukseen ulkomailta saapuneet sadat nuoret. Er\u00e4\u00e4n\u00e4 aktiivisena toimijana t\u00e4ss\u00e4 on toiminut <a href=\"https:\/\/finestfuture.org\/\" target=\"_blank\" rel=\"noreferrer noopener\"><strong>Finest Future -hanke<\/strong><\/a>, jossa osallistujat ovat t\u00e4m\u00e4n hankkeen tunnetun nokkahahmon Peter Vestbackan j\u00e4rjest\u00e4m\u00e4ss\u00e4 mallissa suorittaneet ensin suomen kielen hyv\u00e4ksytyn kielikokeen, jonka j\u00e4lkeen he ovat voineet hakea suomalaisiin toisen asteen oppilaitoksiin. Opiskelijoita onkin tullut erityisen paljon pieniin lukioihin vuodesta 2020 l\u00e4htien niin, ett\u00e4 ensimm\u00e4iset ohjelman kautta maahamme tulleet nuoret ovat jo kirjoittaneet ylioppilaiksi. Finest Future j\u00e4rjest\u00e4\u00e4 mielenkiintoisen maksuttoman seminaarin 16.1.2025 M\u00e4nt\u00e4ss\u00e4, jossa keskustellaan kansainv\u00e4lisyyden edist\u00e4misest\u00e4 sek\u00e4 jaetaan parhaiksi osallistuneita k\u00e4yt\u00e4nteit\u00e4. Seminaari sopii n\u00e4in erinomaisesti my\u00f6s uusille, toiminnasta kiinnostuneille oppilaitoksille (<a href=\"https:\/\/finestfuture.org\/verkostoseminaari\/\" target=\"_blank\" rel=\"noreferrer noopener\"><strong>ohjelma ja ilmoittautumislomake<\/strong><\/a>). Tapaamiseen kutsutaan mukaan rehtoreiden lis\u00e4ksi my\u00f6s opettajia. \u00a0T\u00e4ss\u00e4 toiminnassa on mukana jo yli 100 oppilaitosta ja kuntaa sek\u00e4 hankkeeseen osallistuvia maita 25, ilmoittautumisten takaraja 20.12.2024.<\/p>\n\n\n\n<figure class=\"wp-block-image size-large\"><img loading=\"lazy\" decoding=\"async\" width=\"1024\" height=\"585\" src=\"https:\/\/suomenrehtorit.fi\/web\/wp-content\/uploads\/sites\/2\/2024\/09\/1d47ca79-5089-4abf-b3ee-087e9f721e4f-1024x585.jpeg\" alt=\"\" class=\"wp-image-4243\" srcset=\"https:\/\/suomenrehtorit.fi\/web\/wp-content\/uploads\/sites\/2\/2024\/09\/1d47ca79-5089-4abf-b3ee-087e9f721e4f-1024x585.jpeg 1024w, https:\/\/suomenrehtorit.fi\/web\/wp-content\/uploads\/sites\/2\/2024\/09\/1d47ca79-5089-4abf-b3ee-087e9f721e4f-300x171.jpeg 300w, https:\/\/suomenrehtorit.fi\/web\/wp-content\/uploads\/sites\/2\/2024\/09\/1d47ca79-5089-4abf-b3ee-087e9f721e4f-768x439.jpeg 768w, https:\/\/suomenrehtorit.fi\/web\/wp-content\/uploads\/sites\/2\/2024\/09\/1d47ca79-5089-4abf-b3ee-087e9f721e4f-252x144.jpeg 252w, https:\/\/suomenrehtorit.fi\/web\/wp-content\/uploads\/sites\/2\/2024\/09\/1d47ca79-5089-4abf-b3ee-087e9f721e4f-522x298.jpeg 522w, https:\/\/suomenrehtorit.fi\/web\/wp-content\/uploads\/sites\/2\/2024\/09\/1d47ca79-5089-4abf-b3ee-087e9f721e4f-792x453.jpeg 792w, https:\/\/suomenrehtorit.fi\/web\/wp-content\/uploads\/sites\/2\/2024\/09\/1d47ca79-5089-4abf-b3ee-087e9f721e4f-1062x607.jpeg 1062w, https:\/\/suomenrehtorit.fi\/web\/wp-content\/uploads\/sites\/2\/2024\/09\/1d47ca79-5089-4abf-b3ee-087e9f721e4f-1536x878.jpeg 1536w, https:\/\/suomenrehtorit.fi\/web\/wp-content\/uploads\/sites\/2\/2024\/09\/1d47ca79-5089-4abf-b3ee-087e9f721e4f.jpeg 1792w\" sizes=\"auto, (max-width: 1024px) 100vw, 1024px\" \/><\/figure>\n\n\n\n<h2 class=\"wp-block-heading\">J\u00e4rjest\u00f6n juhlavuosi p\u00e4\u00e4ttyy<\/h2>\n\n\n\n<p>Marraskuun puoliv\u00e4liss\u00e4 2024 t\u00e4yttyi kolme toiminnan vuosikymment\u00e4 my\u00f6s Opetusalan johdon neuvottelukunnalle (OJN), joka toimi alkuun Rehtorineuvottelukunnan nimell\u00e4. J\u00e4rjest\u00f6mme kunniapuheenjohtaja Jorma Lempinen on kirjassa <em>SURE FIRE 30 vuotta<\/em> (1994) kirjoittanut Rehtorineuvottelukunnan ensimm\u00e4isen toimintavuosikymmenen aikana \u2019paneutuneen rehtoreiden palkkausj\u00e4rjestelm\u00e4n ja palvelussuhdeturvan kehitt\u00e4miseen sek\u00e4 valmisteluty\u00f6h\u00f6n OAJ:n hallitukselle rehtoreita ja heid\u00e4n edunvalvontaansa koskevissa asioissa\u2019.<\/p>\n\n\n\n<p>Olen itse saanut olla mukana toimikunnan ty\u00f6ss\u00e4 kaikkiaan kaksitoista vuotta, joista viimeisimm\u00e4t kahdeksan vuotta neuvottelukunnan puheenjohtajana. T\u00e4m\u00e4n pitk\u00e4n kokemuksen perusteella voin sanoa perusteht\u00e4v\u00e4n s\u00e4ilyneen pohjimmiltaan samana, mutta toisaalta monin tavoin muuttuneena yhteiskunnassa tapahtuneiden muutosten my\u00f6t\u00e4. OJN on koonnut jo pitk\u00e4\u00e4n kaikkien opetusalalla ty\u00f6skentelevien esihenkil\u00f6j\u00e4rjest\u00f6jen edustajat varhaiskasvatuksesta aina korkea-asteen koulutukseen saakka. Ty\u00f6el\u00e4m\u00e4n muutokset ja koulutuksen voimavarojen puolustaminen sek\u00e4 sen osana esihenkil\u00f6iden ty\u00f6el\u00e4m\u00e4asioiden edist\u00e4minen ovat meille kaikille toimijoille t\u00e4rkeit\u00e4 yhteisi\u00e4 nimitt\u00e4ji\u00e4. T\u00e4m\u00e4 ty\u00f6 on laadukkaasta koulutuksesta seuravan yhteiskunnallisen hyv\u00e4n ja tulevaisuusty\u00f6n luonteen vuoksi ollut my\u00f6s itselleni hyvin merkityksellist\u00e4. T\u00e4lt\u00e4 vuodelta neuvottelukunnan ty\u00f6 p\u00e4\u00e4ttyi Akava-talolla viimeisen kokouksen p\u00e4\u00e4tteeksi joulukahveihin 9.12.2024. Kuvassa kanssani k\u00e4yt\u00e4nn\u00f6ss\u00e4 yht\u00e4 pitk\u00e4n ajanjakson OJN:n sek\u00e4 my\u00f6s esihenkil\u00f6asioiden valmistelusta OAJ:ss\u00e4 vastaava kehitt\u00e4misp\u00e4\u00e4llikk\u00f6 Niku Tuomisto.<\/p>\n\n\n\n<figure class=\"wp-block-image size-large\"><img loading=\"lazy\" decoding=\"async\" width=\"768\" height=\"1024\" src=\"https:\/\/suomenrehtorit.fi\/web\/wp-content\/uploads\/sites\/2\/2024\/12\/WhatsApp-Kuva-2024-12-09-klo-13.31.34_d993581c-768x1024.jpg\" alt=\"\" class=\"wp-image-4374\" srcset=\"https:\/\/suomenrehtorit.fi\/web\/wp-content\/uploads\/sites\/2\/2024\/12\/WhatsApp-Kuva-2024-12-09-klo-13.31.34_d993581c-768x1024.jpg 768w, https:\/\/suomenrehtorit.fi\/web\/wp-content\/uploads\/sites\/2\/2024\/12\/WhatsApp-Kuva-2024-12-09-klo-13.31.34_d993581c-225x300.jpg 225w, https:\/\/suomenrehtorit.fi\/web\/wp-content\/uploads\/sites\/2\/2024\/12\/WhatsApp-Kuva-2024-12-09-klo-13.31.34_d993581c-252x336.jpg 252w, https:\/\/suomenrehtorit.fi\/web\/wp-content\/uploads\/sites\/2\/2024\/12\/WhatsApp-Kuva-2024-12-09-klo-13.31.34_d993581c-522x696.jpg 522w, https:\/\/suomenrehtorit.fi\/web\/wp-content\/uploads\/sites\/2\/2024\/12\/WhatsApp-Kuva-2024-12-09-klo-13.31.34_d993581c-792x1056.jpg 792w, https:\/\/suomenrehtorit.fi\/web\/wp-content\/uploads\/sites\/2\/2024\/12\/WhatsApp-Kuva-2024-12-09-klo-13.31.34_d993581c-1062x1416.jpg 1062w, https:\/\/suomenrehtorit.fi\/web\/wp-content\/uploads\/sites\/2\/2024\/12\/WhatsApp-Kuva-2024-12-09-klo-13.31.34_d993581c-1152x1536.jpg 1152w, https:\/\/suomenrehtorit.fi\/web\/wp-content\/uploads\/sites\/2\/2024\/12\/WhatsApp-Kuva-2024-12-09-klo-13.31.34_d993581c.jpg 1200w\" sizes=\"auto, (max-width: 768px) 100vw, 768px\" \/><\/figure>\n\n\n\n<h2 class=\"wp-block-heading\">Hyv\u00e4\u00e4 joulua ja onnellista uutta vuotta 2025<\/h2>\n\n\n\n<p>J\u00e4rjest\u00f6n juhlavuosi on pian p\u00e4\u00e4ttym\u00e4ss\u00e4 tasatahtia koulujen ja oppilaitosten syyslukukauden kanssa. Toivotan kaikille j\u00e4senillemme mit\u00e4 rauhaisinta joulun aikaa, aikaa itselle ja l\u00e4heisimmillemme seuraavin Timo Koivusalon laulun sanoin:<\/p>\n\n\n\n<p><em>Rauhaa, joulurauhaa<\/em><\/p>\n\n\n\n<p><em>Muista joulusi pyhitt\u00e4\u00e4<\/em><\/p>\n\n\n\n<p><em>Se vain, mik\u00e4 meiss\u00e4 on hyv\u00e4\u00e4<\/em><\/p>\n\n\n\n<p><em>Meid\u00e4n j\u00e4lkeemme j\u00e4\u00e4<\/em><\/p>\n\n\n\n<p>Hyv\u00e4\u00e4 ja menestyksellist\u00e4 uutta vuotta 2025, tapaamisiin tammikuussa Educa-messuilla!<\/p>\n\n\n\n<p>Antti Ikonen<br>pj Suomen Rehtorit<br>@AnttiIkonen<\/p>\n\n\n\n<figure class=\"wp-block-image size-full\"><img loading=\"lazy\" decoding=\"async\" width=\"532\" height=\"367\" src=\"https:\/\/suomenrehtorit.fi\/web\/wp-content\/uploads\/sites\/2\/2024\/12\/Joulu-2024.jpg\" alt=\"\" class=\"wp-image-4376\" srcset=\"https:\/\/suomenrehtorit.fi\/web\/wp-content\/uploads\/sites\/2\/2024\/12\/Joulu-2024.jpg 532w, https:\/\/suomenrehtorit.fi\/web\/wp-content\/uploads\/sites\/2\/2024\/12\/Joulu-2024-300x207.jpg 300w, https:\/\/suomenrehtorit.fi\/web\/wp-content\/uploads\/sites\/2\/2024\/12\/Joulu-2024-252x174.jpg 252w, https:\/\/suomenrehtorit.fi\/web\/wp-content\/uploads\/sites\/2\/2024\/12\/Joulu-2024-522x360.jpg 522w\" sizes=\"auto, (max-width: 532px) 100vw, 532px\" \/><\/figure>\n\n\n\n<h2 class=\"wp-block-heading\"><strong>KUTSU \u2013 KALLELSE<\/strong><\/h2>\n\n\n\n<p><strong>Suomen Rehtorit ry \u2013 Finlands Rektorer rf<\/strong><\/p>\n\n\n\n<p><strong>S\u00c4\u00c4NT\u00d6M\u00c4\u00c4R\u00c4INEN VUOSIKOKOUS 2025<\/strong> &#8211; <strong>STADGEENLIGT \u00c5RSM\u00d6TE 2025<\/strong><\/p>\n\n\n\n<p>Aika\/Tid: 24.1.2025 klo\/ kl. 16.00, Paikka\/Plats: Messukeskus, kokoustila 209 \u2013 M\u00e4sscentrum, m\u00f6tesrum 209, Messuaukio 1, 00520 Helsinki<\/p>\n\n\n\n<p>Kokouksessa k\u00e4sitell\u00e4\u00e4n s\u00e4\u00e4nt\u00f6m\u00e4\u00e4r\u00e4iset asiat. Vid m\u00f6tet behandlas stadgeenliga \u00e4renden.<\/p>\n\n\n\n<p>Tervetuloa! V\u00e4lkommen!<\/p>\n\n\n\n<p>Suomen Rehtorit ry:n hallitus \u2013 Styrelsen f\u00f6r Finlands Rektorer rf.<\/p>\n\n\n\n<figure class=\"wp-block-image size-large\"><img loading=\"lazy\" decoding=\"async\" width=\"1024\" height=\"287\" src=\"https:\/\/suomenrehtorit.fi\/web\/wp-content\/uploads\/sites\/2\/mcx\/2023-6\/heart-ge5d51459a_1920-1024x287.jpg\" alt=\"\" class=\"wp-image-1171\" srcset=\"https:\/\/suomenrehtorit.fi\/web\/wp-content\/uploads\/sites\/2\/mcx\/2023-6\/heart-ge5d51459a_1920-1024x287.jpg 1024w, https:\/\/suomenrehtorit.fi\/web\/wp-content\/uploads\/sites\/2\/mcx\/2023-6\/heart-ge5d51459a_1920-300x84.jpg 300w, https:\/\/suomenrehtorit.fi\/web\/wp-content\/uploads\/sites\/2\/mcx\/2023-6\/heart-ge5d51459a_1920-768x216.jpg 768w, https:\/\/suomenrehtorit.fi\/web\/wp-content\/uploads\/sites\/2\/mcx\/2023-6\/heart-ge5d51459a_1920-252x71.jpg 252w, https:\/\/suomenrehtorit.fi\/web\/wp-content\/uploads\/sites\/2\/mcx\/2023-6\/heart-ge5d51459a_1920-522x147.jpg 522w, https:\/\/suomenrehtorit.fi\/web\/wp-content\/uploads\/sites\/2\/mcx\/2023-6\/heart-ge5d51459a_1920-792x222.jpg 792w, https:\/\/suomenrehtorit.fi\/web\/wp-content\/uploads\/sites\/2\/mcx\/2023-6\/heart-ge5d51459a_1920-1062x298.jpg 1062w, https:\/\/suomenrehtorit.fi\/web\/wp-content\/uploads\/sites\/2\/mcx\/2023-6\/heart-ge5d51459a_1920-1536x431.jpg 1536w, https:\/\/suomenrehtorit.fi\/web\/wp-content\/uploads\/sites\/2\/mcx\/2023-6\/heart-ge5d51459a_1920.jpg 1920w\" sizes=\"auto, (max-width: 1024px) 100vw, 1024px\" \/><\/figure>\n\n\n\n<h1 class=\"wp-block-heading\">Kiitos sinulle!<\/h1>\n\n\n\n<p>Arvoisat j\u00e4senet,<\/p>\n\n\n\n<p>Haluan kiitt\u00e4\u00e4 teit\u00e4 kaikkia arvokkaasta ty\u00f6st\u00e4nne, jota teette koulutuksen parissa. Te olette koulujemme ja oppilaitostemme tukipilareita. Teid\u00e4n panoksenne ja sitoutumisenne ovat korvaamattomia, ja teid\u00e4n ty\u00f6nne merkitys n\u00e4kyy jokaisessa oppilaassa ja opiskelijassa.<\/p>\n\n\n\n<p>Te olette viime vuosina joutuneet kohtaamaan ennenn\u00e4kem\u00e4tt\u00f6mi\u00e4 haasteita ja paineita. Teid\u00e4n sitkeytens\u00e4 ja omistautumisensa ovat olleet esimerkillisi\u00e4, ja teid\u00e4n ty\u00f6nne arvo on noussut entist\u00e4kin suuremmaksi. Nykyinen ty\u00f6el\u00e4m\u00e4n tilanne n\u00e4kyy erityisesti lis\u00e4\u00e4ntyneen\u00e4 ty\u00f6kuormana ja stressin\u00e4, mik\u00e4 vaikuttaa rehtoreiden jaksamiseen ja hyvinvointiin.<\/p>\n\n\n\n<p>Toivon syd\u00e4mest\u00e4ni, ett\u00e4 jokainen teist\u00e4 saa joulun aikaan ansaittua lepoa ja rauhaa palautumiseen. Kiitos viel\u00e4 kerran kaikille j\u00e4senillemme teid\u00e4n arvokkaasta panoksestanne koulutuksen hyv\u00e4ksi.<\/p>\n\n\n\n<p>Lumisin terveisin<br>Toni Lehtinen<br>J\u00e4rjest\u00f6sihteeri<\/p>\n\n\n\n<p>\u201dLumit\u00f6it\u00e4 t\u00e4ytyy vaan rakastaa!\u201d<\/p>\n\n\n\n<figure class=\"wp-block-image size-medium\"><img loading=\"lazy\" decoding=\"async\" width=\"300\" height=\"200\" src=\"https:\/\/suomenrehtorit.fi\/web\/wp-content\/uploads\/sites\/2\/2024\/08\/vessi-lava2-300x200.jpg\" alt=\"\" class=\"wp-image-4203\" srcset=\"https:\/\/suomenrehtorit.fi\/web\/wp-content\/uploads\/sites\/2\/2024\/08\/vessi-lava2-300x200.jpg 300w, https:\/\/suomenrehtorit.fi\/web\/wp-content\/uploads\/sites\/2\/2024\/08\/vessi-lava2-1024x683.jpg 1024w, https:\/\/suomenrehtorit.fi\/web\/wp-content\/uploads\/sites\/2\/2024\/08\/vessi-lava2-768x512.jpg 768w, https:\/\/suomenrehtorit.fi\/web\/wp-content\/uploads\/sites\/2\/2024\/08\/vessi-lava2-252x168.jpg 252w, https:\/\/suomenrehtorit.fi\/web\/wp-content\/uploads\/sites\/2\/2024\/08\/vessi-lava2-522x348.jpg 522w, https:\/\/suomenrehtorit.fi\/web\/wp-content\/uploads\/sites\/2\/2024\/08\/vessi-lava2-792x528.jpg 792w, https:\/\/suomenrehtorit.fi\/web\/wp-content\/uploads\/sites\/2\/2024\/08\/vessi-lava2-1062x708.jpg 1062w, https:\/\/suomenrehtorit.fi\/web\/wp-content\/uploads\/sites\/2\/2024\/08\/vessi-lava2-1536x1024.jpg 1536w, https:\/\/suomenrehtorit.fi\/web\/wp-content\/uploads\/sites\/2\/2024\/08\/vessi-lava2-2048x1365.jpg 2048w\" sizes=\"auto, (max-width: 300px) 100vw, 300px\" \/><\/figure>\n\n\n\n<h2 class=\"wp-block-heading\"><strong>Typer\u00e4 ty\u00f6 rehtoreille<\/strong><\/h2>\n\n\n\n<p>Hei rehtori, t\u00e4ss\u00e4 7 vinkki\u00e4 kuinka typer\u00f6it ty\u00f6p\u00e4iv\u00e4si \ud83e\udd2f<\/p>\n\n\n\n<p><strong>\ud83d\udcf2<\/strong><strong>&nbsp;Sy\u00f6ksy heti viestimiin <\/strong><strong>\ud83d\udcf2<\/strong><\/p>\n\n\n\n<p>Unohda aamurauha ja turha suunnittelu: avaa s\u00e4hk\u00f6posti ja viestimet saman tien. Antamalla muiden johtaa p\u00e4iv\u00e4si kaaokseen, varmistat tuuliajolle p\u00e4\u00e4syn ennen kuin kahvi ehtii j\u00e4\u00e4hty\u00e4.<\/p>\n\n\n\n<p><strong>\ud83d\ude4f<\/strong><strong>&nbsp;Palvele kaikkia yksil\u00f6llisesti <\/strong><strong>\ud83d\ude4f<\/strong><\/p>\n\n\n\n<p>Haluaako joku opettaja viesti\u00e4 Telegramissa, toinen Whatsappissa? Totta kai se k\u00e4y. Kolmas haluaa muuttaa vakiosis\u00e4lt\u00f6j\u00e4 ja j\u00e4rjest\u00e4\u00e4 uudenlaisen joulujuhlan, musikaalina ulkoilmassa viikon varoajalla? Mik\u00e4 jottei. Parin vierailijan ryhm\u00e4 haluaisi sinun esittelev\u00e4n koulun toimintaa? Helpostihan siihen p\u00e4iv\u00e4 irtoaa.<\/p>\n\n\n\n<p><strong>\ud83e\udd39\u200d\u2640\ufe0f<\/strong><strong>&nbsp;Tee kaikkea yht\u00e4 aikaa <\/strong><strong>\ud83e\udd39\u200d\u2640\ufe0f<\/strong><\/p>\n\n\n\n<p>Keskittyminen on yliarvostettua &#8211; se on niille, ketk\u00e4 eiv\u00e4t osaa tehd\u00e4 montaa asiaa yhtaikaa. Pid\u00e4 viestimet, Wilma ja iltap\u00e4iv\u00e4lehdet jatkuvasti rinnakkain ruudullasi, niin p\u00e4\u00e4set nopeasti monitoheloinnin mestariksi.<\/p>\n\n\n\n<p><strong>\ud83e\udee8<\/strong><strong> Suista itsesi keskittymisen raiteilta <\/strong><strong>\ud83e\udee8<\/strong><\/p>\n\n\n\n<p>Oletko keskittynyt? Etsi nopeasti h\u00e4iri\u00f6tekij\u00e4. Kissavideo? Remonttip\u00e4tki\u00e4? Draamaa Wilmassa? Loistavaa! Todelliset typer\u00f6innit prot eiv\u00e4t tarvitse en\u00e4\u00e4 edes notifikaatioita, vaan keskeytt\u00e4v\u00e4t itsens\u00e4 ihan itse.<\/p>\n\n\n\n<p><strong>\ud83d\udd25<\/strong><strong>&nbsp;Puske kiireess\u00e4 eteenp\u00e4in <\/strong><strong>\ud83d\udd25<\/strong><\/p>\n\n\n\n<p>Kun mik\u00e4\u00e4n ei onnistu, kirist\u00e4 armottomasti tahtia ja puske maailma valmiiksi. Muista olla jatkuvasti kiireinen ja kertoa siit\u00e4 kaikille &#8211; siten saat my\u00f6s opettajat puskemaan p\u00e4in sein\u00e4\u00e4 kanssasi.<\/p>\n\n\n\n<p><strong>\ud83d\ude45<\/strong><strong> V\u00e4lttele kuin maestro <\/strong><strong>\ud83d\ude45<\/strong><\/p>\n\n\n\n<p>Ep\u00e4miellytt\u00e4v\u00e4 teht\u00e4v\u00e4? Vitkuttele, kunnes voit puskea sen viime tipassa hiki hatussa. Tai t\u00e4ht\u00e4\u00e4 niin t\u00e4ydelliseen lopputulokseen, ettet p\u00e4\u00e4se edes alkuun tai piplaat sen parissa tuntikaupalla.<\/p>\n\n\n\n<p><strong>\ud83e\udd37<\/strong><strong> P\u00e4\u00e4t\u00e4 p\u00e4iv\u00e4si limbossa <\/strong><strong>\ud83e\udd37<\/strong><\/p>\n\n\n\n<p>P\u00e4iv\u00e4n p\u00e4\u00e4tteeksi t\u00e4ht\u00e4\u00e4 v\u00e4litilaan, jossa et ole t\u00f6iss\u00e4 etk\u00e4 vapaalla. T\u00e4ss\u00e4 mielentilassa et palaudu, etk\u00e4 varsinkaan nauti vapaa-ajasta. T\u00e4ydellist\u00e4, eik\u00f6?<\/p>\n\n\n\n<p>N\u00e4ill\u00e4 saat ty\u00f6p\u00e4iv\u00e4si mestaritason typer\u00e4lle uralle \ud83c\udfc6<\/p>\n\n\n\n<p>Vessi Junalainen<br>Typer\u00e4n ty\u00f6n asiantuntija<br>Typeryyden Akatemia<\/p>\n\n\n\n<h2 class=\"wp-block-heading\">Erasmus+<\/h2>\n\n\n\n<figure class=\"wp-block-image size-large\"><img loading=\"lazy\" decoding=\"async\" width=\"1024\" height=\"710\" src=\"https:\/\/suomenrehtorit.fi\/web\/wp-content\/uploads\/sites\/2\/2024\/12\/OPH-Opetushallitus-Erasmus-166x115mm-OPETTAJA-10_2024-18.11.2024-1024x710.jpg\" alt=\"\" class=\"wp-image-4389\" srcset=\"https:\/\/suomenrehtorit.fi\/web\/wp-content\/uploads\/sites\/2\/2024\/12\/OPH-Opetushallitus-Erasmus-166x115mm-OPETTAJA-10_2024-18.11.2024-1024x710.jpg 1024w, https:\/\/suomenrehtorit.fi\/web\/wp-content\/uploads\/sites\/2\/2024\/12\/OPH-Opetushallitus-Erasmus-166x115mm-OPETTAJA-10_2024-18.11.2024-300x208.jpg 300w, https:\/\/suomenrehtorit.fi\/web\/wp-content\/uploads\/sites\/2\/2024\/12\/OPH-Opetushallitus-Erasmus-166x115mm-OPETTAJA-10_2024-18.11.2024-768x532.jpg 768w, https:\/\/suomenrehtorit.fi\/web\/wp-content\/uploads\/sites\/2\/2024\/12\/OPH-Opetushallitus-Erasmus-166x115mm-OPETTAJA-10_2024-18.11.2024-252x175.jpg 252w, https:\/\/suomenrehtorit.fi\/web\/wp-content\/uploads\/sites\/2\/2024\/12\/OPH-Opetushallitus-Erasmus-166x115mm-OPETTAJA-10_2024-18.11.2024-522x362.jpg 522w, https:\/\/suomenrehtorit.fi\/web\/wp-content\/uploads\/sites\/2\/2024\/12\/OPH-Opetushallitus-Erasmus-166x115mm-OPETTAJA-10_2024-18.11.2024-792x549.jpg 792w, https:\/\/suomenrehtorit.fi\/web\/wp-content\/uploads\/sites\/2\/2024\/12\/OPH-Opetushallitus-Erasmus-166x115mm-OPETTAJA-10_2024-18.11.2024-1062x736.jpg 1062w, https:\/\/suomenrehtorit.fi\/web\/wp-content\/uploads\/sites\/2\/2024\/12\/OPH-Opetushallitus-Erasmus-166x115mm-OPETTAJA-10_2024-18.11.2024-1536x1064.jpg 1536w, https:\/\/suomenrehtorit.fi\/web\/wp-content\/uploads\/sites\/2\/2024\/12\/OPH-Opetushallitus-Erasmus-166x115mm-OPETTAJA-10_2024-18.11.2024.jpg 1961w\" sizes=\"auto, (max-width: 1024px) 100vw, 1024px\" \/><\/figure>\n\n\n\n<h2 class=\"wp-block-heading\">Nordplus<\/h2>\n\n\n\n<figure class=\"wp-block-image size-full\"><img loading=\"lazy\" decoding=\"async\" width=\"630\" height=\"906\" src=\"https:\/\/suomenrehtorit.fi\/web\/wp-content\/uploads\/sites\/2\/2024\/12\/OPH-NordPlus-80x115mm-Opettaja-10_2024-18.11.2024.jpg\" alt=\"\" class=\"wp-image-4390\" srcset=\"https:\/\/suomenrehtorit.fi\/web\/wp-content\/uploads\/sites\/2\/2024\/12\/OPH-NordPlus-80x115mm-Opettaja-10_2024-18.11.2024.jpg 630w, https:\/\/suomenrehtorit.fi\/web\/wp-content\/uploads\/sites\/2\/2024\/12\/OPH-NordPlus-80x115mm-Opettaja-10_2024-18.11.2024-209x300.jpg 209w, https:\/\/suomenrehtorit.fi\/web\/wp-content\/uploads\/sites\/2\/2024\/12\/OPH-NordPlus-80x115mm-Opettaja-10_2024-18.11.2024-252x362.jpg 252w, https:\/\/suomenrehtorit.fi\/web\/wp-content\/uploads\/sites\/2\/2024\/12\/OPH-NordPlus-80x115mm-Opettaja-10_2024-18.11.2024-522x751.jpg 522w\" sizes=\"auto, (max-width: 630px) 100vw, 630px\" \/><\/figure>\n\n\n\n<figure class=\"wp-block-image size-large\"><img loading=\"lazy\" decoding=\"async\" width=\"1024\" height=\"579\" src=\"https:\/\/suomenrehtorit.fi\/web\/wp-content\/uploads\/sites\/2\/2023\/05\/Pro-Rexi-2025-Save-the-Date-1024x579.jpg\" alt=\"\" class=\"wp-image-4355\" srcset=\"https:\/\/suomenrehtorit.fi\/web\/wp-content\/uploads\/sites\/2\/2023\/05\/Pro-Rexi-2025-Save-the-Date-1024x579.jpg 1024w, https:\/\/suomenrehtorit.fi\/web\/wp-content\/uploads\/sites\/2\/2023\/05\/Pro-Rexi-2025-Save-the-Date-300x170.jpg 300w, https:\/\/suomenrehtorit.fi\/web\/wp-content\/uploads\/sites\/2\/2023\/05\/Pro-Rexi-2025-Save-the-Date-768x434.jpg 768w, https:\/\/suomenrehtorit.fi\/web\/wp-content\/uploads\/sites\/2\/2023\/05\/Pro-Rexi-2025-Save-the-Date-252x143.jpg 252w, https:\/\/suomenrehtorit.fi\/web\/wp-content\/uploads\/sites\/2\/2023\/05\/Pro-Rexi-2025-Save-the-Date-522x295.jpg 522w, https:\/\/suomenrehtorit.fi\/web\/wp-content\/uploads\/sites\/2\/2023\/05\/Pro-Rexi-2025-Save-the-Date-792x448.jpg 792w, https:\/\/suomenrehtorit.fi\/web\/wp-content\/uploads\/sites\/2\/2023\/05\/Pro-Rexi-2025-Save-the-Date-1062x601.jpg 1062w, https:\/\/suomenrehtorit.fi\/web\/wp-content\/uploads\/sites\/2\/2023\/05\/Pro-Rexi-2025-Save-the-Date-1536x869.jpg 1536w, https:\/\/suomenrehtorit.fi\/web\/wp-content\/uploads\/sites\/2\/2023\/05\/Pro-Rexi-2025-Save-the-Date-2048x1159.jpg 2048w\" sizes=\"auto, (max-width: 1024px) 100vw, 1024px\" \/><\/figure>\n","protected":false},"excerpt":{"rendered":"<p>Puheenjohtajan palsta Pro Rexi 27.-29.11.2024 \u2013 Suomen Rehtorit 50 vuotta Marraskuiset Pro Rexi-p\u00e4iv\u00e4t j\u00e4\u00e4v\u00e4t aikakirjoihin paitsi vuosittaisena p\u00e4\u00e4koulutustapahtumana, samalla my\u00f6s j\u00e4rjest\u00f6mme 50-vuotisen taipaleen juhlistamisesta. Paikka oli tavallisuudesta poikkeava, sill\u00e4 kokoonnuimme Helsingin lentoaseman yhteyteen vain puoli vuotta sitten valmistuneissa Clarion Hotel Helsinki Airportin uusissa tiloissa. Tapahtumaan osallistui liki 300 rehtoria ja se on l\u00e4pik\u00e4ydyn palautteen perusteella &#8230; <a title=\"J\u00e4senkirje 11\/2024\" class=\"read-more\" href=\"https:\/\/suomenrehtorit.fi\/web\/2024\/12\/16\/jasenkirje-11-2024\/\" aria-label=\"Lue lis\u00e4\u00e4 aiheesta J\u00e4senkirje 11\/2024\">Lue lis\u00e4\u00e4<\/a><\/p>\n","protected":false},"author":3,"featured_media":3807,"comment_status":"closed","ping_status":"closed","sticky":false,"template":"","format":"standard","meta":{"_uag_custom_page_level_css":"","footnotes":""},"categories":[23],"tags":[],"class_list":["post-4373","post","type-post","status-publish","format-standard","has-post-thumbnail","hentry","category-jasenkirje"],"uagb_featured_image_src":{"full":["https:\/\/suomenrehtorit.fi\/web\/wp-content\/uploads\/sites\/2\/2023\/12\/Hyvaa-joulua-.png",1080,1080,false],"thumbnail":["https:\/\/suomenrehtorit.fi\/web\/wp-content\/uploads\/sites\/2\/2023\/12\/Hyvaa-joulua--150x150.png",150,150,true],"medium":["https:\/\/suomenrehtorit.fi\/web\/wp-content\/uploads\/sites\/2\/2023\/12\/Hyvaa-joulua--300x300.png",300,300,true],"medium_large":["https:\/\/suomenrehtorit.fi\/web\/wp-content\/uploads\/sites\/2\/2023\/12\/Hyvaa-joulua--768x768.png",768,768,true],"large":["https:\/\/suomenrehtorit.fi\/web\/wp-content\/uploads\/sites\/2\/2023\/12\/Hyvaa-joulua--1024x1024.png",1024,1024,true],"magazine-cw3":["https:\/\/suomenrehtorit.fi\/web\/wp-content\/uploads\/sites\/2\/2023\/12\/Hyvaa-joulua--252x252.png",252,252,true],"magazine-cw6":["https:\/\/suomenrehtorit.fi\/web\/wp-content\/uploads\/sites\/2\/2023\/12\/Hyvaa-joulua--522x522.png",522,522,true],"magazine-cw9":["https:\/\/suomenrehtorit.fi\/web\/wp-content\/uploads\/sites\/2\/2023\/12\/Hyvaa-joulua--792x792.png",792,792,true],"magazine-cw12":["https:\/\/suomenrehtorit.fi\/web\/wp-content\/uploads\/sites\/2\/2023\/12\/Hyvaa-joulua--1062x1062.png",1062,1062,true],"magazine-thumb":["https:\/\/suomenrehtorit.fi\/web\/wp-content\/uploads\/sites\/2\/2023\/12\/Hyvaa-joulua--72x72.png",72,72,true],"magazine-toc":["https:\/\/suomenrehtorit.fi\/web\/wp-content\/uploads\/sites\/2\/2023\/12\/Hyvaa-joulua--126x126.png",126,126,true],"1536x1536":["https:\/\/suomenrehtorit.fi\/web\/wp-content\/uploads\/sites\/2\/2023\/12\/Hyvaa-joulua-.png",1080,1080,false],"2048x2048":["https:\/\/suomenrehtorit.fi\/web\/wp-content\/uploads\/sites\/2\/2023\/12\/Hyvaa-joulua-.png",1080,1080,false],"gform-image-choice-sm":["https:\/\/suomenrehtorit.fi\/web\/wp-content\/uploads\/sites\/2\/2023\/12\/Hyvaa-joulua-.png",300,300,false],"gform-image-choice-md":["https:\/\/suomenrehtorit.fi\/web\/wp-content\/uploads\/sites\/2\/2023\/12\/Hyvaa-joulua-.png",400,400,false],"gform-image-choice-lg":["https:\/\/suomenrehtorit.fi\/web\/wp-content\/uploads\/sites\/2\/2023\/12\/Hyvaa-joulua-.png",600,600,false]},"uagb_author_info":{"display_name":"Admin","author_link":"https:\/\/suomenrehtorit.fi\/web\/author\/toni-lehtinen\/"},"uagb_comment_info":0,"uagb_excerpt":"Puheenjohtajan palsta Pro Rexi 27.-29.11.2024 \u2013 Suomen Rehtorit 50 vuotta Marraskuiset Pro Rexi-p\u00e4iv\u00e4t j\u00e4\u00e4v\u00e4t aikakirjoihin paitsi vuosittaisena p\u00e4\u00e4koulutustapahtumana, samalla my\u00f6s j\u00e4rjest\u00f6mme 50-vuotisen taipaleen juhlistamisesta. Paikka oli tavallisuudesta poikkeava, sill\u00e4 kokoonnuimme Helsingin lentoaseman yhteyteen vain puoli vuotta sitten valmistuneissa Clarion Hotel Helsinki Airportin uusissa tiloissa. Tapahtumaan osallistui liki 300 rehtoria ja se on l\u00e4pik\u00e4ydyn palautteen perusteella&hellip;","_links":{"self":[{"href":"https:\/\/suomenrehtorit.fi\/web\/wp-json\/wp\/v2\/posts\/4373","targetHints":{"allow":["GET"]}}],"collection":[{"href":"https:\/\/suomenrehtorit.fi\/web\/wp-json\/wp\/v2\/posts"}],"about":[{"href":"https:\/\/suomenrehtorit.fi\/web\/wp-json\/wp\/v2\/types\/post"}],"author":[{"embeddable":true,"href":"https:\/\/suomenrehtorit.fi\/web\/wp-json\/wp\/v2\/users\/3"}],"replies":[{"embeddable":true,"href":"https:\/\/suomenrehtorit.fi\/web\/wp-json\/wp\/v2\/comments?post=4373"}],"version-history":[{"count":11,"href":"https:\/\/suomenrehtorit.fi\/web\/wp-json\/wp\/v2\/posts\/4373\/revisions"}],"predecessor-version":[{"id":4400,"href":"https:\/\/suomenrehtorit.fi\/web\/wp-json\/wp\/v2\/posts\/4373\/revisions\/4400"}],"wp:featuredmedia":[{"embeddable":true,"href":"https:\/\/suomenrehtorit.fi\/web\/wp-json\/wp\/v2\/media\/3807"}],"wp:attachment":[{"href":"https:\/\/suomenrehtorit.fi\/web\/wp-json\/wp\/v2\/media?parent=4373"}],"wp:term":[{"taxonomy":"category","embeddable":true,"href":"https:\/\/suomenrehtorit.fi\/web\/wp-json\/wp\/v2\/categories?post=4373"},{"taxonomy":"post_tag","embeddable":true,"href":"https:\/\/suomenrehtorit.fi\/web\/wp-json\/wp\/v2\/tags?post=4373"}],"curies":[{"name":"wp","href":"https:\/\/api.w.org\/{rel}","templated":true}]}}