{"id":4469,"date":"2025-01-24T19:45:46","date_gmt":"2025-01-24T17:45:46","guid":{"rendered":"https:\/\/suomenrehtorit.fi\/web\/?p=4469"},"modified":"2025-01-24T19:47:09","modified_gmt":"2025-01-24T17:47:09","slug":"suomen-rehtorit-ryn-uusi-puheenjohtajisto-valittu","status":"publish","type":"post","link":"https:\/\/suomenrehtorit.fi\/web\/2025\/01\/24\/suomen-rehtorit-ryn-uusi-puheenjohtajisto-valittu\/","title":{"rendered":"Suomen Rehtorit ry:n uusi puheenjohtajisto valittu"},"content":{"rendered":"\n<p>Suomen Rehtorit ry:n vuosikokous on t\u00e4n\u00e4\u00e4n valinnut j\u00e4rjest\u00f6lle uudeksi puheenjohtajaksi P\u00e4ivi Ikolan Tampereelta. Uudeksi varapuheenjohtajaksi valittiin Hanne Lahtinen Mikkelist\u00e4.<\/p>\n\n\n\n<figure class=\"wp-block-image size-large\"><img loading=\"lazy\" decoding=\"async\" width=\"576\" height=\"1024\" src=\"https:\/\/suomenrehtorit.fi\/web\/wp-content\/uploads\/sites\/2\/2025\/01\/20250124_190449-576x1024.jpg\" alt=\"\" class=\"wp-image-4470\" srcset=\"https:\/\/suomenrehtorit.fi\/web\/wp-content\/uploads\/sites\/2\/2025\/01\/20250124_190449-576x1024.jpg 576w, https:\/\/suomenrehtorit.fi\/web\/wp-content\/uploads\/sites\/2\/2025\/01\/20250124_190449-169x300.jpg 169w, https:\/\/suomenrehtorit.fi\/web\/wp-content\/uploads\/sites\/2\/2025\/01\/20250124_190449-768x1365.jpg 768w, https:\/\/suomenrehtorit.fi\/web\/wp-content\/uploads\/sites\/2\/2025\/01\/20250124_190449-252x448.jpg 252w, https:\/\/suomenrehtorit.fi\/web\/wp-content\/uploads\/sites\/2\/2025\/01\/20250124_190449-522x928.jpg 522w, https:\/\/suomenrehtorit.fi\/web\/wp-content\/uploads\/sites\/2\/2025\/01\/20250124_190449-792x1408.jpg 792w, https:\/\/suomenrehtorit.fi\/web\/wp-content\/uploads\/sites\/2\/2025\/01\/20250124_190449-1062x1887.jpg 1062w, https:\/\/suomenrehtorit.fi\/web\/wp-content\/uploads\/sites\/2\/2025\/01\/20250124_190449-864x1536.jpg 864w, https:\/\/suomenrehtorit.fi\/web\/wp-content\/uploads\/sites\/2\/2025\/01\/20250124_190449-1152x2048.jpg 1152w, https:\/\/suomenrehtorit.fi\/web\/wp-content\/uploads\/sites\/2\/2025\/01\/20250124_190449-scaled.jpg 1440w\" sizes=\"auto, (max-width: 576px) 100vw, 576px\" \/><\/figure>\n\n\n\n<p>Lis\u00e4ksi vuosikokous valitsi viisi hallituksen varsinaista j\u00e4sent\u00e4 ja heid\u00e4n henkil\u00f6kohtaiset varaj\u00e4senet.<\/p>\n\n\n\n<figure class=\"wp-block-table\"><table class=\"has-fixed-layout\"><tbody><tr><td>V<strong>arsinainen j\u00e4sen<\/strong><\/td><td><strong>V<\/strong><strong>araj\u00e4sen<\/strong><\/td><\/tr><tr><td>Jyrki Rosti (P\u00e4ij\u00e4t-H\u00e4me)<\/td><td>Jaana Selkil\u00e4 (Pirkanmaa)<\/td><\/tr><tr><td>Anu Tiilikainen (Kymenlaakso)<\/td><td>Juha Kujanp\u00e4\u00e4 (Uusimaa)<\/td><\/tr><tr><td>Jarkko Rieppo (Pohjois-Karjala)<\/td><td>Teemu Mustonen (Pohjois-Savo)<\/td><\/tr><tr><td>Ulla-Maria \u00c5strand (Keski-Pohjanmaa)<\/td><td>Satu Lahti (Keski-Suomi)<\/td><\/tr><tr><td>Sami Peltonen (Aikuislukiot)<\/td><td>Anne Onnela (Harjoittelukoulut)<\/td><\/tr><\/tbody><\/table><\/figure>\n","protected":false},"excerpt":{"rendered":"<p>Suomen Rehtorit ry:n vuosikokous on t\u00e4n\u00e4\u00e4n valinnut j\u00e4rjest\u00f6lle uudeksi puheenjohtajaksi P\u00e4ivi Ikolan Tampereelta. Uudeksi varapuheenjohtajaksi valittiin Hanne Lahtinen Mikkelist\u00e4. Lis\u00e4ksi vuosikokous valitsi viisi hallituksen varsinaista j\u00e4sent\u00e4 ja heid\u00e4n henkil\u00f6kohtaiset varaj\u00e4senet. Varsinainen j\u00e4sen Varaj\u00e4sen Jyrki Rosti (P\u00e4ij\u00e4t-H\u00e4me) Jaana Selkil\u00e4 (Pirkanmaa) Anu Tiilikainen (Kymenlaakso) Juha Kujanp\u00e4\u00e4 (Uusimaa) Jarkko Rieppo (Pohjois-Karjala) Teemu Mustonen (Pohjois-Savo) Ulla-Maria \u00c5strand (Keski-Pohjanmaa) Satu &#8230; <a title=\"Suomen Rehtorit ry:n uusi puheenjohtajisto valittu\" class=\"read-more\" href=\"https:\/\/suomenrehtorit.fi\/web\/2025\/01\/24\/suomen-rehtorit-ryn-uusi-puheenjohtajisto-valittu\/\" aria-label=\"Lue lis\u00e4\u00e4 aiheesta Suomen Rehtorit ry:n uusi puheenjohtajisto valittu\">Lue lis\u00e4\u00e4<\/a><\/p>\n","protected":false},"author":3,"featured_media":29,"comment_status":"closed","ping_status":"closed","sticky":false,"template":"","format":"standard","meta":{"_uag_custom_page_level_css":"","footnotes":""},"categories":[25,24],"tags":[],"class_list":["post-4469","post","type-post","status-publish","format-standard","has-post-thumbnail","hentry","category-etusivun-uutinen","category-uutisarkisto"],"uagb_featured_image_src":{"full":["https:\/\/suomenrehtorit.fi\/web\/wp-content\/uploads\/sites\/2\/2023\/04\/cropped-suomen_rehtorit_favicon_512x512.png",512,512,false],"thumbnail":["https:\/\/suomenrehtorit.fi\/web\/wp-content\/uploads\/sites\/2\/2023\/04\/cropped-suomen_rehtorit_favicon_512x512-150x150.png",150,150,true],"medium":["https:\/\/suomenrehtorit.fi\/web\/wp-content\/uploads\/sites\/2\/2023\/04\/cropped-suomen_rehtorit_favicon_512x512-300x300.png",300,300,true],"medium_large":["https:\/\/suomenrehtorit.fi\/web\/wp-content\/uploads\/sites\/2\/2023\/04\/cropped-suomen_rehtorit_favicon_512x512.png",512,512,false],"large":["https:\/\/suomenrehtorit.fi\/web\/wp-content\/uploads\/sites\/2\/2023\/04\/cropped-suomen_rehtorit_favicon_512x512.png",512,512,false],"magazine-cw3":["https:\/\/suomenrehtorit.fi\/web\/wp-content\/uploads\/sites\/2\/2023\/04\/cropped-suomen_rehtorit_favicon_512x512.png",252,252,false],"magazine-cw6":["https:\/\/suomenrehtorit.fi\/web\/wp-content\/uploads\/sites\/2\/2023\/04\/cropped-suomen_rehtorit_favicon_512x512.png",512,512,false],"magazine-cw9":["https:\/\/suomenrehtorit.fi\/web\/wp-content\/uploads\/sites\/2\/2023\/04\/cropped-suomen_rehtorit_favicon_512x512.png",512,512,false],"magazine-cw12":["https:\/\/suomenrehtorit.fi\/web\/wp-content\/uploads\/sites\/2\/2023\/04\/cropped-suomen_rehtorit_favicon_512x512.png",512,512,false],"magazine-thumb":["https:\/\/suomenrehtorit.fi\/web\/wp-content\/uploads\/sites\/2\/2023\/04\/cropped-suomen_rehtorit_favicon_512x512.png",72,72,false],"magazine-toc":["https:\/\/suomenrehtorit.fi\/web\/wp-content\/uploads\/sites\/2\/2023\/04\/cropped-suomen_rehtorit_favicon_512x512.png",126,126,false],"1536x1536":["https:\/\/suomenrehtorit.fi\/web\/wp-content\/uploads\/sites\/2\/2023\/04\/cropped-suomen_rehtorit_favicon_512x512.png",512,512,false],"2048x2048":["https:\/\/suomenrehtorit.fi\/web\/wp-content\/uploads\/sites\/2\/2023\/04\/cropped-suomen_rehtorit_favicon_512x512.png",512,512,false],"gform-image-choice-sm":["https:\/\/suomenrehtorit.fi\/web\/wp-content\/uploads\/sites\/2\/2023\/04\/cropped-suomen_rehtorit_favicon_512x512.png",300,300,false],"gform-image-choice-md":["https:\/\/suomenrehtorit.fi\/web\/wp-content\/uploads\/sites\/2\/2023\/04\/cropped-suomen_rehtorit_favicon_512x512.png",400,400,false],"gform-image-choice-lg":["https:\/\/suomenrehtorit.fi\/web\/wp-content\/uploads\/sites\/2\/2023\/04\/cropped-suomen_rehtorit_favicon_512x512.png",512,512,false]},"uagb_author_info":{"display_name":"Admin","author_link":"https:\/\/suomenrehtorit.fi\/web\/author\/toni-lehtinen\/"},"uagb_comment_info":0,"uagb_excerpt":"Suomen Rehtorit ry:n vuosikokous on t\u00e4n\u00e4\u00e4n valinnut j\u00e4rjest\u00f6lle uudeksi puheenjohtajaksi P\u00e4ivi Ikolan Tampereelta. Uudeksi varapuheenjohtajaksi valittiin Hanne Lahtinen Mikkelist\u00e4. Lis\u00e4ksi vuosikokous valitsi viisi hallituksen varsinaista j\u00e4sent\u00e4 ja heid\u00e4n henkil\u00f6kohtaiset varaj\u00e4senet. Varsinainen j\u00e4sen Varaj\u00e4sen Jyrki Rosti (P\u00e4ij\u00e4t-H\u00e4me) Jaana Selkil\u00e4 (Pirkanmaa) Anu Tiilikainen (Kymenlaakso) Juha Kujanp\u00e4\u00e4 (Uusimaa) Jarkko Rieppo (Pohjois-Karjala) Teemu Mustonen (Pohjois-Savo) Ulla-Maria \u00c5strand (Keski-Pohjanmaa) Satu&hellip;","_links":{"self":[{"href":"https:\/\/suomenrehtorit.fi\/web\/wp-json\/wp\/v2\/posts\/4469","targetHints":{"allow":["GET"]}}],"collection":[{"href":"https:\/\/suomenrehtorit.fi\/web\/wp-json\/wp\/v2\/posts"}],"about":[{"href":"https:\/\/suomenrehtorit.fi\/web\/wp-json\/wp\/v2\/types\/post"}],"author":[{"embeddable":true,"href":"https:\/\/suomenrehtorit.fi\/web\/wp-json\/wp\/v2\/users\/3"}],"replies":[{"embeddable":true,"href":"https:\/\/suomenrehtorit.fi\/web\/wp-json\/wp\/v2\/comments?post=4469"}],"version-history":[{"count":2,"href":"https:\/\/suomenrehtorit.fi\/web\/wp-json\/wp\/v2\/posts\/4469\/revisions"}],"predecessor-version":[{"id":4472,"href":"https:\/\/suomenrehtorit.fi\/web\/wp-json\/wp\/v2\/posts\/4469\/revisions\/4472"}],"wp:featuredmedia":[{"embeddable":true,"href":"https:\/\/suomenrehtorit.fi\/web\/wp-json\/wp\/v2\/media\/29"}],"wp:attachment":[{"href":"https:\/\/suomenrehtorit.fi\/web\/wp-json\/wp\/v2\/media?parent=4469"}],"wp:term":[{"taxonomy":"category","embeddable":true,"href":"https:\/\/suomenrehtorit.fi\/web\/wp-json\/wp\/v2\/categories?post=4469"},{"taxonomy":"post_tag","embeddable":true,"href":"https:\/\/suomenrehtorit.fi\/web\/wp-json\/wp\/v2\/tags?post=4469"}],"curies":[{"name":"wp","href":"https:\/\/api.w.org\/{rel}","templated":true}]}}