{"id":761,"date":"2019-03-15T07:34:09","date_gmt":"2019-03-15T07:34:09","guid":{"rendered":"https:\/\/suomenrehtorit.fi\/web\/?p=761"},"modified":"2023-08-07T06:47:13","modified_gmt":"2023-08-07T06:47:13","slug":"jasenkirje-3-2019","status":"publish","type":"post","link":"https:\/\/suomenrehtorit.fi\/web\/2019\/03\/15\/jasenkirje-3-2019\/","title":{"rendered":"J\u00e4senkirje 3\/2019"},"content":{"rendered":"<h1>Puheenjohtajalta<\/h1>\n<p><a href=\"https:\/\/suomenrehtorit.fi\/web\/wp-content\/uploads\/sites\/2\/mcx\/2023-6\/Antti-uusin.jpg\"><img loading=\"lazy\" decoding=\"async\" class=\"alignnone size-medium wp-image-762\" src=\"https:\/\/suomenrehtorit.fi\/web\/wp-content\/uploads\/sites\/2\/mcx\/2023-6\/Antti-uusin-231x300.jpg\" alt=\"\" width=\"231\" height=\"300\" srcset=\"https:\/\/suomenrehtorit.fi\/web\/wp-content\/uploads\/sites\/2\/mcx\/2023-6\/Antti-uusin-231x300.jpg 231w, https:\/\/suomenrehtorit.fi\/web\/wp-content\/uploads\/sites\/2\/mcx\/2023-6\/Antti-uusin-788x1024.jpg 788w, https:\/\/suomenrehtorit.fi\/web\/wp-content\/uploads\/sites\/2\/mcx\/2023-6\/Antti-uusin-768x999.jpg 768w, https:\/\/suomenrehtorit.fi\/web\/wp-content\/uploads\/sites\/2\/mcx\/2023-6\/Antti-uusin-252x328.jpg 252w, https:\/\/suomenrehtorit.fi\/web\/wp-content\/uploads\/sites\/2\/mcx\/2023-6\/Antti-uusin-522x679.jpg 522w, https:\/\/suomenrehtorit.fi\/web\/wp-content\/uploads\/sites\/2\/mcx\/2023-6\/Antti-uusin-792x1030.jpg 792w, https:\/\/suomenrehtorit.fi\/web\/wp-content\/uploads\/sites\/2\/mcx\/2023-6\/Antti-uusin.jpg 866w\" sizes=\"auto, (max-width: 231px) 100vw, 231px\" \/><\/a><\/p>\n<h1>Esitys esimiesten alueellisen edunvalvontaty\u00f6n vahvistamisesta<\/h1>\n<p style=\"text-align: justify;\">Maassamme on opetusalalla jopa poikkeuksellinen j\u00e4rjest\u00f6rakenne, jossa toimialan esimiehet kuuluvat samaan ammattij\u00e4rjest\u00f6\u00f6n opettajaty\u00f6ntekij\u00f6iden kanssa. Esimiehet ovat kuitenkin Opetusalan ammattij\u00e4rjest\u00f6 OAJ:n sis\u00e4ll\u00e4 opettajaj\u00e4seniin verrattuna pieni joukko niin paikallisissa yhdistyksiss\u00e4 kuin my\u00f6s valtakunnallisesti. Esimerkiksi ristiriitatilanteissa asetelma on haasteellinen esimiesj\u00e4senten kannalta. My\u00f6s esimiesten ty\u00f6ehtoihin liittyv\u00e4t kysymykset ovat t\u00e4n\u00e4 p\u00e4iv\u00e4n\u00e4 hyvin yksil\u00f6llisi\u00e4, ja k\u00e4yt\u00e4nn\u00f6ss\u00e4 kahta samanlaista esimiesteht\u00e4v\u00e4\u00e4 on vaikeaa l\u00f6yt\u00e4\u00e4. T\u00e4st\u00e4 kaikesta seuraa erityinen tarve esimiesten palveluneuvonnalle virka- ja ty\u00f6ehtosopimuksiin liittyviss\u00e4 kysymyksiss\u00e4. T\u00e4m\u00e4 perusasetelma aiheuttaa edunvalvonnallisen haasteen, sill\u00e4 liian usein esimiehet j\u00e4\u00e4v\u00e4t yksin omien asioidensa kanssa. J\u00e4senpalautteen perusteella tied\u00e4mme, ett\u00e4 esimiehet kokevat selke\u00e4\u00e4 tarvetta edunvalvontaty\u00f6n kehitt\u00e4miselle omalla kohdallaan. Edell\u00e4 mainitun johdosta olemme j\u00e4tt\u00e4neet yhdess\u00e4 esimiehi\u00e4 edustavien j\u00e4rjest\u00f6jen puheenjohtajien kanssa 28.2.2019 OAJ:n hallitukselle puheenjohtaja Olli Luukkaisen kautta aloitteen esimiesten alueellisen edunvalvontaty\u00f6n vahvistamisesta. Aloitteen allekirjoittivat SURE:n pj Antti Ikonen, Opsia:n pj Virpi Lehmusvaara, Lastentarhanopettajaliiton pj Anitta Pakanen sek\u00e4 KEA:n pj Katri Tuomainen. Aloite on kokonaisuudessaan luettavissa SURE:n kotisivuilta oheisen linkin kautta <a href=\"https:\/\/suomenrehtorit.fi\/web\/2019\/03\/15\/esimiesten-alueellisen-edunvalvonnan-kehittaminen\/\" target=\"_blank\" rel=\"noopener\">https:\/\/surefire.fi\/web\/2019\/03\/15\/esimiesten-alueellisen-edunvalvonnan-kehittaminen\/<\/a>.<\/p>\n<p><a href=\"https:\/\/suomenrehtorit.fi\/web\/wp-content\/uploads\/sites\/2\/mcx\/2023-6\/fist-pump.jpg\"><img loading=\"lazy\" decoding=\"async\" class=\"alignnone size-medium wp-image-764\" src=\"https:\/\/suomenrehtorit.fi\/web\/wp-content\/uploads\/sites\/2\/mcx\/2023-6\/fist-pump-300x205.jpg\" alt=\"\" width=\"300\" height=\"205\" srcset=\"https:\/\/suomenrehtorit.fi\/web\/wp-content\/uploads\/sites\/2\/mcx\/2023-6\/fist-pump-300x205.jpg 300w, https:\/\/suomenrehtorit.fi\/web\/wp-content\/uploads\/sites\/2\/mcx\/2023-6\/fist-pump-252x172.jpg 252w, https:\/\/suomenrehtorit.fi\/web\/wp-content\/uploads\/sites\/2\/mcx\/2023-6\/fist-pump.jpg 498w\" sizes=\"auto, (max-width: 300px) 100vw, 300px\" \/><\/a><\/p>\n<h1>Rehtorin terveys ja hyvinvointikysely l\u00e4hestyy!<\/h1>\n<p style=\"text-align: justify;\">Kev\u00e4\u00e4n ensimm\u00e4inen Rexi-lehti on hiljattain ilmestynyt j\u00e4senillemme. Siin\u00e4 kerroimme piakkoin tulossa olevasta kyselytutkimuksesta meid\u00e4n esimiesten omasta terveyden- ja hyvinvoinnin tilasta. Kyselyn tekninen valmistelu valmistuu tuota pikaa. Meill\u00e4 on eritt\u00e4in vahva, korkeatasoinen ja viel\u00e4p\u00e4 kansainv\u00e4linen akateeminen toimijataho taustalla. Australialainen professori Phil Riley on saanut suomalaisiksi akateemisiksi kumppaneikseen professorit Katariina Salmela-Aron ja Minna Huotilaisen Helsingin yliopistosta. Valmistelemme parhaillaan my\u00f6s kyselyn jakelukanavia, jotta voimme varmistaa sen p\u00e4\u00e4tymisen mahdollisimman hyvin kaikille kohderyhm\u00e4\u00e4n kuuluville rehtoreille, apulais- ja vararehtoreille, koulunjohtajille ja apulaisjohtajille. Kysely on r\u00e4\u00e4t\u00e4l\u00f6ity erityisesti oppilaisjohtajien tarpeisiin ja se on toteutettu Australissa vuodesta 2011 l\u00e4htien. Koska kyselyll\u00e4 tavoitellaan eritt\u00e4in syv\u00e4llist\u00e4 tietoa, se on my\u00f6s laaja. T\u00e4m\u00e4n takia vastaamiseen kannattaa varata riitt\u00e4v\u00e4sti aikaa. Kyselyyn vastaaminen ja sen antama palaute on kuitenkin koettu niin palkitsevaksi, ett\u00e4 olemme kuulleet muista maista jopa el\u00e4kkeelle j\u00e4\u00e4neiden rehtoreiden toivoneen voivansa vastata siihen. Nyt tarvitsemme kuitenkin sinun apuasi! Vastaamalla autat itsesi lis\u00e4ksi koko ammattikuntaamme tuottamalla ainutlaatuista tietoa oppilaitosjohtajien ty\u00f6hyvinvoinnin tilasta maassamme. Lis\u00e4\u00e4 tutkimuksen tavoitteista Rexi 1\/2019 numerosta.<\/p>\n<p><a href=\"https:\/\/suomenrehtorit.fi\/web\/wp-content\/uploads\/sites\/2\/mcx\/2023-6\/Kivet-paallekkain.jpg\"><img loading=\"lazy\" decoding=\"async\" class=\"alignnone size-medium wp-image-765\" src=\"https:\/\/suomenrehtorit.fi\/web\/wp-content\/uploads\/sites\/2\/mcx\/2023-6\/Kivet-paallekkain-300x136.jpg\" alt=\"\" width=\"300\" height=\"136\" srcset=\"https:\/\/suomenrehtorit.fi\/web\/wp-content\/uploads\/sites\/2\/mcx\/2023-6\/Kivet-paallekkain-300x136.jpg 300w, https:\/\/suomenrehtorit.fi\/web\/wp-content\/uploads\/sites\/2\/mcx\/2023-6\/Kivet-paallekkain-252x114.jpg 252w, https:\/\/suomenrehtorit.fi\/web\/wp-content\/uploads\/sites\/2\/mcx\/2023-6\/Kivet-paallekkain-522x236.jpg 522w, https:\/\/suomenrehtorit.fi\/web\/wp-content\/uploads\/sites\/2\/mcx\/2023-6\/Kivet-paallekkain.jpg 751w\" sizes=\"auto, (max-width: 300px) 100vw, 300px\" \/><\/a><\/p>\n<p style=\"text-align: justify;\">ISTP 2019-kokous ensimm\u00e4ist\u00e4 kertaa Suomessa 13.-15.3.2019<\/p>\n<p style=\"text-align: justify;\">International Summit on the Teaching Profession (ISTP) on tapahtuma, joka on vuodesta 2011 l\u00e4htien koonnut vuosittain yhteen parikymment\u00e4 PISA-tutkimuksessa parhaiten menestyneen maan opetusministeri\u00e4 ja opetusalan ammattij\u00e4rjest\u00f6johtoa. Vaikka Suomi on saanut hyv\u00e4n menestyksens\u00e4 johdosta osallistua jokaiseen t\u00e4h\u00e4n menness\u00e4 j\u00e4rjestettyyn ISTP-kokoukseen, kokous j\u00e4rjestettiin nyt ensimm\u00e4ist\u00e4 kertaa maassamme Espoon Dipolissa 13.-15.3.2019. T\u00e4ll\u00e4 kertaa tapaamisen kolme p\u00e4\u00e4teemaa olivat johtaminen, varhaiskasvatus ja kest\u00e4v\u00e4 kehitys. ISTP-kokousten suuri oivallus on, ett\u00e4 kansallista koulutusj\u00e4rjestelm\u00e4\u00e4 voidaan parhaiten kehitt\u00e4\u00e4 poliittisten toimijoiden ja opetusalan organisaatioiden ja ammattilaisten hyv\u00e4ll\u00e4 yhteisty\u00f6ll\u00e4. ISTP-tapaamisten taustamateriaaliksi tuotetaan my\u00f6s korkealaatuista tutkimustietoa seminaarin teemoista, joita on koonnut mm. PISA- ja TALIS-tutkimuksien analysoinneissa ansioitunut johtaja Andreas Schleicher. Harmillista kyll\u00e4, seminaari osui aikaan, jolloin maamme hallitus oli vain vajaa viikko sitten ilmoittanut erostaan. T\u00e4m\u00e4 johti vaalien l\u00e4heisyyden vuoksi jo valmisteltujen medianostojen huomattavaan vaimenemiseen. T\u00e4m\u00e4 sattumus ei silti v\u00e4henn\u00e4 tapahtumamaan valinnan osoittamaa arvostusta suomalaista koulutusj\u00e4rjestelm\u00e4\u00e4 ja sen laatua kohtaan.<\/p>\n<p><a href=\"https:\/\/suomenrehtorit.fi\/web\/wp-content\/uploads\/sites\/2\/mcx\/2023-6\/ISTP.jpg\"><img loading=\"lazy\" decoding=\"async\" class=\"alignnone size-medium wp-image-766\" src=\"https:\/\/suomenrehtorit.fi\/web\/wp-content\/uploads\/sites\/2\/mcx\/2023-6\/ISTP-300x137.jpg\" alt=\"\" width=\"300\" height=\"137\" srcset=\"https:\/\/suomenrehtorit.fi\/web\/wp-content\/uploads\/sites\/2\/mcx\/2023-6\/ISTP-300x137.jpg 300w, https:\/\/suomenrehtorit.fi\/web\/wp-content\/uploads\/sites\/2\/mcx\/2023-6\/ISTP-1024x469.jpg 1024w, https:\/\/suomenrehtorit.fi\/web\/wp-content\/uploads\/sites\/2\/mcx\/2023-6\/ISTP-768x352.jpg 768w, https:\/\/suomenrehtorit.fi\/web\/wp-content\/uploads\/sites\/2\/mcx\/2023-6\/ISTP-252x115.jpg 252w, https:\/\/suomenrehtorit.fi\/web\/wp-content\/uploads\/sites\/2\/mcx\/2023-6\/ISTP-522x239.jpg 522w, https:\/\/suomenrehtorit.fi\/web\/wp-content\/uploads\/sites\/2\/mcx\/2023-6\/ISTP-792x363.jpg 792w, https:\/\/suomenrehtorit.fi\/web\/wp-content\/uploads\/sites\/2\/mcx\/2023-6\/ISTP-1062x487.jpg 1062w, https:\/\/suomenrehtorit.fi\/web\/wp-content\/uploads\/sites\/2\/mcx\/2023-6\/ISTP.jpg 1170w\" sizes=\"auto, (max-width: 300px) 100vw, 300px\" \/><\/a><\/p>\n<h1>Johtajuutta tarvitaan kaikilla tasoilla aina poliittisesta p\u00e4\u00e4t\u00f6ksenteosta k\u00e4yt\u00e4nt\u00f6\u00f6n saakka<\/h1>\n<p style=\"text-align: justify;\">Jo aiemmissa ISTP-tapaamisissa k\u00e4yty keskustelu johtamisesta on luonut selv\u00e4n kuvan siit\u00e4, ettei kukaan ihminen yksin voi menestyksekk\u00e4\u00e4sti selviyty\u00e4 kaikista teht\u00e4vist\u00e4, joita oppilaitosten johtajat kohtaavat. Jo yksin t\u00e4m\u00e4n takia jaetun ja osallistavan johtamisen mallit ovat oppilaitoksen tasolla v\u00e4ltt\u00e4m\u00e4tt\u00f6mi\u00e4. Vaikka osallistavasta johtajuudesta on tiedossa paljon kiinnostavia k\u00e4yt\u00e4nteit\u00e4, sen vaikuttavuudesta ei ole viel\u00e4 liiaksi tutkimustietoa. Yksi haaste kansainv\u00e4lisess\u00e4 vertailussa on my\u00f6s se, ett\u00e4 jo osallistavan johtamisen k\u00e4site ymm\u00e4rret\u00e4\u00e4n hyvin eri lailla eri maissa. Tutkimustiedon mukaan organisaation kehitt\u00e4minen tuottaa kuitenkin parhaita tuloksia, kun koko koulun ammattilaisten joukko osallistetaan mukaan ty\u00f6h\u00f6n ja n\u00e4in my\u00f6s johtamisen ja kehitt\u00e4misen vastuuta jaetaan laajemmin yhteis\u00f6ss\u00e4. Vaikka koulujen ja niiden esimiesten vahva ja oma-aloitteinen kehitt\u00e4misty\u00f6 on ratkaisevassa asemassa, ne eiv\u00e4t saa j\u00e4\u00e4d\u00e4 t\u00e4ss\u00e4 ty\u00f6ss\u00e4\u00e4n kuitenkaan yksin. Yhdess\u00e4 johtamisen k\u00e4sitett\u00e4 on t\u00e4rke\u00e4\u00e4 laajentaa kattamaan koko koulutusj\u00e4rjestelm\u00e4\u00e4. Menestykselliseen ty\u00f6h\u00f6n tarvitaan mukaan niin paikallinen opetuksen j\u00e4rjest\u00e4j\u00e4taso kuin kansallinen taso, mutta my\u00f6s poliittisten toimijoiden taso niin paikallisesti kuin kansallisesti.<\/p>\n<p><a href=\"https:\/\/suomenrehtorit.fi\/web\/wp-content\/uploads\/sites\/2\/mcx\/2023-6\/ISTP-2019-kyltti.jpg\"><img loading=\"lazy\" decoding=\"async\" class=\"alignnone size-medium wp-image-767\" src=\"https:\/\/suomenrehtorit.fi\/web\/wp-content\/uploads\/sites\/2\/mcx\/2023-6\/ISTP-2019-kyltti-300x225.jpg\" alt=\"\" width=\"300\" height=\"225\" srcset=\"https:\/\/suomenrehtorit.fi\/web\/wp-content\/uploads\/sites\/2\/mcx\/2023-6\/ISTP-2019-kyltti-300x225.jpg 300w, https:\/\/suomenrehtorit.fi\/web\/wp-content\/uploads\/sites\/2\/mcx\/2023-6\/ISTP-2019-kyltti-252x189.jpg 252w, https:\/\/suomenrehtorit.fi\/web\/wp-content\/uploads\/sites\/2\/mcx\/2023-6\/ISTP-2019-kyltti-522x392.jpg 522w, https:\/\/suomenrehtorit.fi\/web\/wp-content\/uploads\/sites\/2\/mcx\/2023-6\/ISTP-2019-kyltti.jpg 640w\" sizes=\"auto, (max-width: 300px) 100vw, 300px\" \/><\/a><\/p>\n<p>Antti Ikonen<br \/>\npj Suomen Rehtorit<br \/>\ntwitter: @AnttiIkonen<\/p>\n<p><a href=\"https:\/\/kodinjakoulunpaiva.fi\/toimintavinkkeja\/ \"><img loading=\"lazy\" decoding=\"async\" class=\"alignnone size-medium wp-image-768\" src=\"https:\/\/suomenrehtorit.fi\/web\/wp-content\/uploads\/sites\/2\/mcx\/2023-6\/Poimi-talteen-ideoita_kuva-300x136.jpg\" alt=\"\" width=\"300\" height=\"136\" srcset=\"https:\/\/suomenrehtorit.fi\/web\/wp-content\/uploads\/sites\/2\/mcx\/2023-6\/Poimi-talteen-ideoita_kuva-300x136.jpg 300w, https:\/\/suomenrehtorit.fi\/web\/wp-content\/uploads\/sites\/2\/mcx\/2023-6\/Poimi-talteen-ideoita_kuva-1024x463.jpg 1024w, https:\/\/suomenrehtorit.fi\/web\/wp-content\/uploads\/sites\/2\/mcx\/2023-6\/Poimi-talteen-ideoita_kuva-768x347.jpg 768w, https:\/\/suomenrehtorit.fi\/web\/wp-content\/uploads\/sites\/2\/mcx\/2023-6\/Poimi-talteen-ideoita_kuva-252x114.jpg 252w, https:\/\/suomenrehtorit.fi\/web\/wp-content\/uploads\/sites\/2\/mcx\/2023-6\/Poimi-talteen-ideoita_kuva-522x236.jpg 522w, https:\/\/suomenrehtorit.fi\/web\/wp-content\/uploads\/sites\/2\/mcx\/2023-6\/Poimi-talteen-ideoita_kuva-792x358.jpg 792w, https:\/\/suomenrehtorit.fi\/web\/wp-content\/uploads\/sites\/2\/mcx\/2023-6\/Poimi-talteen-ideoita_kuva-1062x480.jpg 1062w, https:\/\/suomenrehtorit.fi\/web\/wp-content\/uploads\/sites\/2\/mcx\/2023-6\/Poimi-talteen-ideoita_kuva-1536x694.jpg 1536w, https:\/\/suomenrehtorit.fi\/web\/wp-content\/uploads\/sites\/2\/mcx\/2023-6\/Poimi-talteen-ideoita_kuva-2048x925.jpg 2048w\" sizes=\"auto, (max-width: 300px) 100vw, 300px\" \/><\/a><\/p>\n<h2>Ilmoittautuminen Kodin ja Koulun P\u00e4iv\u00e4\u00e4n 2019 on alkanut<\/h2>\n<p>Ilmoitathan koulusi ajoissa mukaan valtakunnalliseen Kodin ja Koulun P\u00e4iv\u00e4\u00e4n! N\u00e4in varmistat, ett\u00e4 saat maksuttoman tuotepaketin tapahtuman tueksi.<br \/>\nNopeat ilmoittautumislinkit t\u00e4ss\u00e4:<\/p>\n<p><a href=\"https:\/\/link.webropolsurveys.com\/Participation\/Public\/f61a957b-484a-476a-acb0-0946e765893a?displayId=Fin1713001\" target=\"_blank\" rel=\"noopener\">Suomenkieliset koulut<\/a><br \/>\n<a href=\"https:\/\/www.webropolsurveys.com\/Answer\/SurveyParticipation.aspx?SDID=Fin1713952&amp;SID=2eebf325-3e23-4389-8ecf-b177c1751cc2&amp;dy=1358032035\" target=\"_blank\" rel=\"noopener\">Ruotsinkieliset koulut<\/a><\/p>\n<p style=\"text-align: justify;\"><strong>Palautetta kouluilta vuonna 2018:<\/strong><br \/>\n\u201dKodin ja Koulun P\u00e4iv\u00e4 lis\u00e4\u00e4 vuorovaikutusta kodin, koulun ja huoltajien v\u00e4lill\u00e4, sek\u00e4 vahvistaa keskin\u00e4isen luottamuksen ilmapiiri\u00e4!\u201d<\/p>\n<p style=\"text-align: justify;\">\u201dKodin ja Koulun P\u00e4iv\u00e4 lis\u00e4\u00e4 yhteis\u00f6llisyytt\u00e4, verkostoitumista, yritt\u00e4jyytt\u00e4, osallistamista ja vuorovaikutusta; siis toteuttaa uuden OPS:n tavoitteita.\u201d<\/p>\n<p style=\"text-align: justify;\">\u201dKodin ja Koulun P\u00e4iv\u00e4 madaltaa vanhempien kynnyst\u00e4 tulla tutustumaan lapsen kouluarkeen.\u201d<\/p>\n<p>Lue lis\u00e4\u00e4: <a href=\"http:\/\/www.kodinjakoulunpaiva.fi\" target=\"_blank\" rel=\"noopener\">www.kodinjakoulunpaiva.fi <\/a>tai <a href=\"http:\/\/www.hemochskola.fi\/dagen\" target=\"_blank\" rel=\"noopener\">www.hemochskola.fi\/dagen<\/a><\/p>\n<p><img loading=\"lazy\" decoding=\"async\" class=\"alignnone size-medium wp-image-769\" src=\"https:\/\/suomenrehtorit.fi\/web\/wp-content\/uploads\/sites\/2\/mcx\/2023-6\/Isku_Kivikko_GESS_voitto-300x221.jpg\" alt=\"\" width=\"300\" height=\"221\" srcset=\"https:\/\/suomenrehtorit.fi\/web\/wp-content\/uploads\/sites\/2\/mcx\/2023-6\/Isku_Kivikko_GESS_voitto-300x221.jpg 300w, https:\/\/suomenrehtorit.fi\/web\/wp-content\/uploads\/sites\/2\/mcx\/2023-6\/Isku_Kivikko_GESS_voitto-768x565.jpg 768w, https:\/\/suomenrehtorit.fi\/web\/wp-content\/uploads\/sites\/2\/mcx\/2023-6\/Isku_Kivikko_GESS_voitto-252x185.jpg 252w, https:\/\/suomenrehtorit.fi\/web\/wp-content\/uploads\/sites\/2\/mcx\/2023-6\/Isku_Kivikko_GESS_voitto-522x384.jpg 522w, https:\/\/suomenrehtorit.fi\/web\/wp-content\/uploads\/sites\/2\/mcx\/2023-6\/Isku_Kivikko_GESS_voitto-792x582.jpg 792w, https:\/\/suomenrehtorit.fi\/web\/wp-content\/uploads\/sites\/2\/mcx\/2023-6\/Isku_Kivikko_GESS_voitto.jpg 850w\" sizes=\"auto, (max-width: 300px) 100vw, 300px\" \/><\/p>\n<h2>Voitto Suomeen GESS Education Awards 2019 -kilpailussa<\/h2>\n<p>Iskun Kivikko-istuin palkittiin koulutusalan parhaana ymp\u00e4rist\u00f6my\u00f6t\u00e4isen\u00e4\/ekologisena tuotteeksi GESS Education Awards 2019 -kilpailussa. Helmikuussa Dubaissa pidetty GESS Education Awards -gaala on koulutusalan arvostettu kansainv\u00e4linen tapahtuma, jota kutsutaan jopa koulutusalan Oscar-gaalaksi.<\/p>\n<p>\u201dOlen iloinen ja ylpe\u00e4 siit\u00e4, ett\u00e4 Isku saa palkinnon parhaasta kest\u00e4v\u00e4st\u00e4 ja ekologisesta tuotteesta, sill\u00e4 vastuullisuus on osa yrityksemme DNA:ta. Vastuullisuus on osa tuotteidemme elinkaarta suunnittelusta tuotantoon sek\u00e4 valmiiseen tuotteeseen, aina asiakkaisiimme saakka\u201d, Iskun toimitusjohtaja Arto Tiitinen tiivist\u00e4\u00e4 voittotunnelmia.<\/p>\n<p>Juhlan kunniaksi kampanjaetu &gt;&gt;<a href=\"https:\/\/www.isku.com\/kivikko-voittoon\/\" target=\"_blank\" rel=\"noopener\"> https:\/\/www.isku.com\/kivikko-voittoon\/<\/a><\/p>\n<p><img loading=\"lazy\" decoding=\"async\" class=\"size-medium wp-image-770\" src=\"https:\/\/suomenrehtorit.fi\/web\/wp-content\/uploads\/sites\/2\/mcx\/2023-6\/Reilu_ja_rohkea_rehtori-300x200.jpg\" alt=\"\" width=\"300\" height=\"200\" srcset=\"https:\/\/suomenrehtorit.fi\/web\/wp-content\/uploads\/sites\/2\/mcx\/2023-6\/Reilu_ja_rohkea_rehtori-300x200.jpg 300w, https:\/\/suomenrehtorit.fi\/web\/wp-content\/uploads\/sites\/2\/mcx\/2023-6\/Reilu_ja_rohkea_rehtori-768x512.jpg 768w, https:\/\/suomenrehtorit.fi\/web\/wp-content\/uploads\/sites\/2\/mcx\/2023-6\/Reilu_ja_rohkea_rehtori-252x168.jpg 252w, https:\/\/suomenrehtorit.fi\/web\/wp-content\/uploads\/sites\/2\/mcx\/2023-6\/Reilu_ja_rohkea_rehtori-522x348.jpg 522w, https:\/\/suomenrehtorit.fi\/web\/wp-content\/uploads\/sites\/2\/mcx\/2023-6\/Reilu_ja_rohkea_rehtori-792x528.jpg 792w, https:\/\/suomenrehtorit.fi\/web\/wp-content\/uploads\/sites\/2\/mcx\/2023-6\/Reilu_ja_rohkea_rehtori.jpg 847w\" sizes=\"auto, (max-width: 300px) 100vw, 300px\" \/><\/p>\n<h2>REILU JA ROHKEA REHTORI<br \/>\n4.-5.9.2019| Crowne Plaza, Helsinki<\/h2>\n<p>Reilu ja Rohkea Rehtori -koulutuksen aikana saat ev\u00e4it\u00e4 niin ty\u00f6h\u00f6n kuin henkil\u00f6kohtaiseen el\u00e4m\u00e4\u00e4n!<\/p>\n<p>P\u00e4ivien aikana saat tietoa ja voimaannuttavaa vertaistukea muun muassa seuraavista teemoista:<\/p>\n<ul>\n<li>Rehtori ottaa johtajuuden<\/li>\n<li>Mik\u00e4 on ep\u00e4asiallista k\u00e4yt\u00f6st\u00e4, mik\u00e4 kiusaamista?<\/li>\n<li>Hankalat asiat puheeksi<\/li>\n<li>Mist\u00e4 kannattaa sanoa, mist\u00e4 ei?<\/li>\n<li>Mit\u00e4 rajattomuus on?<\/li>\n<li>Muutoksen johtaminen<\/li>\n<li>Muutosviestint\u00e4 ja vuorovaikutus?<\/li>\n<li>Rehtorin jaksaminen \u2013 mist\u00e4 voimaa kohdata jatkuvia muutoksia?<\/li>\n<li>Mik\u00e4 esimiesty\u00f6ss\u00e4 stressaa, miten esimies voi ty\u00f6stressi\u00e4 hallita?<\/li>\n<li>Mist\u00e4 kipin\u00e4\u00e4 esimiesty\u00f6h\u00f6n?<\/li>\n<\/ul>\n<p>Koulutusp\u00e4ivien aikana hiotaan taitoja ja annetaan ty\u00f6kaluja toimia rakentavasti ja mutkattomasti erilaisissa esimiesteht\u00e4viss\u00e4 ja -tilanteissa.<\/p>\n<p><a href=\"https:\/\/edumar.fi\/reilu-ja-rohkea-rehtori\/\" target=\"_blank\" rel=\"noopener\">Tutustu ohjelmaan<\/a><\/p>\n<p><img loading=\"lazy\" decoding=\"async\" class=\"alignnone size-medium wp-image-710\" src=\"https:\/\/suomenrehtorit.fi\/web\/wp-content\/uploads\/sites\/2\/mcx\/2023-6\/Pro-rexi-kansi-214x300.jpg\" alt=\"\" width=\"214\" height=\"300\" srcset=\"https:\/\/suomenrehtorit.fi\/web\/wp-content\/uploads\/sites\/2\/mcx\/2023-6\/Pro-rexi-kansi-214x300.jpg 214w, https:\/\/suomenrehtorit.fi\/web\/wp-content\/uploads\/sites\/2\/mcx\/2023-6\/Pro-rexi-kansi-252x353.jpg 252w, https:\/\/suomenrehtorit.fi\/web\/wp-content\/uploads\/sites\/2\/mcx\/2023-6\/Pro-rexi-kansi-522x732.jpg 522w, https:\/\/suomenrehtorit.fi\/web\/wp-content\/uploads\/sites\/2\/mcx\/2023-6\/Pro-rexi-kansi.jpg 535w\" sizes=\"auto, (max-width: 214px) 100vw, 214px\" \/><\/p>\n<h2>PRO REXI 2019<\/h2>\n<p>Pro Rexi 2019 j\u00e4rjestet\u00e4\u00e4n Espoon Dipolissa 21.-22.11. Majoituskiinti\u00f6 on julkaistu kotisivuilla. Samaan aikaan Helsingiss\u00e4 j\u00e4rjestet\u00e4\u00e4n SLUSH-tapahtuma ja hotellit ovat t\u00e4ynn\u00e4.<\/p>\n<p>T\u00e4n\u00e4 vuonna teemat liittyv\u00e4t johtamiseen kuten hyvinvoinnin johtaminen, pedagoginen johtaminen jne.<\/p>\n<p>Uutuutena RexEd, jossa j\u00e4senemme p\u00e4\u00e4sev\u00e4t \u00e4\u00e4neen isolla lavalla! T\u00e4st\u00e4 tulossa lis\u00e4\u00e4 tietoa kev\u00e4\u00e4n aikana.<\/p>\n<p>&nbsp;<\/p>\n<p>&nbsp;<\/p>\n","protected":false},"excerpt":{"rendered":"<p>Puheenjohtajalta Esitys esimiesten alueellisen edunvalvontaty\u00f6n vahvistamisesta Maassamme on opetusalalla jopa poikkeuksellinen j\u00e4rjest\u00f6rakenne, jossa toimialan esimiehet kuuluvat samaan ammattij\u00e4rjest\u00f6\u00f6n opettajaty\u00f6ntekij\u00f6iden kanssa. Esimiehet ovat kuitenkin Opetusalan ammattij\u00e4rjest\u00f6 OAJ:n sis\u00e4ll\u00e4 opettajaj\u00e4seniin verrattuna pieni joukko niin paikallisissa yhdistyksiss\u00e4 kuin my\u00f6s valtakunnallisesti. Esimerkiksi ristiriitatilanteissa asetelma on haasteellinen esimiesj\u00e4senten kannalta. My\u00f6s esimiesten ty\u00f6ehtoihin liittyv\u00e4t kysymykset ovat t\u00e4n\u00e4 p\u00e4iv\u00e4n\u00e4 hyvin yksil\u00f6llisi\u00e4, ja &#8230; <a title=\"J\u00e4senkirje 3\/2019\" class=\"read-more\" href=\"https:\/\/suomenrehtorit.fi\/web\/2019\/03\/15\/jasenkirje-3-2019\/\" aria-label=\"Lue lis\u00e4\u00e4 aiheesta J\u00e4senkirje 3\/2019\">Lue lis\u00e4\u00e4<\/a><\/p>\n","protected":false},"author":3,"featured_media":0,"comment_status":"closed","ping_status":"closed","sticky":false,"template":"","format":"standard","meta":{"_uag_custom_page_level_css":"","footnotes":""},"categories":[23,24],"tags":[],"class_list":["post-761","post","type-post","status-publish","format-standard","hentry","category-jasenkirje","category-uutisarkisto"],"uagb_featured_image_src":{"full":false,"thumbnail":false,"medium":false,"medium_large":false,"large":false,"magazine-cw3":false,"magazine-cw6":false,"magazine-cw9":false,"magazine-cw12":false,"magazine-thumb":false,"magazine-toc":false,"1536x1536":false,"2048x2048":false,"gform-image-choice-sm":false,"gform-image-choice-md":false,"gform-image-choice-lg":false},"uagb_author_info":{"display_name":"Admin","author_link":"https:\/\/suomenrehtorit.fi\/web\/author\/toni-lehtinen\/"},"uagb_comment_info":0,"uagb_excerpt":"Puheenjohtajalta Esitys esimiesten alueellisen edunvalvontaty\u00f6n vahvistamisesta Maassamme on opetusalalla jopa poikkeuksellinen j\u00e4rjest\u00f6rakenne, jossa toimialan esimiehet kuuluvat samaan ammattij\u00e4rjest\u00f6\u00f6n opettajaty\u00f6ntekij\u00f6iden kanssa. Esimiehet ovat kuitenkin Opetusalan ammattij\u00e4rjest\u00f6 OAJ:n sis\u00e4ll\u00e4 opettajaj\u00e4seniin verrattuna pieni joukko niin paikallisissa yhdistyksiss\u00e4 kuin my\u00f6s valtakunnallisesti. Esimerkiksi ristiriitatilanteissa asetelma on haasteellinen esimiesj\u00e4senten kannalta. My\u00f6s esimiesten ty\u00f6ehtoihin liittyv\u00e4t kysymykset ovat t\u00e4n\u00e4 p\u00e4iv\u00e4n\u00e4 hyvin yksil\u00f6llisi\u00e4, ja&hellip;","_links":{"self":[{"href":"https:\/\/suomenrehtorit.fi\/web\/wp-json\/wp\/v2\/posts\/761","targetHints":{"allow":["GET"]}}],"collection":[{"href":"https:\/\/suomenrehtorit.fi\/web\/wp-json\/wp\/v2\/posts"}],"about":[{"href":"https:\/\/suomenrehtorit.fi\/web\/wp-json\/wp\/v2\/types\/post"}],"author":[{"embeddable":true,"href":"https:\/\/suomenrehtorit.fi\/web\/wp-json\/wp\/v2\/users\/3"}],"replies":[{"embeddable":true,"href":"https:\/\/suomenrehtorit.fi\/web\/wp-json\/wp\/v2\/comments?post=761"}],"version-history":[{"count":1,"href":"https:\/\/suomenrehtorit.fi\/web\/wp-json\/wp\/v2\/posts\/761\/revisions"}],"predecessor-version":[{"id":1813,"href":"https:\/\/suomenrehtorit.fi\/web\/wp-json\/wp\/v2\/posts\/761\/revisions\/1813"}],"wp:attachment":[{"href":"https:\/\/suomenrehtorit.fi\/web\/wp-json\/wp\/v2\/media?parent=761"}],"wp:term":[{"taxonomy":"category","embeddable":true,"href":"https:\/\/suomenrehtorit.fi\/web\/wp-json\/wp\/v2\/categories?post=761"},{"taxonomy":"post_tag","embeddable":true,"href":"https:\/\/suomenrehtorit.fi\/web\/wp-json\/wp\/v2\/tags?post=761"}],"curies":[{"name":"wp","href":"https:\/\/api.w.org\/{rel}","templated":true}]}}