{"id":877,"date":"2020-09-14T07:26:16","date_gmt":"2020-09-14T07:26:16","guid":{"rendered":"https:\/\/suomenrehtorit.fi\/web\/?p=877"},"modified":"2023-08-07T06:46:50","modified_gmt":"2023-08-07T06:46:50","slug":"jasenkirje-8-2020","status":"publish","type":"post","link":"https:\/\/suomenrehtorit.fi\/web\/2020\/09\/14\/jasenkirje-8-2020\/","title":{"rendered":"J\u00e4senkirje 8\/2020"},"content":{"rendered":"<h1>Puheenjohtajalta<\/h1>\n<p><img loading=\"lazy\" decoding=\"async\" class=\"alignnone wp-image-880 size-large\" src=\"https:\/\/suomenrehtorit.fi\/web\/wp-content\/uploads\/sites\/2\/mcx\/2023-6\/Ikonen_Antti_4-2-uusi-1-682x1024.jpg\" alt=\"\" width=\"682\" height=\"1024\" srcset=\"https:\/\/suomenrehtorit.fi\/web\/wp-content\/uploads\/sites\/2\/mcx\/2023-6\/Ikonen_Antti_4-2-uusi-1-682x1024.jpg 682w, https:\/\/suomenrehtorit.fi\/web\/wp-content\/uploads\/sites\/2\/mcx\/2023-6\/Ikonen_Antti_4-2-uusi-1-200x300.jpg 200w, https:\/\/suomenrehtorit.fi\/web\/wp-content\/uploads\/sites\/2\/mcx\/2023-6\/Ikonen_Antti_4-2-uusi-1-768x1152.jpg 768w, https:\/\/suomenrehtorit.fi\/web\/wp-content\/uploads\/sites\/2\/mcx\/2023-6\/Ikonen_Antti_4-2-uusi-1-252x378.jpg 252w, https:\/\/suomenrehtorit.fi\/web\/wp-content\/uploads\/sites\/2\/mcx\/2023-6\/Ikonen_Antti_4-2-uusi-1-522x783.jpg 522w, https:\/\/suomenrehtorit.fi\/web\/wp-content\/uploads\/sites\/2\/mcx\/2023-6\/Ikonen_Antti_4-2-uusi-1-792x1188.jpg 792w, https:\/\/suomenrehtorit.fi\/web\/wp-content\/uploads\/sites\/2\/mcx\/2023-6\/Ikonen_Antti_4-2-uusi-1-1062x1593.jpg 1062w, https:\/\/suomenrehtorit.fi\/web\/wp-content\/uploads\/sites\/2\/mcx\/2023-6\/Ikonen_Antti_4-2-uusi-1-1024x1536.jpg 1024w, https:\/\/suomenrehtorit.fi\/web\/wp-content\/uploads\/sites\/2\/mcx\/2023-6\/Ikonen_Antti_4-2-uusi-1.jpg 1181w\" sizes=\"auto, (max-width: 682px) 100vw, 682px\" \/><\/p>\n<p>&nbsp;<\/p>\n<h1>Terveys ja turvallisuus edell\u00e4<\/h1>\n<p style=\"text-align: justify;\">Ensimm\u00e4inen kuukausi uutta lukuvuotta on nyt takana. Ajankohtainen keskustelu niin kouluissa kuin muutoinkin yhteiskunnassa py\u00f6rii viel\u00e4 hyvin vahvasti koronaepidemian ymp\u00e4rill\u00e4. Se ei ole ihme, sill\u00e4 niin moninaiset ovat pandemian vaikutukset kaikkiin inhimillisen toiminnan osa-alueisiin. Merkit toisen aallon k\u00e4ynnistymisest\u00e4 ovat olemassa, ja toisessa vaakakupissa painaa paine yhteiskunnan avaamiseen \u2013 eik\u00e4 v\u00e4hiten taloudellisista syist\u00e4. Meid\u00e4n on v\u00e4ltt\u00e4m\u00e4t\u00f6nt\u00e4 edet\u00e4 terveys ja turvallisuus edell\u00e4, mutta samalla on pidett\u00e4v\u00e4 huolta, ett\u00e4 yhteiskunnan keskeiset toiminnot eiv\u00e4t n\u00e4ivety rajoitusten takia.<\/p>\n<p><img loading=\"lazy\" decoding=\"async\" class=\"alignnone size-large wp-image-900\" src=\"https:\/\/suomenrehtorit.fi\/web\/wp-content\/uploads\/sites\/2\/mcx\/2023-6\/AdobeStock_104653071-scaled-1-1024x683.jpeg\" alt=\"\" width=\"980\" height=\"654\" srcset=\"https:\/\/suomenrehtorit.fi\/web\/wp-content\/uploads\/sites\/2\/mcx\/2023-6\/AdobeStock_104653071-scaled-1-1024x683.jpeg 1024w, https:\/\/suomenrehtorit.fi\/web\/wp-content\/uploads\/sites\/2\/mcx\/2023-6\/AdobeStock_104653071-scaled-1-300x200.jpeg 300w, https:\/\/suomenrehtorit.fi\/web\/wp-content\/uploads\/sites\/2\/mcx\/2023-6\/AdobeStock_104653071-scaled-1-768x512.jpeg 768w, https:\/\/suomenrehtorit.fi\/web\/wp-content\/uploads\/sites\/2\/mcx\/2023-6\/AdobeStock_104653071-scaled-1-252x168.jpeg 252w, https:\/\/suomenrehtorit.fi\/web\/wp-content\/uploads\/sites\/2\/mcx\/2023-6\/AdobeStock_104653071-scaled-1-522x348.jpeg 522w, https:\/\/suomenrehtorit.fi\/web\/wp-content\/uploads\/sites\/2\/mcx\/2023-6\/AdobeStock_104653071-scaled-1-792x528.jpeg 792w, https:\/\/suomenrehtorit.fi\/web\/wp-content\/uploads\/sites\/2\/mcx\/2023-6\/AdobeStock_104653071-scaled-1-1062x708.jpeg 1062w, https:\/\/suomenrehtorit.fi\/web\/wp-content\/uploads\/sites\/2\/mcx\/2023-6\/AdobeStock_104653071-scaled-1-1536x1024.jpeg 1536w, https:\/\/suomenrehtorit.fi\/web\/wp-content\/uploads\/sites\/2\/mcx\/2023-6\/AdobeStock_104653071-scaled-1-2048x1366.jpeg 2048w\" sizes=\"auto, (max-width: 980px) 100vw, 980px\" \/><\/p>\n<h1>Pro Rexi l\u00e4hitapahtumana on peruttu \u2013 selvittely verkkoseminaarin pit\u00e4misest\u00e4 k\u00e4ynniss\u00e4<\/h1>\n<p style=\"text-align: justify;\">Yksi syksyn harmillisista uutisista on Pro Rexi -p\u00e4ivien peruuntuminen siin\u00e4 muodossa kuin olemme tapahtumaa tottuneet viett\u00e4m\u00e4\u00e4n. Erityisesti koronatilanteen toisen aallon aktivoituminen, matkustusrajoitukset sek\u00e4 monien ty\u00f6nantajien paikalliset rajoitukset henkil\u00f6st\u00f6koulutuksiin muodostivat kokonaisuuden, jonka tarkastelu sai SURE:n hallituksen tekem\u00e4\u00e4n hyvin poikkeuksellisen p\u00e4\u00e4t\u00f6ksen Pro Rexi -p\u00e4ivien peruuttamisesta Helsingiss\u00e4 26.\u201327.11.2020. P\u00e4\u00e4t\u00f6ksen pohjana k\u00e4ytimme my\u00f6s j\u00e4senilt\u00e4 kyselyihimme saamia vastauksia. T\u00e4m\u00e4 kaikki teki tosiasioiden tunnustamisen t\u00e4ss\u00e4 poikkeuksellisessa tilanteessa lopulta helpoksi, vaikka ratkaisu tuntuu harmilliselta. Samaan hengenvetoon on kuitenkin todettava, ett\u00e4 rehtoreiden esitt\u00e4m\u00e4 toive t\u00e4m\u00e4n ammattikuntaamme ainutlaatuisella tavalla yhdist\u00e4v\u00e4n vuosittaisen tapahtuman toteuttamisesta verkkoseminaarina sai paljon kannatusta. Ryhdyimmekin saman tien selvitt\u00e4m\u00e4\u00e4n t\u00e4t\u00e4 toteuttamismahdollisuutta torstaille 26.11. Seuraa siis tiiviisti SURE:n viestint\u00e4\u00e4, niin pysyt tilanteen tasalla. Ja t\u00e4m\u00e4n p\u00e4iv\u00e4n varaus kannattaa todellakin s\u00e4ilytt\u00e4\u00e4 kalenterissa. Ehk\u00e4 n\u00e4emmekin t\u00e4ll\u00e4 kertaa ajan hengen mukaisesti et\u00e4seminaarissa!<\/p>\n<p><img loading=\"lazy\" decoding=\"async\" class=\"alignnone size-large wp-image-931\" src=\"https:\/\/suomenrehtorit.fi\/web\/wp-content\/uploads\/sites\/2\/mcx\/2023-6\/AdobeStock_30700584-scaled-1-1024x579.jpeg\" alt=\"\" width=\"980\" height=\"554\" srcset=\"https:\/\/suomenrehtorit.fi\/web\/wp-content\/uploads\/sites\/2\/mcx\/2023-6\/AdobeStock_30700584-scaled-1-1024x579.jpeg 1024w, https:\/\/suomenrehtorit.fi\/web\/wp-content\/uploads\/sites\/2\/mcx\/2023-6\/AdobeStock_30700584-scaled-1-300x170.jpeg 300w, https:\/\/suomenrehtorit.fi\/web\/wp-content\/uploads\/sites\/2\/mcx\/2023-6\/AdobeStock_30700584-scaled-1-768x434.jpeg 768w, https:\/\/suomenrehtorit.fi\/web\/wp-content\/uploads\/sites\/2\/mcx\/2023-6\/AdobeStock_30700584-scaled-1-252x143.jpeg 252w, https:\/\/suomenrehtorit.fi\/web\/wp-content\/uploads\/sites\/2\/mcx\/2023-6\/AdobeStock_30700584-scaled-1-522x295.jpeg 522w, https:\/\/suomenrehtorit.fi\/web\/wp-content\/uploads\/sites\/2\/mcx\/2023-6\/AdobeStock_30700584-scaled-1-792x448.jpeg 792w, https:\/\/suomenrehtorit.fi\/web\/wp-content\/uploads\/sites\/2\/mcx\/2023-6\/AdobeStock_30700584-scaled-1-1062x601.jpeg 1062w, https:\/\/suomenrehtorit.fi\/web\/wp-content\/uploads\/sites\/2\/mcx\/2023-6\/AdobeStock_30700584-scaled-1-1536x869.jpeg 1536w, https:\/\/suomenrehtorit.fi\/web\/wp-content\/uploads\/sites\/2\/mcx\/2023-6\/AdobeStock_30700584-scaled-1-2048x1158.jpeg 2048w\" sizes=\"auto, (max-width: 980px) 100vw, 980px\" \/><\/p>\n<h1>Koulutuksen arviointi her\u00e4tt\u00e4\u00e4 nyt paljon kiinnostusta<\/h1>\n<p style=\"text-align: justify;\">El\u00e4mme aikakirjoihin monella tapaa j\u00e4\u00e4v\u00e4\u00e4 vaihetta, ja toimintaymp\u00e4rist\u00f6ss\u00e4mme on tapahtunut suurempia ja nopeampia muutoksia kuin aikakausiin. Koulutuksen merkityst\u00e4 yhteiskuntaa yll\u00e4pit\u00e4v\u00e4n\u00e4 ja uusintavana voimana samoin kuin yksil\u00f6n sivistyksellisin\u00e4 oikeuksina koetellaan nyt monin eri tavoin. T\u00e4llaisena aikana laadukkaan arviointitiedon merkitys on erityisen suuri. Sen avulla saamme nopeasti tiet\u00e4\u00e4, millaisia vaikutuksia n\u00e4ill\u00e4 kaikilla tapahtumilla on koulutusinstituutioiden t\u00e4rke\u00e4\u00e4n perusteht\u00e4v\u00e4\u00e4n, opetussuunnitelmien mukaiseen oppimisen ja kasvamisen prosesseihin. <strong><a href=\"https:\/\/karvi.fi\/app\/uploads\/2020\/05\/Poikkeuksellisten-opetusj%C3%A4rjestelyjen-vaikutukset-osa-I-Karvi-7.5.2020-1.pdf\" target=\"_blank\" rel=\"noopener noreferrer\">Karvin kev\u00e4\u00e4ll\u00e4 julkaisema selvitys<\/a> <\/strong>poikkeuksellisten opetusj\u00e4rjestelyjen vaikutuksista tasa-arvoon ja yhdenvertaisuuden toteutumiseen on ensimm\u00e4inen selvitys, jossa on kuvattu l\u00e4ht\u00f6tilanne ennen koronapandemiaa sek\u00e4 tilannearvio kev\u00e4\u00e4ll\u00e4 k\u00e4ytett\u00e4viss\u00e4 olleiden ensimm\u00e4isten arviointiaineistojen pohjalta. Eritt\u00e4in mielenkiintoiseen vaiheeseen osuu my\u00f6s nyt k\u00e4ynniss\u00e4 oleva pitkitt\u00e4isarviointi syksyll\u00e4 2018 koulunsa aloittaneiden ik\u00e4luokasta, jonka <a href=\"https:\/\/karvi.fi\/app\/uploads\/2020\/08\/KARVI_Alkumittaus.pdf\" target=\"_blank\" rel=\"noopener noreferrer\"><strong>alkumittauksen syvent\u00e4v\u00e4t kysymykset<\/strong><\/a> \u00a0ja <strong><a href=\"https:\/\/karvi.fi\/app\/uploads\/2020\/08\/KARVI_T1320.pdf\" target=\"_blank\" rel=\"noopener noreferrer\">tiivistelm\u00e4<\/a><\/strong> julkaistiin hiljattain.<\/p>\n<p style=\"text-align: justify;\">Yksi kev\u00e4\u00e4n arviointien tuottama t\u00e4rke\u00e4 havainto oli, ett\u00e4 osalle oppilaista ja opiskelijoista et\u00e4opetukseen siirtyminen oli selv\u00e4sti l\u00e4hiopetusta huonompi vaihtoehto. T\u00e4rke\u00e4 havainto toki oli sekin, ett\u00e4 iso osa oppilaista koki et\u00e4opiskelun sujuneen hyvin ja opiskelun edenneen vaivattomasti my\u00f6s et\u00e4yhteyksi\u00e4 k\u00e4ytt\u00e4en. Silti nopeimpia toimia tarvitaan nyt niiden tukemiseksi, joilla kyydist\u00e4 putoamisen vaara on suurin. T\u00e4ss\u00e4 yhteydess\u00e4 on my\u00f6s k\u00e4ytetty k\u00e4sitett\u00e4 oppimisvaje. Sen selvitt\u00e4minen ja ratkaiseminen on yksi t\u00e4rkeist\u00e4 syksyn teht\u00e4vist\u00e4 kouluissa ja oppilaitoksissa. T\u00e4h\u00e4n liittyen teimme yhdess\u00e4 MTV3:n kanssa kyselyn j\u00e4senkunnallemme, ja sen <strong><a href=\"https:\/\/www.mtvuutiset.fi\/artikkeli\/yli-puolet-rehtoreista-kertoo-olevansa-valmiita-siirtymaan-etaopetukseen-korona-luo-taas-synkan-pilven-koulujen-ylle-epavarmuuden-sietokyky-on-aikamoisella-koetuksella\/7903780#gs.g1xnad\" target=\"_blank\" rel=\"noopener noreferrer\">tulokset julkistettiin<\/a><\/strong> pian syksyn kouluty\u00f6n k\u00e4ynnistytty\u00e4. Toinen ansaittua huomiota saanut julkistus oli koulua kokonaan k\u00e4ym\u00e4tt\u00f6mien <strong><a href=\"https:\/\/www.oph.fi\/sites\/default\/files\/documents\/kouluakaymattomyys_suomessa_0.pdf\" target=\"_blank\" rel=\"noopener noreferrer\">peruskoululaisten tilanteen kartoitus<\/a><\/strong>. T\u00e4h\u00e4n kokonaistilanteeseen koronakev\u00e4t ei tuonut ainakaan helpotusta.<\/p>\n<p><img loading=\"lazy\" decoding=\"async\" class=\"alignnone size-large wp-image-933\" src=\"https:\/\/suomenrehtorit.fi\/web\/wp-content\/uploads\/sites\/2\/mcx\/2023-6\/cloud-3940561_1920-1024x684.jpg\" alt=\"\" width=\"980\" height=\"655\" srcset=\"https:\/\/suomenrehtorit.fi\/web\/wp-content\/uploads\/sites\/2\/mcx\/2023-6\/cloud-3940561_1920-1024x684.jpg 1024w, https:\/\/suomenrehtorit.fi\/web\/wp-content\/uploads\/sites\/2\/mcx\/2023-6\/cloud-3940561_1920-300x200.jpg 300w, https:\/\/suomenrehtorit.fi\/web\/wp-content\/uploads\/sites\/2\/mcx\/2023-6\/cloud-3940561_1920-768x513.jpg 768w, https:\/\/suomenrehtorit.fi\/web\/wp-content\/uploads\/sites\/2\/mcx\/2023-6\/cloud-3940561_1920-252x168.jpg 252w, https:\/\/suomenrehtorit.fi\/web\/wp-content\/uploads\/sites\/2\/mcx\/2023-6\/cloud-3940561_1920-522x349.jpg 522w, https:\/\/suomenrehtorit.fi\/web\/wp-content\/uploads\/sites\/2\/mcx\/2023-6\/cloud-3940561_1920-792x529.jpg 792w, https:\/\/suomenrehtorit.fi\/web\/wp-content\/uploads\/sites\/2\/mcx\/2023-6\/cloud-3940561_1920-1062x709.jpg 1062w, https:\/\/suomenrehtorit.fi\/web\/wp-content\/uploads\/sites\/2\/mcx\/2023-6\/cloud-3940561_1920-1536x1026.jpg 1536w, https:\/\/suomenrehtorit.fi\/web\/wp-content\/uploads\/sites\/2\/mcx\/2023-6\/cloud-3940561_1920.jpg 1920w\" sizes=\"auto, (max-width: 980px) 100vw, 980px\" \/><\/p>\n<h1>Rehtori v\u00e4litt\u00e4j\u00e4n\u00e4 ja toivon yll\u00e4pit\u00e4j\u00e4n\u00e4<\/h1>\n<p style=\"text-align: justify;\">T\u00e4m\u00e4n j\u00e4senkirjeen ilmestyess\u00e4 syksyn ylioppilaskirjoitukset ovat juuri alkaneet. Samaan aikaan tapahtuva koronaepidemian kiihtyminen vaatii monien asioiden yhteensovittamista, nopeaa varautumista muutoksiin sek\u00e4 usein my\u00f6s vaikeita p\u00e4\u00e4t\u00f6ksi\u00e4 liittyen viruksen saaneiden ja altistuneiden kokelaiden tilanteisiin. Akuutit tilanteet my\u00f6s perusopetuksessa niin oppilaiden kuin henkil\u00f6kunnan altistumisissa pit\u00e4v\u00e4t meid\u00e4t kaikki valppaina viel\u00e4 pitk\u00e4n aikaa. T\u00e4llaisen haastavan tilanteen jatkuessa ja pitkittyess\u00e4 voimavarat ovat kovalla koetuksella kaikilla koulussa ty\u00f6t\u00e4\u00e4n tekevill\u00e4. Meid\u00e4n ammattikuntamme eettisten ohjeiden \u2013 <a href=\"https:\/\/surefire.fi\/web\/rehtorin-ammattieettiset-ohjeet\/\" target=\"_blank\" rel=\"noopener noreferrer\"><strong>Rehtorin huoneentaulun<\/strong><\/a> \u2013 mukaan koulussa esimiesten teht\u00e4v\u00e4 on v\u00e4litt\u00e4\u00e4 johtamastaan ty\u00f6yhteis\u00f6st\u00e4. Jotta esimies s\u00e4ilytt\u00e4\u00e4 oman toimintakykyns\u00e4, h\u00e4nen on eritt\u00e4in t\u00e4rke\u00e4\u00e4 v\u00e4litt\u00e4\u00e4 my\u00f6s omasta hyvinvoinnistaan. Aikamme haastaa meid\u00e4t hyvin monin tavoin, ja johtajaan kohdistuu ajoittain l\u00e4hes ep\u00e4inhimillinen m\u00e4\u00e4r\u00e4 odotuksia, toiveita ja jaettua huolta. Yksi t\u00e4rke\u00e4 esimiehen rooli on toiveikkuuden yll\u00e4pit\u00e4minen, vaikka yll\u00e4mme lep\u00e4\u00e4kin viel\u00e4 sankka sumuverho koronapandemian kaikista vaikutuksista ja kestosta.<\/p>\n<p style=\"text-align: justify;\">\u201dEllemme varmuudella tied\u00e4,\u00a0kuinka\u00a0tulee k\u00e4ym\u00e4\u00e4n,\u00a0olettakaamme,\u00a0ett\u00e4\u00a0kaikki\u00a0k\u00e4y hyvin.\u201d N\u00e4ill\u00e4 edesmenneen valtionp\u00e4\u00e4miehen Mauno Koiviston sanoilla on hyv\u00e4 toivottaa voimia syyskuun ty\u00f6h\u00f6n kaikille j\u00e4senkirjeemme lukijoille!<\/p>\n<p>Antti Ikonen<br \/>\npj Suomen Rehtorit<br \/>\n@AnttiIkonen<\/p>\n<p>&nbsp;<\/p>\n<p>&nbsp;<\/p>\n<p><img loading=\"lazy\" decoding=\"async\" class=\"alignnone size-large wp-image-936\" src=\"https:\/\/suomenrehtorit.fi\/web\/wp-content\/uploads\/sites\/2\/mcx\/2023-6\/Vanhempainliitto-Kodin_ja_koulun_pa\u00a6eiva\u00a6e-Tussitaikurit-007-1024x573.png\" alt=\"\" width=\"980\" height=\"548\" srcset=\"https:\/\/suomenrehtorit.fi\/web\/wp-content\/uploads\/sites\/2\/mcx\/2023-6\/Vanhempainliitto-Kodin_ja_koulun_pa\u00a6eiva\u00a6e-Tussitaikurit-007-1024x573.png 1024w, https:\/\/suomenrehtorit.fi\/web\/wp-content\/uploads\/sites\/2\/mcx\/2023-6\/Vanhempainliitto-Kodin_ja_koulun_pa\u00a6eiva\u00a6e-Tussitaikurit-007-300x168.png 300w, https:\/\/suomenrehtorit.fi\/web\/wp-content\/uploads\/sites\/2\/mcx\/2023-6\/Vanhempainliitto-Kodin_ja_koulun_pa\u00a6eiva\u00a6e-Tussitaikurit-007-768x430.png 768w, https:\/\/suomenrehtorit.fi\/web\/wp-content\/uploads\/sites\/2\/mcx\/2023-6\/Vanhempainliitto-Kodin_ja_koulun_pa\u00a6eiva\u00a6e-Tussitaikurit-007-252x141.png 252w, https:\/\/suomenrehtorit.fi\/web\/wp-content\/uploads\/sites\/2\/mcx\/2023-6\/Vanhempainliitto-Kodin_ja_koulun_pa\u00a6eiva\u00a6e-Tussitaikurit-007-522x292.png 522w, https:\/\/suomenrehtorit.fi\/web\/wp-content\/uploads\/sites\/2\/mcx\/2023-6\/Vanhempainliitto-Kodin_ja_koulun_pa\u00a6eiva\u00a6e-Tussitaikurit-007-792x443.png 792w, https:\/\/suomenrehtorit.fi\/web\/wp-content\/uploads\/sites\/2\/mcx\/2023-6\/Vanhempainliitto-Kodin_ja_koulun_pa\u00a6eiva\u00a6e-Tussitaikurit-007-1062x594.png 1062w, https:\/\/suomenrehtorit.fi\/web\/wp-content\/uploads\/sites\/2\/mcx\/2023-6\/Vanhempainliitto-Kodin_ja_koulun_pa\u00a6eiva\u00a6e-Tussitaikurit-007-1536x859.png 1536w, https:\/\/suomenrehtorit.fi\/web\/wp-content\/uploads\/sites\/2\/mcx\/2023-6\/Vanhempainliitto-Kodin_ja_koulun_pa\u00a6eiva\u00a6e-Tussitaikurit-007-2048x1145.png 2048w\" sizes=\"auto, (max-width: 980px) 100vw, 980px\" \/><\/p>\n<h2>Kodin ja Koulun P\u00e4iv\u00e4\u00e4<\/h2>\n<p style=\"text-align: justify;\">on Suomessa vietetty jo 10 vuoden ajan. Tapahtuma on ollut suosittu ja se on saanut hyv\u00e4\u00e4 palautetta kouluilta ja vanhemmilta, jotka ovat osallistuneet yhteiseen p\u00e4iv\u00e4\u00e4n aktiivisesti koulun arkeen ja toisiin perheisiin tutustuen. Yhteisty\u00f6lle ja hyv\u00e4lle vuorovaikutukselle on nyt monin paikoin l\u00f6ydett\u00e4v\u00e4 vaihtoehtoisia tapoja, kunnes koronatilanne maassamme hellitt\u00e4\u00e4. Voisivatko luokan vanhemmat ja opettaja tavata toisiaan pienryhmiss\u00e4 ulkoilun merkeiss\u00e4? Kodin ja Koulun P\u00e4iv\u00e4n tuotepaketteja voi edelleen tilata vallitsevasta tilanteesta huolimatta. Tilausaikaa on koronan vuoksi pidennetty. Tuotepaketin saat ilmoittamalla koulusi Kodin ja Koulun P\u00e4iv\u00e4\u00e4n. Ilmoittautuminen ei edellyt\u00e4 tapahtuman j\u00e4rjest\u00e4mist\u00e4 virallisena Kodin ja Koulun P\u00e4iv\u00e4n\u00e4.<br \/>\nLue lis\u00e4\u00e4: <a href=\"https:\/\/kodinjakoulunpaiva.fi\/\" target=\"_blank\" rel=\"noopener noreferrer\">https:\/\/kodinjakoulunpaiva.fi\/<\/a><\/p>\n<p>&nbsp;<\/p>\n<p><a href=\"https:\/\/www.kuvaverkko.fi\/kuvaukset-syksylla-2020\/\"><img loading=\"lazy\" decoding=\"async\" class=\"alignnone size-full wp-image-937\" src=\"https:\/\/suomenrehtorit.fi\/web\/wp-content\/uploads\/sites\/2\/mcx\/2023-6\/Kuvaverkko_REXI-jasenkirje_1000x650px-8.jpg\" alt=\"\" width=\"1000\" height=\"650\" srcset=\"https:\/\/suomenrehtorit.fi\/web\/wp-content\/uploads\/sites\/2\/mcx\/2023-6\/Kuvaverkko_REXI-jasenkirje_1000x650px-8.jpg 1000w, https:\/\/suomenrehtorit.fi\/web\/wp-content\/uploads\/sites\/2\/mcx\/2023-6\/Kuvaverkko_REXI-jasenkirje_1000x650px-8-300x195.jpg 300w, https:\/\/suomenrehtorit.fi\/web\/wp-content\/uploads\/sites\/2\/mcx\/2023-6\/Kuvaverkko_REXI-jasenkirje_1000x650px-8-768x499.jpg 768w, https:\/\/suomenrehtorit.fi\/web\/wp-content\/uploads\/sites\/2\/mcx\/2023-6\/Kuvaverkko_REXI-jasenkirje_1000x650px-8-252x164.jpg 252w, https:\/\/suomenrehtorit.fi\/web\/wp-content\/uploads\/sites\/2\/mcx\/2023-6\/Kuvaverkko_REXI-jasenkirje_1000x650px-8-522x339.jpg 522w, https:\/\/suomenrehtorit.fi\/web\/wp-content\/uploads\/sites\/2\/mcx\/2023-6\/Kuvaverkko_REXI-jasenkirje_1000x650px-8-792x515.jpg 792w\" sizes=\"auto, (max-width: 1000px) 100vw, 1000px\" \/><\/a><\/p>\n<p>&nbsp;<\/p>\n<h2>Yliopisto-opinnot toisella asteella: oman uran tunnustelua<\/h2>\n<p style=\"text-align: justify;\">Yliopisto-opiskeluun orientoivat opinnot tutustuttavat toisen asteen opiskelijat eri aloihin ja antavat esimakua korkeakoulussa opiskelusta. Tutustumiskursseja voi opiskella osana toisen asteen opintoja.<\/p>\n<p style=\"text-align: justify;\"><a href=\"https:\/\/www.avoin.jyu.fi\/fi\/opintotarjonta\/opinnot-lukioille\/opinnot-lukioille\" target=\"_blank\" rel=\"noopener noreferrer\">Jyv\u00e4skyl\u00e4n yliopisto tarjoaa toiselle asteelle valtakunnallisesti<\/a> verkossa suoritettavia opintoja parinkymmenen kurssin verran. Mukana tarjottimella ovat kaikki kuusi JYU:n tiedekuntaa. Mukana on my\u00f6s muutama maksuton opintojakso, kuten uusi Oman talouden hallinta -kurssi. Muiden jaksojen hinta on oppilaitokselle 15 \u20ac \/ opintopiste \/ opiskelija (poislukien EduFutura Jyv\u00e4skyl\u00e4 -yhteisty\u00f6).<\/p>\n<p style=\"text-align: justify;\">Yliopistoon orientoivat opinnot on suunniteltu lukiolaisille ja ammattiin opiskeleville. Ne sopivat toteutustavoiltaan ja laajuudeltaan toisella asteella opiskeltaviksi. Opintosuoritus hyv\u00e4ksiluetaan toisen asteen oppilaitoksen ja Jyv\u00e4skyl\u00e4n yliopiston opintoihin.<\/p>\n<p><a href=\"https:\/\/www.avoin.jyu.fi\/fi\/opintotarjonta\/opinnot-lukioille\/opinnot-lukioille\" target=\"_blank\" rel=\"noopener noreferrer\">Tutustu valtakunnalliseen orientoivien opintojen tarjontaan!<\/a><\/p>\n<p><img loading=\"lazy\" decoding=\"async\" class=\"alignnone size-large wp-image-938\" src=\"https:\/\/suomenrehtorit.fi\/web\/wp-content\/uploads\/sites\/2\/mcx\/2023-6\/AdobeStock_301841394-1-scaled-1-1024x683.jpeg\" alt=\"\" width=\"980\" height=\"654\" srcset=\"https:\/\/suomenrehtorit.fi\/web\/wp-content\/uploads\/sites\/2\/mcx\/2023-6\/AdobeStock_301841394-1-scaled-1-1024x683.jpeg 1024w, https:\/\/suomenrehtorit.fi\/web\/wp-content\/uploads\/sites\/2\/mcx\/2023-6\/AdobeStock_301841394-1-scaled-1-300x200.jpeg 300w, https:\/\/suomenrehtorit.fi\/web\/wp-content\/uploads\/sites\/2\/mcx\/2023-6\/AdobeStock_301841394-1-scaled-1-768x512.jpeg 768w, https:\/\/suomenrehtorit.fi\/web\/wp-content\/uploads\/sites\/2\/mcx\/2023-6\/AdobeStock_301841394-1-scaled-1-252x168.jpeg 252w, https:\/\/suomenrehtorit.fi\/web\/wp-content\/uploads\/sites\/2\/mcx\/2023-6\/AdobeStock_301841394-1-scaled-1-522x348.jpeg 522w, https:\/\/suomenrehtorit.fi\/web\/wp-content\/uploads\/sites\/2\/mcx\/2023-6\/AdobeStock_301841394-1-scaled-1-792x528.jpeg 792w, https:\/\/suomenrehtorit.fi\/web\/wp-content\/uploads\/sites\/2\/mcx\/2023-6\/AdobeStock_301841394-1-scaled-1-1062x708.jpeg 1062w, https:\/\/suomenrehtorit.fi\/web\/wp-content\/uploads\/sites\/2\/mcx\/2023-6\/AdobeStock_301841394-1-scaled-1-1536x1024.jpeg 1536w, https:\/\/suomenrehtorit.fi\/web\/wp-content\/uploads\/sites\/2\/mcx\/2023-6\/AdobeStock_301841394-1-scaled-1-2048x1366.jpeg 2048w\" sizes=\"auto, (max-width: 980px) 100vw, 980px\" \/><\/p>\n<h2>Lukion uusi opetussuunnitelma ohjaa hyvinvointiin<\/h2>\n<p style=\"text-align: justify;\">Lukiouudistus ajoittuu keskelle 2020-lukua, vuosikymment\u00e4, jossa meit\u00e4 haastavat samanaikaisesti useat erilaiset globaalit ja paikalliset muutokset. Ilmastonmuutos, digitalisaatio ja teknologian kehittymisest\u00e4 johtuva ty\u00f6el\u00e4m\u00e4n jatkuva murros asettavat uusia vaatimuksia erityisesti jatkuvalle oppimiselle ja taidoille, joita me kaikki tarvitsemme tulevaisuudessa. Samalla oppimisen ja hyvinvoinnin v\u00e4linen suhde tulee yh\u00e4 selke\u00e4mm\u00e4ksi. Ilman opittua, kest\u00e4v\u00e4\u00e4 suhdetta omaan hyvinvointiin ihmisen muutoskyky katoaa ja samalla kyky oppia uutta v\u00e4henee.<\/p>\n<p style=\"text-align: justify;\">Opiskelijoiden motivaation kasvattaminen l\u00e4htee yksil\u00f6n hyvinvoinnista, jota lukiokoulutus vahvasti tukee. Hyvinvoiva nuori kokee opiskelunsa merkitykselliseksi, kun h\u00e4nen yksil\u00f6lliset tarpeensa on huomioitu.<\/p>\n<p style=\"text-align: justify;\">Opettajien ohjauksen ja tuen avulla opiskelijat tiedostavat hyvinvointiosaamisen merkityksen ja motivoituvat aktiiviseen ja tavoitteelliseen opiskeluun. He l\u00f6yt\u00e4v\u00e4t itselleen parhaan tavan opiskella ja oppivat arvioimaan opintojaan koskevia valintojaan tulevaisuuden osaamistarpeiden n\u00e4k\u00f6kulmasta.<\/p>\n<p style=\"text-align: justify;\">Otava Oppimisen palvelut tukee lukiouudistuksen arjessa. Tuomme lukioon laaja-alaista osaamista, toimintakulttuuria ja yhteis\u00f6llisyytt\u00e4 tukevia palvelukokonaisuuksia. Kerromme lis\u00e4\u00e4 syksyn ja kev\u00e4\u00e4n aikana, pysy kuulolla.<\/p>\n<p style=\"text-align: justify;\"><a href=\"https:\/\/oppimisenpalvelut.otava.fi\/palvelut\/palvelumme\/\" target=\"_blank\" rel=\"noopener noreferrer\">https:\/\/oppimisenpalvelut.otava.fi\/palvelut\/palvelumme\/<\/a><\/p>\n<p style=\"text-align: justify;\">Ota yhteytt\u00e4 ja pyyd\u00e4 lyhyt esittely vaikkapa et\u00e4yhteyden kautta!<\/p>\n<p>Markku Pelkonen<br \/>\n+358503103078<br \/>\nmarkku.pelkonen@otava.fi<\/p>\n<p>Mari Rakkolainen<br \/>\n+358407326260<br \/>\nmari.rakkolainen@otava.fi<\/p>\n<p>Minna Karlsson<br \/>\n+358 40 643 3310<br \/>\nminna.karlsson@otava.fi<\/p>\n<p><img loading=\"lazy\" decoding=\"async\" class=\"alignnone size-full wp-image-4763\" src=\"https:\/\/surefire.fi\/web\/wp-content\/uploads\/sites\/2\/2020\/09\/TAU.jpg\" alt=\"\" width=\"501\" height=\"155\" \/><\/p>\n<h2>Rehtoreista turvallisuusjohtajia<\/h2>\n<p style=\"text-align: justify;\">Miten rehtorina luot oppilaitokseesi turvallisuuskulttuurin, johon saat ty\u00f6ntekij\u00e4t, oppilaat ja vanhemmat sitoutumaan?\u00a0 Tampereen yliopisto tarjoaa Helsingiss\u00e4 oppilaitosten johtajille t\u00e4ydennyskoulutuksen Turvallisuuskulttuurin johtaminen oppilaitoksessa (5op), joka tarkastelee turvallisuuskulttuurin johtamista design-suuntautuneeseen pedagogiikkaan sek\u00e4 osallistavaan pedagogiseen johtamiseen perustuvien toimintamallien kautta.<\/p>\n<p style=\"text-align: justify;\">Koulutuksen johtajina ovat KT erikoistutkija Brita Somerkoski Turun yliopistosta sek\u00e4 FT rehtori Matti Waitinen, Helsingin pelastusopistosta. Muita kouluttajia ovat mm. \u00a0FT Henriikka Vartiainen It\u00e4-Suomen yliopistosta (Design suuntautunut pedagogiikka ja KT Raisa Ahtiainen, Helsingin yliopisto (Jaettu osallistava johtaminen). Koulutuksen luennot sek\u00e4 uusien toimintamallien ohjaus ja pilotointi antavat v\u00e4lineit\u00e4 kest\u00e4v\u00e4n turvallisuuskulttuurin johtamiseen.<\/p>\n<p style=\"text-align: justify;\">Koulutus on Opetushallituksen rahoittama ja osallistujille maksuton.<\/p>\n<p style=\"text-align: justify;\">Tutustu koulutukseen ja ilmoittaudu!<\/p>\n<p><a href=\"https:\/\/www.tuni.fi\/fi\/tule-opiskelemaan\/turvallisuuskulttuurin-johtaminen-oppilaitoksessa\" target=\"_blank\" rel=\"noopener noreferrer\">https:\/\/www.tuni.fi\/fi\/tule-opiskelemaan\/turvallisuuskulttuurin-johtaminen-oppilaitoksessa<\/a><\/p>\n<p>&nbsp;<\/p>\n<p><img loading=\"lazy\" decoding=\"async\" class=\"alignnone size-full wp-image-939\" src=\"https:\/\/suomenrehtorit.fi\/web\/wp-content\/uploads\/sites\/2\/mcx\/2023-6\/SPR_Paivatyokerays_esittely_2019_FIN-8.jpg\" alt=\"\" width=\"842\" height=\"595\" srcset=\"https:\/\/suomenrehtorit.fi\/web\/wp-content\/uploads\/sites\/2\/mcx\/2023-6\/SPR_Paivatyokerays_esittely_2019_FIN-8.jpg 842w, https:\/\/suomenrehtorit.fi\/web\/wp-content\/uploads\/sites\/2\/mcx\/2023-6\/SPR_Paivatyokerays_esittely_2019_FIN-8-300x212.jpg 300w, https:\/\/suomenrehtorit.fi\/web\/wp-content\/uploads\/sites\/2\/mcx\/2023-6\/SPR_Paivatyokerays_esittely_2019_FIN-8-768x543.jpg 768w, https:\/\/suomenrehtorit.fi\/web\/wp-content\/uploads\/sites\/2\/mcx\/2023-6\/SPR_Paivatyokerays_esittely_2019_FIN-8-252x178.jpg 252w, https:\/\/suomenrehtorit.fi\/web\/wp-content\/uploads\/sites\/2\/mcx\/2023-6\/SPR_Paivatyokerays_esittely_2019_FIN-8-522x369.jpg 522w, https:\/\/suomenrehtorit.fi\/web\/wp-content\/uploads\/sites\/2\/mcx\/2023-6\/SPR_Paivatyokerays_esittely_2019_FIN-8-792x560.jpg 792w\" sizes=\"auto, (max-width: 842px) 100vw, 842px\" \/><\/p>\n<h2>P\u00e4iv\u00e4ty\u00f6ker\u00e4ys on turvallinen tapa auttaa my\u00f6s korona-aikana<\/h2>\n<p>Punaisen Ristin P\u00e4iv\u00e4ty\u00f6ker\u00e4yksess\u00e4 eli taksv\u00e4rkiss\u00e4 oppilaat ker\u00e4\u00e4v\u00e4t omalla ty\u00f6ll\u00e4\u00e4n varoja Nuorten turvataloille tai katastrofirahastoon.<\/p>\n<p>Vaikka korona on aiheuttanut kouluty\u00f6h\u00f6n paljon muutoksia, P\u00e4iv\u00e4ty\u00f6ker\u00e4yksen j\u00e4rjest\u00e4minen on edelleen helppoa ja turvallista. Oppilaat voivat tehd\u00e4 taksv\u00e4rkkins\u00e4 kotona, esim. auttamalla siivous- ja pihat\u00f6iss\u00e4. Opettaja voi ladata Punaiselta Ristilt\u00e4 verkkokaupasta vaivattomasti maksuttomat materiaalit ja toimintaohjeet.<\/p>\n<p>Koulu voi itse p\u00e4\u00e4tt\u00e4\u00e4 ker\u00e4yksen ajankohdan. P\u00e4iv\u00e4ty\u00f6n suositushinta on 12 \u20ac, mutta koulu voi halutessaan k\u00e4ytt\u00e4\u00e4 muutakin summaa. Punainen Risti ottaa oppilaille vakuutuksen ker\u00e4ysp\u00e4iv\u00e4n ajaksi.<\/p>\n<p>Tilaa ker\u00e4ysmateriaalit verkkokaupasta www.punaisenristinkauppa.fi v\u00e4hint\u00e4\u00e4n kaksi viikkoa ennen kampanjan aloittamista. Klikkaa etusivulla olevaa Koulumateriaalit-banneria ja valitse P\u00e4iv\u00e4ty\u00f6ker\u00e4ys.<\/p>\n<p>Lis\u00e4tietoja: <a href=\"http:\/\/www.punainenristi.fi\/paivatyokerays\" target=\"_blank\" rel=\"noopener noreferrer\">www.punainenristi.fi\/paivatyokerays<\/a> ja projektip\u00e4\u00e4llikk\u00f6 Eeva Arrajoki, <a href=\"mailto:eeva.arrajoki@redcross.fi\" target=\"_blank\" rel=\"noopener noreferrer\">eeva.arrajoki@redcross.fi<\/a>.<\/p>\n<p><img loading=\"lazy\" decoding=\"async\" class=\"alignnone size-medium wp-image-872\" src=\"https:\/\/suomenrehtorit.fi\/web\/wp-content\/uploads\/sites\/2\/mcx\/2023-6\/AdobeStock_219783815-scaled-1-300x194.jpeg\" alt=\"\" width=\"300\" height=\"194\" srcset=\"https:\/\/suomenrehtorit.fi\/web\/wp-content\/uploads\/sites\/2\/mcx\/2023-6\/AdobeStock_219783815-scaled-1-300x194.jpeg 300w, https:\/\/suomenrehtorit.fi\/web\/wp-content\/uploads\/sites\/2\/mcx\/2023-6\/AdobeStock_219783815-scaled-1-1024x664.jpeg 1024w, https:\/\/suomenrehtorit.fi\/web\/wp-content\/uploads\/sites\/2\/mcx\/2023-6\/AdobeStock_219783815-scaled-1-768x498.jpeg 768w, https:\/\/suomenrehtorit.fi\/web\/wp-content\/uploads\/sites\/2\/mcx\/2023-6\/AdobeStock_219783815-scaled-1-252x163.jpeg 252w, https:\/\/suomenrehtorit.fi\/web\/wp-content\/uploads\/sites\/2\/mcx\/2023-6\/AdobeStock_219783815-scaled-1-522x338.jpeg 522w, https:\/\/suomenrehtorit.fi\/web\/wp-content\/uploads\/sites\/2\/mcx\/2023-6\/AdobeStock_219783815-scaled-1-792x513.jpeg 792w, https:\/\/suomenrehtorit.fi\/web\/wp-content\/uploads\/sites\/2\/mcx\/2023-6\/AdobeStock_219783815-scaled-1-1062x688.jpeg 1062w, https:\/\/suomenrehtorit.fi\/web\/wp-content\/uploads\/sites\/2\/mcx\/2023-6\/AdobeStock_219783815-scaled-1-1536x995.jpeg 1536w, https:\/\/suomenrehtorit.fi\/web\/wp-content\/uploads\/sites\/2\/mcx\/2023-6\/AdobeStock_219783815-scaled-1-2048x1327.jpeg 2048w\" sizes=\"auto, (max-width: 300px) 100vw, 300px\" \/><\/p>\n<h2>Vuoden Rehtorin valinta<\/h2>\n<p>Hallitus on valmistellut kriteerit ja aikataulun Vuoden Rehtori \u2013 valinnalle. Ehdokkaaksi asettamiseen ja valintaan liittyv\u00e4t tiedot l\u00f6ytyv\u00e4t kotisivuilta.<\/p>\n<p>J\u00e4sen, jos sinulla on mieless\u00e4 hyv\u00e4 ehdokas Vuoden Rehtoriksi, ole yhteydess\u00e4 alueyhdistykseesi!<\/p>\n","protected":false},"excerpt":{"rendered":"<p>Puheenjohtajalta &nbsp; Terveys ja turvallisuus edell\u00e4 Ensimm\u00e4inen kuukausi uutta lukuvuotta on nyt takana. Ajankohtainen keskustelu niin kouluissa kuin muutoinkin yhteiskunnassa py\u00f6rii viel\u00e4 hyvin vahvasti koronaepidemian ymp\u00e4rill\u00e4. Se ei ole ihme, sill\u00e4 niin moninaiset ovat pandemian vaikutukset kaikkiin inhimillisen toiminnan osa-alueisiin. Merkit toisen aallon k\u00e4ynnistymisest\u00e4 ovat olemassa, ja toisessa vaakakupissa painaa paine yhteiskunnan avaamiseen \u2013 eik\u00e4 &#8230; <a title=\"J\u00e4senkirje 8\/2020\" class=\"read-more\" href=\"https:\/\/suomenrehtorit.fi\/web\/2020\/09\/14\/jasenkirje-8-2020\/\" aria-label=\"Lue lis\u00e4\u00e4 aiheesta J\u00e4senkirje 8\/2020\">Lue lis\u00e4\u00e4<\/a><\/p>\n","protected":false},"author":3,"featured_media":753,"comment_status":"closed","ping_status":"closed","sticky":false,"template":"","format":"standard","meta":{"_uag_custom_page_level_css":"","footnotes":""},"categories":[23,24],"tags":[],"class_list":["post-877","post","type-post","status-publish","format-standard","has-post-thumbnail","hentry","category-jasenkirje","category-uutisarkisto"],"uagb_featured_image_src":{"full":["https:\/\/suomenrehtorit.fi\/web\/wp-content\/uploads\/sites\/2\/mcx\/2023-6\/syksykuva.png",720,480,false],"thumbnail":["https:\/\/suomenrehtorit.fi\/web\/wp-content\/uploads\/sites\/2\/mcx\/2023-6\/syksykuva-150x150.png",150,150,true],"medium":["https:\/\/suomenrehtorit.fi\/web\/wp-content\/uploads\/sites\/2\/mcx\/2023-6\/syksykuva-300x200.png",300,200,true],"medium_large":["https:\/\/suomenrehtorit.fi\/web\/wp-content\/uploads\/sites\/2\/mcx\/2023-6\/syksykuva.png",720,480,false],"large":["https:\/\/suomenrehtorit.fi\/web\/wp-content\/uploads\/sites\/2\/mcx\/2023-6\/syksykuva.png",720,480,false],"magazine-cw3":["https:\/\/suomenrehtorit.fi\/web\/wp-content\/uploads\/sites\/2\/mcx\/2023-6\/syksykuva-252x168.png",252,168,true],"magazine-cw6":["https:\/\/suomenrehtorit.fi\/web\/wp-content\/uploads\/sites\/2\/mcx\/2023-6\/syksykuva-522x348.png",522,348,true],"magazine-cw9":["https:\/\/suomenrehtorit.fi\/web\/wp-content\/uploads\/sites\/2\/mcx\/2023-6\/syksykuva.png",720,480,false],"magazine-cw12":["https:\/\/suomenrehtorit.fi\/web\/wp-content\/uploads\/sites\/2\/mcx\/2023-6\/syksykuva.png",720,480,false],"magazine-thumb":["https:\/\/suomenrehtorit.fi\/web\/wp-content\/uploads\/sites\/2\/mcx\/2023-6\/syksykuva-72x72.png",72,72,true],"magazine-toc":["https:\/\/suomenrehtorit.fi\/web\/wp-content\/uploads\/sites\/2\/mcx\/2023-6\/syksykuva-126x126.png",126,126,true],"1536x1536":["https:\/\/suomenrehtorit.fi\/web\/wp-content\/uploads\/sites\/2\/mcx\/2023-6\/syksykuva.png",720,480,false],"2048x2048":["https:\/\/suomenrehtorit.fi\/web\/wp-content\/uploads\/sites\/2\/mcx\/2023-6\/syksykuva.png",720,480,false],"gform-image-choice-sm":["https:\/\/suomenrehtorit.fi\/web\/wp-content\/uploads\/sites\/2\/mcx\/2023-6\/syksykuva.png",300,200,false],"gform-image-choice-md":["https:\/\/suomenrehtorit.fi\/web\/wp-content\/uploads\/sites\/2\/mcx\/2023-6\/syksykuva.png",400,267,false],"gform-image-choice-lg":["https:\/\/suomenrehtorit.fi\/web\/wp-content\/uploads\/sites\/2\/mcx\/2023-6\/syksykuva.png",600,400,false]},"uagb_author_info":{"display_name":"Admin","author_link":"https:\/\/suomenrehtorit.fi\/web\/author\/toni-lehtinen\/"},"uagb_comment_info":0,"uagb_excerpt":"Puheenjohtajalta &nbsp; Terveys ja turvallisuus edell\u00e4 Ensimm\u00e4inen kuukausi uutta lukuvuotta on nyt takana. Ajankohtainen keskustelu niin kouluissa kuin muutoinkin yhteiskunnassa py\u00f6rii viel\u00e4 hyvin vahvasti koronaepidemian ymp\u00e4rill\u00e4. Se ei ole ihme, sill\u00e4 niin moninaiset ovat pandemian vaikutukset kaikkiin inhimillisen toiminnan osa-alueisiin. Merkit toisen aallon k\u00e4ynnistymisest\u00e4 ovat olemassa, ja toisessa vaakakupissa painaa paine yhteiskunnan avaamiseen \u2013 eik\u00e4&hellip;","_links":{"self":[{"href":"https:\/\/suomenrehtorit.fi\/web\/wp-json\/wp\/v2\/posts\/877","targetHints":{"allow":["GET"]}}],"collection":[{"href":"https:\/\/suomenrehtorit.fi\/web\/wp-json\/wp\/v2\/posts"}],"about":[{"href":"https:\/\/suomenrehtorit.fi\/web\/wp-json\/wp\/v2\/types\/post"}],"author":[{"embeddable":true,"href":"https:\/\/suomenrehtorit.fi\/web\/wp-json\/wp\/v2\/users\/3"}],"replies":[{"embeddable":true,"href":"https:\/\/suomenrehtorit.fi\/web\/wp-json\/wp\/v2\/comments?post=877"}],"version-history":[{"count":1,"href":"https:\/\/suomenrehtorit.fi\/web\/wp-json\/wp\/v2\/posts\/877\/revisions"}],"predecessor-version":[{"id":1799,"href":"https:\/\/suomenrehtorit.fi\/web\/wp-json\/wp\/v2\/posts\/877\/revisions\/1799"}],"wp:featuredmedia":[{"embeddable":true,"href":"https:\/\/suomenrehtorit.fi\/web\/wp-json\/wp\/v2\/media\/753"}],"wp:attachment":[{"href":"https:\/\/suomenrehtorit.fi\/web\/wp-json\/wp\/v2\/media?parent=877"}],"wp:term":[{"taxonomy":"category","embeddable":true,"href":"https:\/\/suomenrehtorit.fi\/web\/wp-json\/wp\/v2\/categories?post=877"},{"taxonomy":"post_tag","embeddable":true,"href":"https:\/\/suomenrehtorit.fi\/web\/wp-json\/wp\/v2\/tags?post=877"}],"curies":[{"name":"wp","href":"https:\/\/api.w.org\/{rel}","templated":true}]}}