{"id":902,"date":"2020-03-16T09:10:42","date_gmt":"2020-03-16T09:10:42","guid":{"rendered":"https:\/\/suomenrehtorit.fi\/web\/?p=902"},"modified":"2023-08-07T06:47:00","modified_gmt":"2023-08-07T06:47:00","slug":"jasenkirje-3-2020","status":"publish","type":"post","link":"https:\/\/suomenrehtorit.fi\/web\/2020\/03\/16\/jasenkirje-3-2020\/","title":{"rendered":"J\u00e4senkirje 3\/2020"},"content":{"rendered":"<h1>Puheenjohtajalta<\/h1>\n<figure id=\"attachment_3740\" aria-describedby=\"caption-attachment-3740\" style=\"width: 778px\" class=\"wp-caption alignnone\"><img loading=\"lazy\" decoding=\"async\" class=\"wp-image-762 size-large\" src=\"https:\/\/suomenrehtorit.fi\/web\/wp-content\/uploads\/sites\/2\/mcx\/2023-6\/Antti-uusin-788x1024.jpg\" alt=\"\" width=\"788\" height=\"1024\" srcset=\"https:\/\/suomenrehtorit.fi\/web\/wp-content\/uploads\/sites\/2\/mcx\/2023-6\/Antti-uusin-788x1024.jpg 788w, https:\/\/suomenrehtorit.fi\/web\/wp-content\/uploads\/sites\/2\/mcx\/2023-6\/Antti-uusin-231x300.jpg 231w, https:\/\/suomenrehtorit.fi\/web\/wp-content\/uploads\/sites\/2\/mcx\/2023-6\/Antti-uusin-768x999.jpg 768w, https:\/\/suomenrehtorit.fi\/web\/wp-content\/uploads\/sites\/2\/mcx\/2023-6\/Antti-uusin-252x328.jpg 252w, https:\/\/suomenrehtorit.fi\/web\/wp-content\/uploads\/sites\/2\/mcx\/2023-6\/Antti-uusin-522x679.jpg 522w, https:\/\/suomenrehtorit.fi\/web\/wp-content\/uploads\/sites\/2\/mcx\/2023-6\/Antti-uusin-792x1030.jpg 792w, https:\/\/suomenrehtorit.fi\/web\/wp-content\/uploads\/sites\/2\/mcx\/2023-6\/Antti-uusin.jpg 866w\" sizes=\"auto, (max-width: 788px) 100vw, 788px\" \/><figcaption id=\"caption-attachment-3740\" class=\"wp-caption-text\">Antti Ikonen<br \/>pj Suomen Rehtorit<br \/>twitter: @AnttiIkonen<\/figcaption><\/figure>\n<p>T\u00e4t\u00e4 j\u00e4senkirjett\u00e4 on koottu aivan poikkeuksellisessa tilanteessa. T\u00e4ll\u00e4 hetkell\u00e4 t\u00e4rkein aiheemme on ajankohtainen koronavirustilanne ja poikkeusolosuhteissa toimiminen.<\/p>\n<p>&nbsp;<\/p>\n<p><img loading=\"lazy\" decoding=\"async\" class=\"wp-image-904 size-large\" src=\"https:\/\/suomenrehtorit.fi\/web\/wp-content\/uploads\/sites\/2\/mcx\/2023-6\/AdobeStock_326984480-1024x514.jpeg\" alt=\"\" width=\"980\" height=\"492\" srcset=\"https:\/\/suomenrehtorit.fi\/web\/wp-content\/uploads\/sites\/2\/mcx\/2023-6\/AdobeStock_326984480-1024x514.jpeg 1024w, https:\/\/suomenrehtorit.fi\/web\/wp-content\/uploads\/sites\/2\/mcx\/2023-6\/AdobeStock_326984480-300x151.jpeg 300w, https:\/\/suomenrehtorit.fi\/web\/wp-content\/uploads\/sites\/2\/mcx\/2023-6\/AdobeStock_326984480-768x386.jpeg 768w, https:\/\/suomenrehtorit.fi\/web\/wp-content\/uploads\/sites\/2\/mcx\/2023-6\/AdobeStock_326984480-252x127.jpeg 252w, https:\/\/suomenrehtorit.fi\/web\/wp-content\/uploads\/sites\/2\/mcx\/2023-6\/AdobeStock_326984480-522x262.jpeg 522w, https:\/\/suomenrehtorit.fi\/web\/wp-content\/uploads\/sites\/2\/mcx\/2023-6\/AdobeStock_326984480-792x398.jpeg 792w, https:\/\/suomenrehtorit.fi\/web\/wp-content\/uploads\/sites\/2\/mcx\/2023-6\/AdobeStock_326984480-1062x533.jpeg 1062w, https:\/\/suomenrehtorit.fi\/web\/wp-content\/uploads\/sites\/2\/mcx\/2023-6\/AdobeStock_326984480-1536x771.jpeg 1536w, https:\/\/suomenrehtorit.fi\/web\/wp-content\/uploads\/sites\/2\/mcx\/2023-6\/AdobeStock_326984480-2048x1029.jpeg 2048w\" sizes=\"auto, (max-width: 980px) 100vw, 980px\" \/><\/p>\n<h1>Rehtorit t\u00e4rke\u00e4ss\u00e4 roolissa koronaepidemian aikana<\/h1>\n<p style=\"text-align: justify;\">Me rehtorit keskitymme nyt tekem\u00e4\u00e4n t\u00f6it\u00e4 kaikin voimin sen eteen, ett\u00e4 koulut, oppilaitokset, oppilaat ja opiskelijat sek\u00e4 koulujen henkil\u00f6kunta selviytyv\u00e4t akuutista tilanteesta mahdollisimman pienin vaurioin koronavirusepidemian aikana ja annettuja viranomaisohjeita noudatetaan. Olemme tilanteessa, jossa karanteenitoimia on merkitt\u00e4v\u00e4sti kiristetty, kouluja suljetaan ja erilaisia tapoja et\u00e4opetuksen k\u00e4ynnist\u00e4miseksi valmistellaan. Viruksen levi\u00e4misen ehk\u00e4iseminen ja levi\u00e4miseen varautuminen ovat ykk\u00f6ssijalla ty\u00f6listallamme. Huoli on suuri, ja me rehtorit olemme muiden esimiesten tavoin aivan uudessa tilanteessa. Koska tilanne kehittyy koko ajan, tarvittaessa on pystytt\u00e4v\u00e4 tekem\u00e4\u00e4n hyvinkin nopeasti ratkaisuja, joiden vaikutukset ovat laajoja.<\/p>\n<p style=\"text-align: justify;\">Jo nyt on tiedossa, ett\u00e4 olemme siirtym\u00e4ss\u00e4 ty\u00f6ntekij\u00f6iden ja oppilaiden karanteenivaiheesta koulujen sulkemisiin ja et\u00e4opetuksen j\u00e4rjest\u00e4miseen. Lukioissa lis\u00e4haastetta ty\u00f6h\u00f6n tuovat samaan aikaan meneill\u00e4\u00e4n olevat ylioppilaskirjoitukset. Poikkeusj\u00e4rjestelyt ja historiallinen p\u00e4\u00e4t\u00f6s yo-kirjoitusten tutkintop\u00e4ivien aikaistamisesta ovat eritt\u00e4in vaativa ponnistus lukiov\u00e4elle. Kirjoitusten sujuminen on sekin turvattava. Kaikissa kouluissa keskeist\u00e4 on paitsi k\u00e4yt\u00e4nn\u00f6n j\u00e4rjestelyjen hoitaminen ja viranomaisohjeiden noudattaminen my\u00f6s henkil\u00f6st\u00f6n, oppilaiden ja vanhempien kysymyksiin vastaaminen. Rehtoreiden ammattitaito on nyt eritt\u00e4in kovalla koetuksella. Se on t\u00e4ss\u00e4 tilanteessa arvokkainta mahdollista p\u00e4\u00e4omaa. \u00a0Toivotan paljon voimia ja aivan erityisi\u00e4 jaksamisen toivotuksia jokaiselle esimiehelle maamme peruskouluissa ja lukiossa!<\/p>\n<p><a href=\"https:\/\/valtioneuvosto.fi\/artikkeli\/-\/asset_publisher\/1410845\/valtioneuvoston-linjaus-suosituksista-varhaiskasvatuksen-esiopetuksen-perusopetuksen-lukio-ja-ammatillisen-koulutuksen-korkeakoulutuksen-vapaan-sivist\" target=\"_blank\" rel=\"noopener noreferrer\">https:\/\/valtioneuvosto.fi\/artikkeli\/-\/asset_publisher\/1410845\/valtioneuvoston-linjaus-suosituksista-varhaiskasvatuksen-esiopetuksen-perusopetuksen-lukio-ja-ammatillisen-koulutuksen-korkeakoulutuksen-vapaan-sivist<\/a><\/p>\n<p>&nbsp;<\/p>\n<p><img loading=\"lazy\" decoding=\"async\" class=\"size-large wp-image-906\" src=\"https:\/\/suomenrehtorit.fi\/web\/wp-content\/uploads\/sites\/2\/mcx\/2023-6\/AdobeStock_256391842-1024x512.jpeg\" alt=\"\" width=\"980\" height=\"490\" srcset=\"https:\/\/suomenrehtorit.fi\/web\/wp-content\/uploads\/sites\/2\/mcx\/2023-6\/AdobeStock_256391842-1024x512.jpeg 1024w, https:\/\/suomenrehtorit.fi\/web\/wp-content\/uploads\/sites\/2\/mcx\/2023-6\/AdobeStock_256391842-300x150.jpeg 300w, https:\/\/suomenrehtorit.fi\/web\/wp-content\/uploads\/sites\/2\/mcx\/2023-6\/AdobeStock_256391842-768x384.jpeg 768w, https:\/\/suomenrehtorit.fi\/web\/wp-content\/uploads\/sites\/2\/mcx\/2023-6\/AdobeStock_256391842-252x126.jpeg 252w, https:\/\/suomenrehtorit.fi\/web\/wp-content\/uploads\/sites\/2\/mcx\/2023-6\/AdobeStock_256391842-522x261.jpeg 522w, https:\/\/suomenrehtorit.fi\/web\/wp-content\/uploads\/sites\/2\/mcx\/2023-6\/AdobeStock_256391842-792x396.jpeg 792w, https:\/\/suomenrehtorit.fi\/web\/wp-content\/uploads\/sites\/2\/mcx\/2023-6\/AdobeStock_256391842-1062x531.jpeg 1062w, https:\/\/suomenrehtorit.fi\/web\/wp-content\/uploads\/sites\/2\/mcx\/2023-6\/AdobeStock_256391842-1536x768.jpeg 1536w, https:\/\/suomenrehtorit.fi\/web\/wp-content\/uploads\/sites\/2\/mcx\/2023-6\/AdobeStock_256391842-2048x1024.jpeg 2048w\" sizes=\"auto, (max-width: 980px) 100vw, 980px\" \/><\/p>\n<h1>Neuvottelutilanne<\/h1>\n<p style=\"text-align: justify;\">Juuri t\u00e4ll\u00e4 hetkell\u00e4 kaikkien koulujen esimiesten ajatukset py\u00f6riv\u00e4t siin\u00e4, miten koronavirustilanne kehittyy ja millaisia ovat sen seuraukset koulujen toiminnalle. T\u00e4ss\u00e4 j\u00e4senkirjeess\u00e4 ei t\u00e4m\u00e4n vuoksi puututa laajemmin sopimusneuvottelutilanteeseen. Kokonaisuuden kannalta nyt on t\u00e4rke\u00e4\u00e4, ett\u00e4 esimiehet pystyv\u00e4t keskitt\u00e4m\u00e4n huomionsa oppilaitosten ydinteht\u00e4v\u00e4n turvaamiseen ja heill\u00e4 on edellytykset tarvittavien teht\u00e4vien hoitamiseen karanteenitoimien mahdollisesti kiristyess\u00e4. Sopimusneuvotteluissa on parhaillaan menossa vaihe, joissa neuvottelujen yksityiskohdista ei k\u00e4yd\u00e4 keskustelua julkisuudessa. My\u00f6s ty\u00f6markkinaosapuolet haluavat kiinnitt\u00e4\u00e4 huomionsa nyt akuuttiin koronakriisiin.<\/p>\n<p><img loading=\"lazy\" decoding=\"async\" class=\"size-large wp-image-907\" src=\"https:\/\/suomenrehtorit.fi\/web\/wp-content\/uploads\/sites\/2\/mcx\/2023-6\/AdobeStock_278767080-1024x333.jpeg\" alt=\"\" width=\"980\" height=\"319\" srcset=\"https:\/\/suomenrehtorit.fi\/web\/wp-content\/uploads\/sites\/2\/mcx\/2023-6\/AdobeStock_278767080-1024x333.jpeg 1024w, https:\/\/suomenrehtorit.fi\/web\/wp-content\/uploads\/sites\/2\/mcx\/2023-6\/AdobeStock_278767080-300x98.jpeg 300w, https:\/\/suomenrehtorit.fi\/web\/wp-content\/uploads\/sites\/2\/mcx\/2023-6\/AdobeStock_278767080-768x250.jpeg 768w, https:\/\/suomenrehtorit.fi\/web\/wp-content\/uploads\/sites\/2\/mcx\/2023-6\/AdobeStock_278767080-252x82.jpeg 252w, https:\/\/suomenrehtorit.fi\/web\/wp-content\/uploads\/sites\/2\/mcx\/2023-6\/AdobeStock_278767080-522x170.jpeg 522w, https:\/\/suomenrehtorit.fi\/web\/wp-content\/uploads\/sites\/2\/mcx\/2023-6\/AdobeStock_278767080-792x258.jpeg 792w, https:\/\/suomenrehtorit.fi\/web\/wp-content\/uploads\/sites\/2\/mcx\/2023-6\/AdobeStock_278767080-1062x345.jpeg 1062w, https:\/\/suomenrehtorit.fi\/web\/wp-content\/uploads\/sites\/2\/mcx\/2023-6\/AdobeStock_278767080-1536x500.jpeg 1536w, https:\/\/suomenrehtorit.fi\/web\/wp-content\/uploads\/sites\/2\/mcx\/2023-6\/AdobeStock_278767080-2048x666.jpeg 2048w\" sizes=\"auto, (max-width: 980px) 100vw, 980px\" \/><\/p>\n<h1>Oppivelvollisuuden pident\u00e4minen<\/h1>\n<p>Suomen Rehtorit ovat tuoneet hiljattain julki omat huolensa liittyen oppivelvollisuuden pident\u00e4miseen ja sen vaikutuksiin erityisesti lukiokoulutukseen. Huolen k\u00e4rki kohdistuu kustannusten karkaamiseen ja rahojen valumiseen muuhun kuin opetuksen ja oppimisen kannalta t\u00e4rkeimpiin kohteisiin. \u00a0<a href=\"https:\/\/www.hs.fi\/politiikka\/art-2000006418101.html\" target=\"_blank\" rel=\"noopener noreferrer\">Helsingin Sanomat on hiljattain uutisoinut<\/a> laajasti SURE:n esitt\u00e4mist\u00e4 huomiosta , <a href=\"https:\/\/suomenrehtorit.fi\/web\/2020\/03\/11\/suomen-rehtorit-ryn-julkilausuma-oppivelvollisuuden-laajentamisesta-9-3-2020\/\" target=\"_blank\" rel=\"noopener noreferrer\">lausunto<\/a> on kokonaisuudessaan luettavissa my\u00f6s j\u00e4rjest\u00f6n kotisivuilta.<\/p>\n<p>&nbsp;<\/p>\n<p><img loading=\"lazy\" decoding=\"async\" class=\"alignnone wp-image-922 size-full\" src=\"https:\/\/suomenrehtorit.fi\/web\/wp-content\/uploads\/sites\/2\/mcx\/2023-6\/OPH-vaikuttavuustavoitteet.jpg\" alt=\"\" width=\"680\" height=\"437\" srcset=\"https:\/\/suomenrehtorit.fi\/web\/wp-content\/uploads\/sites\/2\/mcx\/2023-6\/OPH-vaikuttavuustavoitteet.jpg 680w, https:\/\/suomenrehtorit.fi\/web\/wp-content\/uploads\/sites\/2\/mcx\/2023-6\/OPH-vaikuttavuustavoitteet-300x193.jpg 300w, https:\/\/suomenrehtorit.fi\/web\/wp-content\/uploads\/sites\/2\/mcx\/2023-6\/OPH-vaikuttavuustavoitteet-252x162.jpg 252w, https:\/\/suomenrehtorit.fi\/web\/wp-content\/uploads\/sites\/2\/mcx\/2023-6\/OPH-vaikuttavuustavoitteet-522x335.jpg 522w\" sizes=\"auto, (max-width: 680px) 100vw, 680px\" \/><\/p>\n<h1>OPH korostaa johtamisen vahvistamista ja johtamiskoulutuksen rakenteiden kehitt\u00e4mist\u00e4<\/h1>\n<p style=\"text-align: justify;\">Hyvin poikkeuksellisesta kokonaistilanteesta huolimatta meid\u00e4n pit\u00e4\u00e4 suunnata katseemme \u00a0koulujen olojen normalisoimiseen ja toimintojen jatkamiseen. T\u00e4m\u00e4n vuoksi on t\u00e4rke\u00e4\u00e4 koota my\u00f6s hyvi\u00e4 uutisia \u2013 ja niit\u00e4 kuulimme hiljattain Opetushallituksen suunnalta. OPH on aivan hiljattain kirjannut yl\u00f6s omia vaikutus- ja vaikuttavuustavoitteitaan seuraavalle nelivuotiskaudelle. On ollut hienoa kuulla, ett\u00e4 johtamisen vahvistaminen n\u00e4hd\u00e4\u00e4n nyt yhten\u00e4 t\u00e4rke\u00e4n\u00e4 ty\u00f6kaluna, jota tarvitaan kaikkien muiden vaikuttavuustavoitteiden edist\u00e4miseksi. Yht\u00e4 lailla hienoa on ollut n\u00e4hd\u00e4, miten SURE:n tekem\u00e4 pohjaty\u00f6 johtamiskoulutuksen kehitt\u00e4miseksi on saanut my\u00f6nteisen vastaanoton Opetushallituksen suunnalta, ja mallin sovellus tulee esiin my\u00f6s OPH:n omassa n\u00e4kemyksess\u00e4 johtajuuden kehitt\u00e4miseksi.<\/p>\n<p><img loading=\"lazy\" decoding=\"async\" class=\"alignnone size-large wp-image-923\" src=\"https:\/\/suomenrehtorit.fi\/web\/wp-content\/uploads\/sites\/2\/mcx\/2023-6\/Johtamiskoulutuksen-rakenteet-1024x768.jpg\" alt=\"\" width=\"980\" height=\"735\" srcset=\"https:\/\/suomenrehtorit.fi\/web\/wp-content\/uploads\/sites\/2\/mcx\/2023-6\/Johtamiskoulutuksen-rakenteet-1024x768.jpg 1024w, https:\/\/suomenrehtorit.fi\/web\/wp-content\/uploads\/sites\/2\/mcx\/2023-6\/Johtamiskoulutuksen-rakenteet-300x225.jpg 300w, https:\/\/suomenrehtorit.fi\/web\/wp-content\/uploads\/sites\/2\/mcx\/2023-6\/Johtamiskoulutuksen-rakenteet-768x576.jpg 768w, https:\/\/suomenrehtorit.fi\/web\/wp-content\/uploads\/sites\/2\/mcx\/2023-6\/Johtamiskoulutuksen-rakenteet-252x189.jpg 252w, https:\/\/suomenrehtorit.fi\/web\/wp-content\/uploads\/sites\/2\/mcx\/2023-6\/Johtamiskoulutuksen-rakenteet-522x392.jpg 522w, https:\/\/suomenrehtorit.fi\/web\/wp-content\/uploads\/sites\/2\/mcx\/2023-6\/Johtamiskoulutuksen-rakenteet-792x594.jpg 792w, https:\/\/suomenrehtorit.fi\/web\/wp-content\/uploads\/sites\/2\/mcx\/2023-6\/Johtamiskoulutuksen-rakenteet-1062x797.jpg 1062w, https:\/\/suomenrehtorit.fi\/web\/wp-content\/uploads\/sites\/2\/mcx\/2023-6\/Johtamiskoulutuksen-rakenteet.jpg 1473w\" sizes=\"auto, (max-width: 980px) 100vw, 980px\" \/><\/p>\n<p>Toivotan kaikille j\u00e4senillemme nyt aivan poikkeuksellisen paljon jaksamista ja voimavaroja t\u00e4rke\u00e4\u00e4n ty\u00f6h\u00f6nne. Pidet\u00e4\u00e4n p\u00e4\u00e4 kylm\u00e4n\u00e4 ja syd\u00e4n l\u00e4mpim\u00e4n\u00e4: t\u00e4st\u00e4kin tilanteesta kyll\u00e4 selvit\u00e4\u00e4n!<\/p>\n<p>Antti Ikonen<br \/>\npj Suomen Rehtorit<br \/>\ntwitter: @AnttiIkonen<\/p>\n<p><img loading=\"lazy\" decoding=\"async\" class=\"alignnone size-full wp-image-924\" src=\"https:\/\/suomenrehtorit.fi\/web\/wp-content\/uploads\/sites\/2\/mcx\/2023-6\/Kuvaverkko_sloganilla_1000x683_REXI-002.jpg\" alt=\"\" width=\"1000\" height=\"683\" srcset=\"https:\/\/suomenrehtorit.fi\/web\/wp-content\/uploads\/sites\/2\/mcx\/2023-6\/Kuvaverkko_sloganilla_1000x683_REXI-002.jpg 1000w, https:\/\/suomenrehtorit.fi\/web\/wp-content\/uploads\/sites\/2\/mcx\/2023-6\/Kuvaverkko_sloganilla_1000x683_REXI-002-300x205.jpg 300w, https:\/\/suomenrehtorit.fi\/web\/wp-content\/uploads\/sites\/2\/mcx\/2023-6\/Kuvaverkko_sloganilla_1000x683_REXI-002-768x525.jpg 768w, https:\/\/suomenrehtorit.fi\/web\/wp-content\/uploads\/sites\/2\/mcx\/2023-6\/Kuvaverkko_sloganilla_1000x683_REXI-002-252x172.jpg 252w, https:\/\/suomenrehtorit.fi\/web\/wp-content\/uploads\/sites\/2\/mcx\/2023-6\/Kuvaverkko_sloganilla_1000x683_REXI-002-522x357.jpg 522w, https:\/\/suomenrehtorit.fi\/web\/wp-content\/uploads\/sites\/2\/mcx\/2023-6\/Kuvaverkko_sloganilla_1000x683_REXI-002-792x541.jpg 792w\" sizes=\"auto, (max-width: 1000px) 100vw, 1000px\" \/><\/p>\n<h2>Kemikaalittomia koulukuvia \u2013 kyll\u00e4 kiitos!<\/h2>\n<p style=\"text-align: justify;\">Kuvaverkko on mukana luomassa puhtaampaa tulevaisuutta kuvattavilleen. Me valmistamme valokuvat ymp\u00e4rist\u00f6yst\u00e4v\u00e4llisell\u00e4 HP Indigo -tuotantolaitteella. Siirryimme ensimm\u00e4isen\u00e4 ja ainoana kuvanvalmistajana Suomessa kemikaalittomaan kuvanvalmistukseen, sill\u00e4 perinteisess\u00e4 kuvanvalmistuksessa k\u00e4ytetyt kemikaalit ovat ymp\u00e4rist\u00f6j\u00e4tett\u00e4.<\/p>\n<p style=\"text-align: justify;\">Maailmalla perinteinen kuvanvalmistus on korvattu jo l\u00e4hes kokonaan vihre\u00e4mmill\u00e4 ratkaisuilla.<br \/>\nHP Indigolla kuvien valmistuksessa ei muodostu ongelmaj\u00e4tteit\u00e4 eik\u00e4 hiilidioksidip\u00e4\u00e4st\u00f6j\u00e4. Lis\u00e4ksi tuotantolaite on valmistettu kest\u00e4vist\u00e4 komponenteista, jotka ovat tuotannosta poistamisen j\u00e4lkeen kierr\u00e4tett\u00e4viss\u00e4.<\/p>\n<p style=\"text-align: justify;\">Ymp\u00e4rist\u00f6yst\u00e4v\u00e4llisyyden lis\u00e4ksi kuvien laatu ja kest\u00e4vyys ovat paremmat nykyaikaisen tekniikan my\u00f6t\u00e4. Kemikaalittomasti valmistetut kuvat n\u00e4ytt\u00e4v\u00e4t kirkkaammilta ja ter\u00e4v\u00e4mmilt\u00e4, sill\u00e4 perinteisell\u00e4 tavalla valmistettua valokuvaa haalistaa vaalean harmaa hopeahalidi-pinnoite. Puolueeton tutkimuslaitos (Wilhelm Imaging Researchin WIR-tutkimus) on antanut HP Indigolla valmistetuille kuville 200 vuoden kest\u00e4vyystakuun. Lue lis\u00e4\u00e4 aiheesta verkkosivuiltamme.<\/p>\n<p style=\"text-align: justify;\">Haluatko kuulla lis\u00e4\u00e4 kuvauspalveluistamme?<\/p>\n<p style=\"text-align: justify;\">Ota yhteytt\u00e4: Kuvaverkko Oy, myynti@kuvaverkko.fi, <a href=\"http:\/\/kuvaverkko.fi\/koulukuvaus\" target=\"_blank\" rel=\"noopener noreferrer\">kuvaverkko.fi\/koulukuvaus<\/a><\/p>\n<p>&nbsp;<\/p>\n","protected":false},"excerpt":{"rendered":"<p>Puheenjohtajalta T\u00e4t\u00e4 j\u00e4senkirjett\u00e4 on koottu aivan poikkeuksellisessa tilanteessa. T\u00e4ll\u00e4 hetkell\u00e4 t\u00e4rkein aiheemme on ajankohtainen koronavirustilanne ja poikkeusolosuhteissa toimiminen. &nbsp; Rehtorit t\u00e4rke\u00e4ss\u00e4 roolissa koronaepidemian aikana Me rehtorit keskitymme nyt tekem\u00e4\u00e4n t\u00f6it\u00e4 kaikin voimin sen eteen, ett\u00e4 koulut, oppilaitokset, oppilaat ja opiskelijat sek\u00e4 koulujen henkil\u00f6kunta selviytyv\u00e4t akuutista tilanteesta mahdollisimman pienin vaurioin koronavirusepidemian aikana ja annettuja viranomaisohjeita noudatetaan. &#8230; <a title=\"J\u00e4senkirje 3\/2020\" class=\"read-more\" href=\"https:\/\/suomenrehtorit.fi\/web\/2020\/03\/16\/jasenkirje-3-2020\/\" aria-label=\"Lue lis\u00e4\u00e4 aiheesta J\u00e4senkirje 3\/2020\">Lue lis\u00e4\u00e4<\/a><\/p>\n","protected":false},"author":3,"featured_media":904,"comment_status":"closed","ping_status":"closed","sticky":false,"template":"","format":"standard","meta":{"_uag_custom_page_level_css":"","footnotes":""},"categories":[23,24],"tags":[],"class_list":["post-902","post","type-post","status-publish","format-standard","has-post-thumbnail","hentry","category-jasenkirje","category-uutisarkisto"],"uagb_featured_image_src":{"full":["https:\/\/suomenrehtorit.fi\/web\/wp-content\/uploads\/sites\/2\/mcx\/2023-6\/AdobeStock_326984480-scaled.jpeg",2560,1286,false],"thumbnail":["https:\/\/suomenrehtorit.fi\/web\/wp-content\/uploads\/sites\/2\/mcx\/2023-6\/AdobeStock_326984480-150x150.jpeg",150,150,true],"medium":["https:\/\/suomenrehtorit.fi\/web\/wp-content\/uploads\/sites\/2\/mcx\/2023-6\/AdobeStock_326984480-300x151.jpeg",300,151,true],"medium_large":["https:\/\/suomenrehtorit.fi\/web\/wp-content\/uploads\/sites\/2\/mcx\/2023-6\/AdobeStock_326984480-768x386.jpeg",768,386,true],"large":["https:\/\/suomenrehtorit.fi\/web\/wp-content\/uploads\/sites\/2\/mcx\/2023-6\/AdobeStock_326984480-1024x514.jpeg",1024,514,true],"magazine-cw3":["https:\/\/suomenrehtorit.fi\/web\/wp-content\/uploads\/sites\/2\/mcx\/2023-6\/AdobeStock_326984480-252x127.jpeg",252,127,true],"magazine-cw6":["https:\/\/suomenrehtorit.fi\/web\/wp-content\/uploads\/sites\/2\/mcx\/2023-6\/AdobeStock_326984480-522x262.jpeg",522,262,true],"magazine-cw9":["https:\/\/suomenrehtorit.fi\/web\/wp-content\/uploads\/sites\/2\/mcx\/2023-6\/AdobeStock_326984480-792x398.jpeg",792,398,true],"magazine-cw12":["https:\/\/suomenrehtorit.fi\/web\/wp-content\/uploads\/sites\/2\/mcx\/2023-6\/AdobeStock_326984480-1062x533.jpeg",1062,533,true],"magazine-thumb":["https:\/\/suomenrehtorit.fi\/web\/wp-content\/uploads\/sites\/2\/mcx\/2023-6\/AdobeStock_326984480-72x72.jpeg",72,72,true],"magazine-toc":["https:\/\/suomenrehtorit.fi\/web\/wp-content\/uploads\/sites\/2\/mcx\/2023-6\/AdobeStock_326984480-126x126.jpeg",126,126,true],"1536x1536":["https:\/\/suomenrehtorit.fi\/web\/wp-content\/uploads\/sites\/2\/mcx\/2023-6\/AdobeStock_326984480-1536x771.jpeg",1536,771,true],"2048x2048":["https:\/\/suomenrehtorit.fi\/web\/wp-content\/uploads\/sites\/2\/mcx\/2023-6\/AdobeStock_326984480-2048x1029.jpeg",2048,1029,true],"gform-image-choice-sm":["https:\/\/suomenrehtorit.fi\/web\/wp-content\/uploads\/sites\/2\/mcx\/2023-6\/AdobeStock_326984480-scaled.jpeg",300,151,false],"gform-image-choice-md":["https:\/\/suomenrehtorit.fi\/web\/wp-content\/uploads\/sites\/2\/mcx\/2023-6\/AdobeStock_326984480-scaled.jpeg",400,201,false],"gform-image-choice-lg":["https:\/\/suomenrehtorit.fi\/web\/wp-content\/uploads\/sites\/2\/mcx\/2023-6\/AdobeStock_326984480-scaled.jpeg",600,301,false]},"uagb_author_info":{"display_name":"Admin","author_link":"https:\/\/suomenrehtorit.fi\/web\/author\/toni-lehtinen\/"},"uagb_comment_info":0,"uagb_excerpt":"Puheenjohtajalta T\u00e4t\u00e4 j\u00e4senkirjett\u00e4 on koottu aivan poikkeuksellisessa tilanteessa. T\u00e4ll\u00e4 hetkell\u00e4 t\u00e4rkein aiheemme on ajankohtainen koronavirustilanne ja poikkeusolosuhteissa toimiminen. &nbsp; Rehtorit t\u00e4rke\u00e4ss\u00e4 roolissa koronaepidemian aikana Me rehtorit keskitymme nyt tekem\u00e4\u00e4n t\u00f6it\u00e4 kaikin voimin sen eteen, ett\u00e4 koulut, oppilaitokset, oppilaat ja opiskelijat sek\u00e4 koulujen henkil\u00f6kunta selviytyv\u00e4t akuutista tilanteesta mahdollisimman pienin vaurioin koronavirusepidemian aikana ja annettuja viranomaisohjeita noudatetaan.&hellip;","_links":{"self":[{"href":"https:\/\/suomenrehtorit.fi\/web\/wp-json\/wp\/v2\/posts\/902","targetHints":{"allow":["GET"]}}],"collection":[{"href":"https:\/\/suomenrehtorit.fi\/web\/wp-json\/wp\/v2\/posts"}],"about":[{"href":"https:\/\/suomenrehtorit.fi\/web\/wp-json\/wp\/v2\/types\/post"}],"author":[{"embeddable":true,"href":"https:\/\/suomenrehtorit.fi\/web\/wp-json\/wp\/v2\/users\/3"}],"replies":[{"embeddable":true,"href":"https:\/\/suomenrehtorit.fi\/web\/wp-json\/wp\/v2\/comments?post=902"}],"version-history":[{"count":1,"href":"https:\/\/suomenrehtorit.fi\/web\/wp-json\/wp\/v2\/posts\/902\/revisions"}],"predecessor-version":[{"id":1804,"href":"https:\/\/suomenrehtorit.fi\/web\/wp-json\/wp\/v2\/posts\/902\/revisions\/1804"}],"wp:featuredmedia":[{"embeddable":true,"href":"https:\/\/suomenrehtorit.fi\/web\/wp-json\/wp\/v2\/media\/904"}],"wp:attachment":[{"href":"https:\/\/suomenrehtorit.fi\/web\/wp-json\/wp\/v2\/media?parent=902"}],"wp:term":[{"taxonomy":"category","embeddable":true,"href":"https:\/\/suomenrehtorit.fi\/web\/wp-json\/wp\/v2\/categories?post=902"},{"taxonomy":"post_tag","embeddable":true,"href":"https:\/\/suomenrehtorit.fi\/web\/wp-json\/wp\/v2\/tags?post=902"}],"curies":[{"name":"wp","href":"https:\/\/api.w.org\/{rel}","templated":true}]}}