{"id":909,"date":"2019-11-15T11:05:27","date_gmt":"2019-11-15T11:05:27","guid":{"rendered":"https:\/\/suomenrehtorit.fi\/web\/?p=909"},"modified":"2023-08-07T06:47:01","modified_gmt":"2023-08-07T06:47:01","slug":"jasenkirje-10-2019","status":"publish","type":"post","link":"https:\/\/suomenrehtorit.fi\/web\/2019\/11\/15\/jasenkirje-10-2019\/","title":{"rendered":"J\u00e4senkirje 10\/2019"},"content":{"rendered":"<h1>Puheenjohtajalta<\/h1>\n<figure id=\"attachment_3740\" aria-describedby=\"caption-attachment-3740\" style=\"width: 221px\" class=\"wp-caption alignnone\"><img loading=\"lazy\" decoding=\"async\" class=\"size-medium wp-image-762\" src=\"https:\/\/suomenrehtorit.fi\/web\/wp-content\/uploads\/sites\/2\/mcx\/2023-6\/Antti-uusin-231x300.jpg\" alt=\"\" width=\"231\" height=\"300\" srcset=\"https:\/\/suomenrehtorit.fi\/web\/wp-content\/uploads\/sites\/2\/mcx\/2023-6\/Antti-uusin-231x300.jpg 231w, https:\/\/suomenrehtorit.fi\/web\/wp-content\/uploads\/sites\/2\/mcx\/2023-6\/Antti-uusin-788x1024.jpg 788w, https:\/\/suomenrehtorit.fi\/web\/wp-content\/uploads\/sites\/2\/mcx\/2023-6\/Antti-uusin-768x999.jpg 768w, https:\/\/suomenrehtorit.fi\/web\/wp-content\/uploads\/sites\/2\/mcx\/2023-6\/Antti-uusin-252x328.jpg 252w, https:\/\/suomenrehtorit.fi\/web\/wp-content\/uploads\/sites\/2\/mcx\/2023-6\/Antti-uusin-522x679.jpg 522w, https:\/\/suomenrehtorit.fi\/web\/wp-content\/uploads\/sites\/2\/mcx\/2023-6\/Antti-uusin-792x1030.jpg 792w, https:\/\/suomenrehtorit.fi\/web\/wp-content\/uploads\/sites\/2\/mcx\/2023-6\/Antti-uusin.jpg 866w\" sizes=\"auto, (max-width: 231px) 100vw, 231px\" \/><figcaption id=\"caption-attachment-3740\" class=\"wp-caption-text\">Antti Ikonen<br \/>pj Suomen Rehtorit<br \/>twitter: @AnttiIkonen<\/figcaption><\/figure>\n<h1>Lukion uudet ops-perusteet julkistettiin 7.11.2019<\/h1>\n<p style=\"text-align: justify;\">Uudet kansalliset lukiokoulutuksen opetussuunnitelman perusteet (LOPS) julkistettiin viime viikolla lukiop\u00e4ivien yhteydess\u00e4. Mit\u00e4\u00e4n isompia rukkauksia oppim\u00e4\u00e4riin, tuntijakoon tai pakollisten ja valinnaisten aineiden v\u00e4liseen suhteeseen ei t\u00e4ss\u00e4 prosessia tehty. Yksi n\u00e4kyvist\u00e4 muutoksista on nykyisin k\u00e4yt\u00f6ss\u00e4 olevien kurssien muuttuminen opintopisteiksi ja oppiaineiden sis\u00e4lt\u00f6jen, tavoitteiden ja arvioinnin kuvaaminen kurssien sijaan moduli-rakenteina. Perusteiden julkistamisen yhteydess\u00e4 korostui lukiolaisten laaja-alaisen osaamisen sek\u00e4 oppiainerajat ylitt\u00e4vien kokonaisuuksien hallinta, mutta toisaalta my\u00f6s lukiolaisten hyvinvoinnista huolehtiminen. Nyt p\u00e4\u00e4ttyneess\u00e4 LOPS-prosessissa oli mukana vankka edustus lukiokoulutuksen kokeneista rehtoreista ja esimiehist\u00e4 aina puheenjohtajaa opetusneuvos Petri Lehikoista my\u00f6ten. Perusteiden julkistaminen k\u00e4ynnist\u00e4\u00e4 saman tien paikallisen opetussuunnitelmaty\u00f6n niin, ett\u00e4 uusien perusteiden mukainen opetus voidaan aloittaa syksyll\u00e4 2021.<\/p>\n<p><img loading=\"lazy\" decoding=\"async\" class=\"alignnone size-medium wp-image-910\" src=\"https:\/\/suomenrehtorit.fi\/web\/wp-content\/uploads\/sites\/2\/mcx\/2023-6\/lops-300x264.png\" alt=\"\" width=\"300\" height=\"264\" srcset=\"https:\/\/suomenrehtorit.fi\/web\/wp-content\/uploads\/sites\/2\/mcx\/2023-6\/lops-300x264.png 300w, https:\/\/suomenrehtorit.fi\/web\/wp-content\/uploads\/sites\/2\/mcx\/2023-6\/lops-768x677.png 768w, https:\/\/suomenrehtorit.fi\/web\/wp-content\/uploads\/sites\/2\/mcx\/2023-6\/lops-252x222.png 252w, https:\/\/suomenrehtorit.fi\/web\/wp-content\/uploads\/sites\/2\/mcx\/2023-6\/lops-522x460.png 522w, https:\/\/suomenrehtorit.fi\/web\/wp-content\/uploads\/sites\/2\/mcx\/2023-6\/lops-792x698.png 792w, https:\/\/suomenrehtorit.fi\/web\/wp-content\/uploads\/sites\/2\/mcx\/2023-6\/lops.png 978w\" sizes=\"auto, (max-width: 300px) 100vw, 300px\" \/><\/p>\n<h1>Palkkaperusteryhm\u00e4kysely<\/h1>\n<p style=\"text-align: justify;\">Voimassa olevan kunnallisen OVTES-virkaehtosopimuksen allekirjoitusp\u00f6yt\u00e4kirjassa sovittiin sopimuskauden aikana ty\u00f6ryhmien kautta tarkasteltavista kehitt\u00e4miskohteista. N\u00e4ist\u00e4 kirjauksista yksi koskee rehtority\u00f6ajan kehitt\u00e4mist\u00e4 eri koulumuodoissa. Toukokuussa Suomen Rehtoreiden hallitus k\u00e4vi Kuntatalolla k\u00e4yden keskustelua muun muassa t\u00e4st\u00e4 tavoitteesta. Yksi nykyisen sopimusmuodon keskeisesti oppilaitosjohdon sopimuskysymyksi\u00e4 m\u00e4\u00e4ritt\u00e4v\u00e4 tekij\u00e4 on palkkaperusteryhm\u00e4n k\u00e4site. Niinp\u00e4 syksyll\u00e4 2019 Kuntaty\u00f6nantaja laittoi liikkeelle kaikille kunnallisille opetuksen j\u00e4rjest\u00e4jille kyselyn nykyisist\u00e4 palkkaperusteryhmist\u00e4 ja niit\u00e4 vastaavista rehtorien teht\u00e4v\u00e4kohtaisista palkoista. Koska sopimuskausi l\u00e4hestyy pian loppuaan, olemme my\u00f6s esimiesj\u00e4rjest\u00f6n suunnalta kiinnostuneita niin t\u00e4m\u00e4n kyselyn tuloksista, kuin palkkaperusteryhm\u00e4n k\u00e4sitteellisen m\u00e4\u00e4rittelyn, rehtoreiden palkkaj\u00e4rjestelm\u00e4n kuin rehtority\u00f6ajan kehitt\u00e4misen aikaansaannoksista ty\u00f6ryhm\u00e4n toimikauden ajalta.<\/p>\n<p><img loading=\"lazy\" decoding=\"async\" class=\"alignnone size-medium wp-image-911\" src=\"https:\/\/suomenrehtorit.fi\/web\/wp-content\/uploads\/sites\/2\/mcx\/2023-6\/rahat.png\" alt=\"\" width=\"300\" height=\"168\" srcset=\"https:\/\/suomenrehtorit.fi\/web\/wp-content\/uploads\/sites\/2\/mcx\/2023-6\/rahat.png 300w, https:\/\/suomenrehtorit.fi\/web\/wp-content\/uploads\/sites\/2\/mcx\/2023-6\/rahat-252x141.png 252w\" sizes=\"auto, (max-width: 300px) 100vw, 300px\" \/><\/p>\n<h1>Ruotsalaiset rehtorit tyytym\u00e4tt\u00f6mi\u00e4 koulutuksen resursointiin<\/h1>\n<p style=\"text-align: justify;\">Joukko ruotsalaisia rehtoreita on tuonut julki kritiikkins\u00e4 ristiriitaisiin odotuksiin, jossa kouluilta odotetaan parempia saavutuksia alati pienemmill\u00e4 resursseilla. Yksi tunnistettu haaste ruotsalaisessa koulussa on kouluj\u00e4rjestelm\u00e4n eriytymiskehitys ja yleissivist\u00e4v\u00e4n koulutuksen markkinaistuminen. Er\u00e4s esiin nousseista rehtoreista on g\u00f6teborgilainen Linn\u00e9a Lindquist, jonka yksi ehdotus maata vaivaavaan opettajapulaan esimiesty\u00f6n laatuun panostaminen ja rehtoreiden ty\u00f6olosuhteiden kehitt\u00e4misen. Ty\u00f6el\u00e4m\u00e4tutkimuksen kautta tied\u00e4mme, ett\u00e4 nykyiset milleniaali-sukupolvet ovat kokeilunhaluisia ja rohkeita maailmankansalaisia, joille ty\u00f6paikan ilmapiiri ja arvojen vastaaminen omaa maailmankuvaa merkitsee usein paljon enemm\u00e4n kuin pitk\u00e4 ja kapea leip\u00e4 ja vakituiset ty\u00f6suhteen. Selv\u00e4t merkit my\u00f6s suomalaisessa yhteiskunnassa viittaavat siihen, ett\u00e4 opettaja-ammatin vetovoima on heikentynyt, mik\u00e4 n\u00e4kyy mm. opetusalan valintakokeiden hakijam\u00e4\u00e4rien laskuna.<\/p>\n<p><img loading=\"lazy\" decoding=\"async\" class=\"alignnone size-full wp-image-912\" src=\"https:\/\/suomenrehtorit.fi\/web\/wp-content\/uploads\/sites\/2\/mcx\/2023-6\/luokka-1.png\" alt=\"\" width=\"266\" height=\"190\" srcset=\"https:\/\/suomenrehtorit.fi\/web\/wp-content\/uploads\/sites\/2\/mcx\/2023-6\/luokka-1.png 266w, https:\/\/suomenrehtorit.fi\/web\/wp-content\/uploads\/sites\/2\/mcx\/2023-6\/luokka-1-252x180.png 252w\" sizes=\"auto, (max-width: 266px) 100vw, 266px\" \/><\/p>\n<h1>Aikamme kaipaa ep\u00e4t\u00e4ydellisi\u00e4 johtajia<\/h1>\n<p style=\"text-align: justify;\">Brittil\u00e4inen oppilaitosjohtamisen keskeinen toimija, tutkija ja toimitusjohtaja Steve Munby julkaisi hiljattain johtamisteoksen nimelt\u00e4\u00e4n Imperfect Leadership. Munbyb kirja ja sen provokatiivinen nimi her\u00e4tt\u00e4\u00e4 kiinnostuksen, miksi olla tieten tahdoin ep\u00e4t\u00e4ydellinen, kun toisaalta aikamme huutaa sankarijohtajien per\u00e4\u00e4n. Pys\u00e4htymien Munbyn ajatuksen \u00e4\u00e4relle on kuitenkin vaivan v\u00e4\u00e4rti, sill\u00e4 v\u00e4ist\u00e4m\u00e4tt\u00f6m\u00e4n ep\u00e4t\u00e4ydellisyytens\u00e4 ja riitt\u00e4m\u00e4tt\u00f6myytens\u00e4 tunnistava johtaja, joka tunnistaa heikkoutensa \u2013 mutta my\u00f6s vahvuutensa \u2013 kutsuu toiminnallaan koko ty\u00f6yhteis\u00f6\u00e4 mukaan osallistavaan ja yhteistoiminnalliseen koulun kehitt\u00e4miseen. Ep\u00e4t\u00e4ydellisyytens\u00e4 tunnistava johtaja uskaltaa kokeilla, onnistua ja ep\u00e4onnistua. T\u00e4t\u00e4 ominaisuutta h\u00e4n pystyy my\u00f6s kasvattamaan koko ty\u00f6yhteis\u00f6ss\u00e4\u00e4n, mik\u00e4 on pitk\u00e4ll\u00e4 t\u00e4ht\u00e4imell\u00e4 lopulta kaikkien menestyvien organisaatioiden elinehto. T\u00e4llainen ilmapiiri on omiaan saamaan my\u00f6s kaikkia muita koulun l\u00e4hell\u00e4 ty\u00f6skentelevi\u00e4 kumppaneita mukaan yhteisty\u00f6h\u00f6n koulun kanssa, sill\u00e4 my\u00f6sk\u00e4\u00e4n \u201dep\u00e4t\u00e4ydellinen koulu\u201d ei muodosta ymp\u00e4rilleen luotaan ty\u00f6nt\u00e4v\u00e4\u00e4 erinomaisuuden keh\u00e4\u00e4. Toivotan t\u00e4m\u00e4n Steve Munbyn teoksen hengess\u00e4 hyv\u00e4\u00e4 syyslukukauden loppua kaikille j\u00e4senillemme. Olet hyv\u00e4 esimies juuri sellaisena kuin olet, vikoinesi ja vahvuuksinesi. Se tekee lopulta sinusta ep\u00e4t\u00e4ydellisen\u00e4 t\u00e4ydellisen!<\/p>\n<p><img loading=\"lazy\" decoding=\"async\" class=\"alignnone size-medium wp-image-913\" src=\"https:\/\/suomenrehtorit.fi\/web\/wp-content\/uploads\/sites\/2\/mcx\/2023-6\/Munby-300x225.jpg\" alt=\"\" width=\"300\" height=\"225\" srcset=\"https:\/\/suomenrehtorit.fi\/web\/wp-content\/uploads\/sites\/2\/mcx\/2023-6\/Munby-300x225.jpg 300w, https:\/\/suomenrehtorit.fi\/web\/wp-content\/uploads\/sites\/2\/mcx\/2023-6\/Munby-1024x769.jpg 1024w, https:\/\/suomenrehtorit.fi\/web\/wp-content\/uploads\/sites\/2\/mcx\/2023-6\/Munby-768x576.jpg 768w, https:\/\/suomenrehtorit.fi\/web\/wp-content\/uploads\/sites\/2\/mcx\/2023-6\/Munby-252x189.jpg 252w, https:\/\/suomenrehtorit.fi\/web\/wp-content\/uploads\/sites\/2\/mcx\/2023-6\/Munby-522x392.jpg 522w, https:\/\/suomenrehtorit.fi\/web\/wp-content\/uploads\/sites\/2\/mcx\/2023-6\/Munby-792x594.jpg 792w, https:\/\/suomenrehtorit.fi\/web\/wp-content\/uploads\/sites\/2\/mcx\/2023-6\/Munby-1062x797.jpg 1062w, https:\/\/suomenrehtorit.fi\/web\/wp-content\/uploads\/sites\/2\/mcx\/2023-6\/Munby.jpg 1471w\" sizes=\"auto, (max-width: 300px) 100vw, 300px\" \/><\/p>\n<p><strong>Tapaamisiin Pro Rexi-p\u00e4ivill\u00e4 Espoon Dipolissa 21.-22.11.2019!<\/strong><\/p>\n<p>Antti Ikonen<br \/>\npj Suomen Rehtorit<br \/>\ntwitter: @AnttiIkonen<\/p>\n<p><img loading=\"lazy\" decoding=\"async\" class=\"alignnone wp-image-914 size-large\" src=\"https:\/\/suomenrehtorit.fi\/web\/wp-content\/uploads\/sites\/2\/mcx\/2023-6\/empatiatahdet_kartta-1024x574.jpg\" alt=\"\" width=\"980\" height=\"549\" srcset=\"https:\/\/suomenrehtorit.fi\/web\/wp-content\/uploads\/sites\/2\/mcx\/2023-6\/empatiatahdet_kartta-1024x574.jpg 1024w, https:\/\/suomenrehtorit.fi\/web\/wp-content\/uploads\/sites\/2\/mcx\/2023-6\/empatiatahdet_kartta-300x168.jpg 300w, https:\/\/suomenrehtorit.fi\/web\/wp-content\/uploads\/sites\/2\/mcx\/2023-6\/empatiatahdet_kartta-768x431.jpg 768w, https:\/\/suomenrehtorit.fi\/web\/wp-content\/uploads\/sites\/2\/mcx\/2023-6\/empatiatahdet_kartta-252x141.jpg 252w, https:\/\/suomenrehtorit.fi\/web\/wp-content\/uploads\/sites\/2\/mcx\/2023-6\/empatiatahdet_kartta-522x293.jpg 522w, https:\/\/suomenrehtorit.fi\/web\/wp-content\/uploads\/sites\/2\/mcx\/2023-6\/empatiatahdet_kartta-792x444.jpg 792w, https:\/\/suomenrehtorit.fi\/web\/wp-content\/uploads\/sites\/2\/mcx\/2023-6\/empatiatahdet_kartta-1062x596.jpg 1062w, https:\/\/suomenrehtorit.fi\/web\/wp-content\/uploads\/sites\/2\/mcx\/2023-6\/empatiatahdet_kartta.jpg 1414w\" sizes=\"auto, (max-width: 980px) 100vw, 980px\" \/><\/p>\n<h2>Tulevaisuustaitojen ytimess\u00e4<\/h2>\n<p style=\"text-align: justify;\">Tulevaisuuden taitojen yksi keskeisimmist\u00e4 osaamisen ulottuvuuksista on ty\u00f6skentely kiinte\u00e4ss\u00e4 yhteisty\u00f6ss\u00e4 muiden kanssa jonkin yhteisen tavoitteen saavuttamiseksi. Englannin kielen sana collaboration kuvaa t\u00e4t\u00e4 taitoa t\u00e4sm\u00e4llisesti. Suomen kieless\u00e4 yhden sanan vastinetta taidolle ei ole, mutta tarvetta sen harjoittamiselle sit\u00e4kin enemm\u00e4n.<\/p>\n<p style=\"text-align: justify;\">Opetussuunnitelman laaja-alaisen osaamisen tavoitteet avaavat yhdess\u00e4 tekemisen taitoa monesta n\u00e4k\u00f6kulmasta. Siell\u00e4 puhutaan yhdess\u00e4 ty\u00f6skentelyn lis\u00e4ksi esimerkiksi arvostavan vuorovaikutuksen taidoista ja itseilmaisukeinoista, rakentavasta mielipiteiden ja n\u00e4kemysten ilmaisusta, sek\u00e4 ohjataan asettumaan toisen asemaan, olemaan vastavuoroinen ja ponnistelemaan yhteisen tavoitteen saavuttamiseksi.<\/p>\n<p style=\"text-align: justify;\">Yhteisty\u00f6taidot ovat my\u00f6s keskeisi\u00e4 ty\u00f6el\u00e4m\u00e4ss\u00e4. Ty\u00f6el\u00e4m\u00e4 on murroksessa, eik\u00e4 parhainkaan asiantuntija onnistu ty\u00f6ss\u00e4\u00e4n yksin. Jotta tavoitteisiin p\u00e4\u00e4st\u00e4\u00e4n, on kyett\u00e4v\u00e4 yhdist\u00e4m\u00e4\u00e4n kaikkien osaaminen ja keksim\u00e4\u00e4n ratkaisut yhdess\u00e4.<\/p>\n<p style=\"text-align: justify;\">Ihmisten v\u00e4lisen vuorovaikutuksen ja onnistuneen yhdess\u00e4 tekemisen edellytys on empatia. Empatiataidot korostuvat nyky\u00e4\u00e4n entist\u00e4 enemm\u00e4n, kun digitalisaatio muuttaa vuorovaikutusta. Otava Oppimisen palveluiden tuottama, alakouluille suunnattu Empatiat\u00e4hdet-oppimiskokonaisuus tarjoaa v\u00e4lineit\u00e4 empatiataitojen harjoitteluun. Empatiat\u00e4hdet harjoittaa oppilaiden vuorovaikutus- ja tunnetaitoja kasvokkain ja netiss\u00e4. Empatiat\u00e4hdet-oppimiskokonaisuus on osa Empatiapakkaus.fi-projektia, ja maksuttomasti ladattavissa t\u00e4\u00e4lt\u00e4:<\/p>\n<blockquote class=\"wp-embedded-content\" data-secret=\"cn69DrYLDa\"><p><a href=\"https:\/\/oppimisenvuosikello.fi\/empatiatahdet\/\">Empatiat\u00e4hdet<\/a><\/p><\/blockquote>\n<p><iframe loading=\"lazy\" class=\"wp-embedded-content\" sandbox=\"allow-scripts\" security=\"restricted\" style=\"position: absolute; clip: rect(1px, 1px, 1px, 1px);\" title=\"&#8220;Empatiat\u00e4hdet&#8221; &#8212; Oppimisen vuosikello\" src=\"https:\/\/oppimisenvuosikello.fi\/empatiatahdet\/embed\/#?secret=1Nd8zYDvEj#?secret=cn69DrYLDa\" data-secret=\"cn69DrYLDa\" width=\"600\" height=\"338\" frameborder=\"0\" marginwidth=\"0\" marginheight=\"0\" scrolling=\"no\"><\/iframe><\/p>\n<p>Markku Pelkonen<br \/>\nLiiketoimintajohtaja<br \/>\n+358503103078<br \/>\nmarkku.pelkonen@otava.fi<\/p>\n<p><a href=\"https:\/\/oppimisenpalvelut.otava.fi\/palvelut\" target=\"_blank\" rel=\"noopener noreferrer\">https:\/\/oppimisenpalvelut.otava.fi\/palvelut<\/a><\/p>\n<p>Otava Oppimisen palvelut tekee yhteisty\u00f6t\u00e4 Suomen Rehtorit ry:n kanssa. Olemme yksi Pro Rexi 2019 \u2013tapahtuman p\u00e4\u00e4yhteisty\u00f6kumppaneista.<\/p>\n<p><img loading=\"lazy\" decoding=\"async\" class=\"alignnone size-large wp-image-915\" src=\"https:\/\/suomenrehtorit.fi\/web\/wp-content\/uploads\/sites\/2\/mcx\/2023-6\/Future-learning-environment-SURE-1024x357.jpg\" alt=\"\" width=\"980\" height=\"342\" srcset=\"https:\/\/suomenrehtorit.fi\/web\/wp-content\/uploads\/sites\/2\/mcx\/2023-6\/Future-learning-environment-SURE-1024x357.jpg 1024w, https:\/\/suomenrehtorit.fi\/web\/wp-content\/uploads\/sites\/2\/mcx\/2023-6\/Future-learning-environment-SURE-300x105.jpg 300w, https:\/\/suomenrehtorit.fi\/web\/wp-content\/uploads\/sites\/2\/mcx\/2023-6\/Future-learning-environment-SURE-768x268.jpg 768w, https:\/\/suomenrehtorit.fi\/web\/wp-content\/uploads\/sites\/2\/mcx\/2023-6\/Future-learning-environment-SURE-252x88.jpg 252w, https:\/\/suomenrehtorit.fi\/web\/wp-content\/uploads\/sites\/2\/mcx\/2023-6\/Future-learning-environment-SURE-522x182.jpg 522w, https:\/\/suomenrehtorit.fi\/web\/wp-content\/uploads\/sites\/2\/mcx\/2023-6\/Future-learning-environment-SURE-792x276.jpg 792w, https:\/\/suomenrehtorit.fi\/web\/wp-content\/uploads\/sites\/2\/mcx\/2023-6\/Future-learning-environment-SURE-1062x370.jpg 1062w, https:\/\/suomenrehtorit.fi\/web\/wp-content\/uploads\/sites\/2\/mcx\/2023-6\/Future-learning-environment-SURE.jpg 1200w\" sizes=\"auto, (max-width: 980px) 100vw, 980px\" \/><\/p>\n<h2>Koulumaailman vuoden innostavin tapahtuma &#8211; Hy\u00f6dynn\u00e4 Suomen Rehtorit ry:n etuhinta!<\/h2>\n<p style=\"text-align: justify;\">Suomen Rehtorit ry on mukana rakentamassa ensi kev\u00e4\u00e4n\u00e4 lanseerattavaa <a href=\"https:\/\/professio.fi\/product\/future-learning-environment\/\" target=\"_blank\" rel=\"noopener noreferrer\">Future Learning Environment -tapahtumaa!<\/a> Tapahtumassa pureudutaan nykyaikaisen oppimisymp\u00e4rist\u00f6n kehitt\u00e4miseen \u2013 Muutoksen hy\u00f6kyaalto pakottaa kouluja uudistamaan fyysiset ja digitaaliset oppimisymp\u00e4rist\u00f6ns\u00e4 tukemaan nykyaikaista opetusta entist\u00e4 paremmin. Mit\u00e4 tulisi huomioida tulevaisuuden koulujen suunnittelussa, uudistamisessa ja rakentamisessa?<\/p>\n<p style=\"text-align: justify;\">Lavalla koulumaailman innostavimmat tekij\u00e4t ja kiinnostavimmat caset:<\/p>\n<p style=\"text-align: justify;\">\u00b7\u00a0\u00a0\u00a0\u00a0\u00a0\u00a0 \u201d\u00c4lykk\u00e4\u00e4n koulukiinteist\u00f6n kehitt\u00e4minen \u2013 Ressun peruskoulun iot-j\u00e4rjestelm\u00e4\u201d\u00a0Raigo Megerild, yritysasiamies, innovaatiot ja uudet kokeilut, Helsingin kaupungin elinkeino-osasto<\/p>\n<p style=\"text-align: justify;\">\u00b7\u00a0\u00a0\u00a0\u00a0\u00a0\u00a0 \u201dMillaista lis\u00e4tty\u00e4 todellisuutta oppimisessa voisi hy\u00f6dynt\u00e4\u00e4?\u201d FinEduVR \u2013 virtuaalitodellisuus ja el\u00e4myksellinen oppiminen lukiossa sek\u00e4 FinEduAI \u2013 teko\u00e4ly lukiolaisen oppimispolulla hankkeiden koordinaattori Aki Puustinen<\/p>\n<p style=\"text-align: justify;\">\u00b7\u00a0\u00a0\u00a0\u00a0\u00a0\u00a0 \u201dN\u00e4in fyysiset oppimisymp\u00e4rist\u00f6t vaikuttavat Kalliolan koulun toimintakulttuuriin ja pedagogiikkaan\u201d Aarne Ylipiha, Kalliolan ja Paimelan koulujen perusopetuksen rehtori<\/p>\n<p style=\"text-align: justify;\">\u00b7\u00a0\u00a0\u00a0\u00a0\u00a0\u00a0 \u201dDigikehitys Kuopion lukioissa\u201d\u00a0Jukka Sormunen, Kuopion kaupungin lukio-opetusp\u00e4\u00e4llikk\u00f6<\/p>\n<p style=\"text-align: justify;\">Tutustu ohjelmaan <a href=\"https:\/\/professio.fi\/product\/future-learning-environment\/#puhujat\" target=\"_blank\" rel=\"noopener noreferrer\">t\u00e4\u00e4ll\u00e4.<\/a><\/p>\n<p style=\"text-align: justify;\">Ilmoittaudu mukaan Suomen Rehtorit ry:n j\u00e4senten <a href=\"https:\/\/professio.fi\/suomen-rehtorit-ry-yhteistyo\/\" target=\"_blank\" rel=\"noopener noreferrer\">etuhintaan 495\u20ac<\/a> (norm 645\u20ac) koodilla SURE20. Sy\u00f6t\u00e4 koodi ostoskorin etukoodi kentt\u00e4\u00e4n niin saat edun k\u00e4ytt\u00f6\u00f6si.<\/p>\n<p><img loading=\"lazy\" decoding=\"async\" class=\"alignnone wp-image-848 size-medium\" src=\"https:\/\/suomenrehtorit.fi\/web\/wp-content\/uploads\/sites\/2\/mcx\/2023-6\/Digiluokka_LIVE_Logo_Kuutio-300x300.png\" alt=\"\" width=\"300\" height=\"300\" srcset=\"https:\/\/suomenrehtorit.fi\/web\/wp-content\/uploads\/sites\/2\/mcx\/2023-6\/Digiluokka_LIVE_Logo_Kuutio-300x300.png 300w, https:\/\/suomenrehtorit.fi\/web\/wp-content\/uploads\/sites\/2\/mcx\/2023-6\/Digiluokka_LIVE_Logo_Kuutio-1024x1024.png 1024w, https:\/\/suomenrehtorit.fi\/web\/wp-content\/uploads\/sites\/2\/mcx\/2023-6\/Digiluokka_LIVE_Logo_Kuutio-150x150.png 150w, https:\/\/suomenrehtorit.fi\/web\/wp-content\/uploads\/sites\/2\/mcx\/2023-6\/Digiluokka_LIVE_Logo_Kuutio-768x768.png 768w, https:\/\/suomenrehtorit.fi\/web\/wp-content\/uploads\/sites\/2\/mcx\/2023-6\/Digiluokka_LIVE_Logo_Kuutio-252x252.png 252w, https:\/\/suomenrehtorit.fi\/web\/wp-content\/uploads\/sites\/2\/mcx\/2023-6\/Digiluokka_LIVE_Logo_Kuutio-522x522.png 522w, https:\/\/suomenrehtorit.fi\/web\/wp-content\/uploads\/sites\/2\/mcx\/2023-6\/Digiluokka_LIVE_Logo_Kuutio-792x792.png 792w, https:\/\/suomenrehtorit.fi\/web\/wp-content\/uploads\/sites\/2\/mcx\/2023-6\/Digiluokka_LIVE_Logo_Kuutio-1062x1062.png 1062w, https:\/\/suomenrehtorit.fi\/web\/wp-content\/uploads\/sites\/2\/mcx\/2023-6\/Digiluokka_LIVE_Logo_Kuutio-72x72.png 72w, https:\/\/suomenrehtorit.fi\/web\/wp-content\/uploads\/sites\/2\/mcx\/2023-6\/Digiluokka_LIVE_Logo_Kuutio-126x126.png 126w, https:\/\/suomenrehtorit.fi\/web\/wp-content\/uploads\/sites\/2\/mcx\/2023-6\/Digiluokka_LIVE_Logo_Kuutio.png 1181w\" sizes=\"auto, (max-width: 300px) 100vw, 300px\" \/><\/p>\n<h2>Laajenna lukion l\u00e4hiopetustarjontaa \u2013 Digiluokasta mm. A- ja B-kielet, katsomusaineet, S2 ja erityisopetus<\/h2>\n<p style=\"text-align: justify;\">Monissa lukioissa on tullut haasteeksi saada pitkien kielten, esimerkiksi A-saksan, A-ranskan, A-ven\u00e4j\u00e4n tai A-espanjan, kurssit toteutumaan keskeytt\u00e4misten tai v\u00e4h\u00e4isten valintojen vuoksi.<\/p>\n<p style=\"text-align: justify;\">Jatkossa my\u00f6s A-kielten opintoja on mahdollisuus opiskella online-l\u00e4hiopetuksena TutorHousen Digiluokassa. Mahdollisuus A-kielten opiskeluun omassa lukiossa kannattaa nostaa esille tulevien lukiolaisten infotilaisuuksien yhteydess\u00e4. Opiskelija voi aloittaa opinnot Digiluokan online-l\u00e4hiopetuksessa joko heti 1.-kurssista alkaen tai tulla mukaan Digiluokan kursseille siin\u00e4 vaiheessa, kun ryhm\u00e4 omassa lukiossa hiipuu. Joka tapauksessa A-kielen koko oppim\u00e4\u00e4r\u00e4n opiskelu on mahdollista laadukkaasti omasta lukiosta k\u00e4sin ja opiskelija voi halutessaan my\u00f6s osallistua ko. kielen yo-kirjoituksiin!<\/p>\n<p style=\"text-align: justify;\">Lis\u00e4tietoja: <a href=\"https:\/\/www.tutorhouse.fi\/digiluokka\" target=\"_blank\" rel=\"noopener noreferrer\">https:\/\/www.tutorhouse.fi\/digiluokka<\/a><\/p>\n<p style=\"text-align: justify;\">Ensimm\u00e4iset yo-kirjoittajat Digiluokasta syksyll\u00e4 2019<\/p>\n<p style=\"text-align: justify;\">B3-kieliss\u00e4 ensimm\u00e4iset lukiolaiset ovat opiskelleet B3-kielen koko oppim\u00e4\u00e4r\u00e4n Digiluokassa ja osallistuneet yo-kirjoituksiin syksyll\u00e4 2019. Helsingin yliopiston kaksivuotisen Digiluokka-tutkimushankkeen mukaan 91% lukiolaisista suosittelee Digiluokan online-l\u00e4hiopetuskursseja.<\/p>\n<p>Lue opiskelijoiden kokemuksista: <a href=\"https:\/\/www.tutorhouse.fi\/blogi\" target=\"_blank\" rel=\"noopener noreferrer\">https:\/\/www.tutorhouse.fi\/blogi<\/a><\/p>\n<p><img loading=\"lazy\" decoding=\"async\" class=\"alignnone size-large wp-image-916\" src=\"https:\/\/suomenrehtorit.fi\/web\/wp-content\/uploads\/sites\/2\/mcx\/2023-6\/leado-1024x682.jpg\" alt=\"\" width=\"980\" height=\"653\" srcset=\"https:\/\/suomenrehtorit.fi\/web\/wp-content\/uploads\/sites\/2\/mcx\/2023-6\/leado-1024x682.jpg 1024w, https:\/\/suomenrehtorit.fi\/web\/wp-content\/uploads\/sites\/2\/mcx\/2023-6\/leado-300x200.jpg 300w, https:\/\/suomenrehtorit.fi\/web\/wp-content\/uploads\/sites\/2\/mcx\/2023-6\/leado-768x512.jpg 768w, https:\/\/suomenrehtorit.fi\/web\/wp-content\/uploads\/sites\/2\/mcx\/2023-6\/leado-252x168.jpg 252w, https:\/\/suomenrehtorit.fi\/web\/wp-content\/uploads\/sites\/2\/mcx\/2023-6\/leado-522x348.jpg 522w, https:\/\/suomenrehtorit.fi\/web\/wp-content\/uploads\/sites\/2\/mcx\/2023-6\/leado-792x528.jpg 792w, https:\/\/suomenrehtorit.fi\/web\/wp-content\/uploads\/sites\/2\/mcx\/2023-6\/leado-1062x708.jpg 1062w, https:\/\/suomenrehtorit.fi\/web\/wp-content\/uploads\/sites\/2\/mcx\/2023-6\/leado.jpg 1181w\" sizes=\"auto, (max-width: 980px) 100vw, 980px\" \/><\/p>\n<p style=\"text-align: justify;\">Hei!<\/p>\n<p style=\"text-align: justify;\">Olemme LeaDon kanssa mukana Pro Rexiss\u00e4!<\/p>\n<p style=\"text-align: justify;\">Mik\u00e4 on LeaDo\u00ae ?\u00a0<a href=\"http:\/\/www.leado.fi\" target=\"_blank\" rel=\"noopener noreferrer\">www.leado.fi\u00a0<\/a><\/p>\n<p style=\"text-align: justify;\">Opettajakokemuksia LeaDosta:\u00a0<a href=\"https:\/\/app.seidat.com\/presentation\/shared\/eM3vJpohC5pw4i247\/0\/0\" target=\"_blank\" rel=\"noopener noreferrer\">https:\/\/app.seidat.com\/presentation\/shared\/eM3vJpohC5pw4i247\/0\/0<\/a><\/p>\n<p style=\"text-align: justify;\">Hinnasto:\u00a0<a href=\"https:\/\/app.seidat.com\/presentation\/shared\/wRNquPuMsXqbNtBFS\/0\/0\" target=\"_blank\" rel=\"noopener noreferrer\">https:\/\/app.seidat.com\/presentation\/shared\/wRNquPuMsXqbNtBFS\/0\/0<\/a><\/p>\n<p style=\"text-align: justify;\">LeaDo on erityisesti tuen v\u00e4lineist\u00f6, josta hy\u00f6tyy monipuolisesti koko oppilasryhm\u00e4 ja opettajat. LeaDon avulla luodaan kest\u00e4v\u00e4t rakenteet oppimisprosesseihin panostamiseen ja selkeytet\u00e4\u00e4n didaktista viestint\u00e4\u00e4. Samalla luokan toimintakulttuuria ohjataan hyvinvointia tuottavaksi pedagogiikaksi.<\/p>\n<p style=\"text-align: justify;\">Tule kysym\u00e4\u00e4n kehitt\u00e4mist\u00e4mme siruratkaisuistamme ja kehitteill\u00e4 olevasta monipuolisesta softasta. Paljastamme ilolla sinulle, miten LeaDo on alusta kaikille digimateriaaleille ja eik\u00e4 ole sidoksissa mihink\u00e4\u00e4n tiettyyn kustantamon tai kirjasarjaan. LeaDo tuo s\u00e4\u00e4st\u00f6j\u00e4 ja auttaa opettajaa nostamaan opetuksen laatua.<\/p>\n<p style=\"text-align: justify;\">LeaDo &#8211; johtavat tulokset tekem\u00e4ll\u00e4!<\/p>\n<p style=\"text-align: justify;\">#toiminnallineoppiminen #hyvinvointi #ty\u00f6rauhaa #opshaltuun<\/p>\n<p><img loading=\"lazy\" decoding=\"async\" class=\"alignnone size-large wp-image-917\" src=\"https:\/\/suomenrehtorit.fi\/web\/wp-content\/uploads\/sites\/2\/mcx\/2023-6\/Stord-ungdomsskole_hcl-1024x227.jpg\" alt=\"\" width=\"980\" height=\"217\" srcset=\"https:\/\/suomenrehtorit.fi\/web\/wp-content\/uploads\/sites\/2\/mcx\/2023-6\/Stord-ungdomsskole_hcl-1024x227.jpg 1024w, https:\/\/suomenrehtorit.fi\/web\/wp-content\/uploads\/sites\/2\/mcx\/2023-6\/Stord-ungdomsskole_hcl-300x66.jpg 300w, https:\/\/suomenrehtorit.fi\/web\/wp-content\/uploads\/sites\/2\/mcx\/2023-6\/Stord-ungdomsskole_hcl-768x170.jpg 768w, https:\/\/suomenrehtorit.fi\/web\/wp-content\/uploads\/sites\/2\/mcx\/2023-6\/Stord-ungdomsskole_hcl-252x56.jpg 252w, https:\/\/suomenrehtorit.fi\/web\/wp-content\/uploads\/sites\/2\/mcx\/2023-6\/Stord-ungdomsskole_hcl-522x115.jpg 522w, https:\/\/suomenrehtorit.fi\/web\/wp-content\/uploads\/sites\/2\/mcx\/2023-6\/Stord-ungdomsskole_hcl-792x175.jpg 792w, https:\/\/suomenrehtorit.fi\/web\/wp-content\/uploads\/sites\/2\/mcx\/2023-6\/Stord-ungdomsskole_hcl-1062x235.jpg 1062w, https:\/\/suomenrehtorit.fi\/web\/wp-content\/uploads\/sites\/2\/mcx\/2023-6\/Stord-ungdomsskole_hcl.jpg 1130w\" sizes=\"auto, (max-width: 980px) 100vw, 980px\" \/><\/p>\n<h2>GLAMOX<\/h2>\n<p style=\"text-align: justify;\">Ihmisl\u00e4ht\u00f6inen valaistus on paljon muutakin kuin sis\u00e4isen kellon ajastusta ja siten p\u00e4iv\u00e4rytmin sek\u00e4 nukkumisen parantamista. Tutkimuksien mukaan koululaisilla ihmisl\u00e4ht\u00f6inen valaistus voi kasvattaa lukunopeutta jopa 35%, v\u00e4hent\u00e4\u00e4 virheit\u00e4 45% ja laskea tunnin alun rauhoittumisaikaa 76%! Sill\u00e4 on havaittu olevan positiivinen vaikutus my\u00f6s muun muassa ADHD:hen, kognitiiviseen k\u00e4sittelyyn sek\u00e4 keskittymiskykyyn.<\/p>\n<p style=\"text-align: justify;\">Ihmisl\u00e4ht\u00f6inen valaistus on my\u00f6s teknisesti muutakin kuin auringon matkimista. On t\u00e4rke\u00e4\u00e4 tiet\u00e4\u00e4 ja ymm\u00e4rt\u00e4\u00e4 valon vaikutuksista ihmiseen, jolloin valaistusta \u2013 sen intensiteetti\u00e4 sek\u00e4 spektri\u00e4 \u2013 osataan s\u00e4\u00e4t\u00e4\u00e4 oikein.<\/p>\n<p style=\"text-align: justify;\">Glamox on johtava ihmisl\u00e4ht\u00f6isen valaistuksen asiantuntija. Jos haluat tiet\u00e4\u00e4 enemm\u00e4n, tule keskustelemaan st\u00e4ndillemme Pro Rexi tapahtumassa!<\/p>\n<p><img loading=\"lazy\" decoding=\"async\" class=\"alignnone wp-image-918 size-medium\" src=\"https:\/\/suomenrehtorit.fi\/web\/wp-content\/uploads\/sites\/2\/mcx\/2023-6\/Reksi_pieni--300x168.jpg\" alt=\"\" width=\"300\" height=\"168\" srcset=\"https:\/\/suomenrehtorit.fi\/web\/wp-content\/uploads\/sites\/2\/mcx\/2023-6\/Reksi_pieni--300x168.jpg 300w, https:\/\/suomenrehtorit.fi\/web\/wp-content\/uploads\/sites\/2\/mcx\/2023-6\/Reksi_pieni--252x141.jpg 252w, https:\/\/suomenrehtorit.fi\/web\/wp-content\/uploads\/sites\/2\/mcx\/2023-6\/Reksi_pieni--522x292.jpg 522w, https:\/\/suomenrehtorit.fi\/web\/wp-content\/uploads\/sites\/2\/mcx\/2023-6\/Reksi_pieni-.jpg 732w\" sizes=\"auto, (max-width: 300px) 100vw, 300px\" \/><\/p>\n<h2>Reilu ja Rohkea Rehtori -koulutuksessa 5.-6.2.2020 k\u00e4sitell\u00e4\u00e4n esimiesty\u00f6n haastavimpia ydinkysymyksi\u00e4 alati muuttuvassa maailmassa<\/h2>\n<p style=\"text-align: justify;\">Koulutuksessa perehdyt\u00e4\u00e4n rehtorin psykologiseen teht\u00e4v\u00e4\u00e4n ryhm\u00e4n johtajana, joka osaa tukea, opastaa ja v\u00e4litt\u00e4\u00e4 ty\u00f6ntekij\u00f6ist\u00e4\u00e4n roolinsa vaatimalla tavalla.<br \/>\nOikeanlainen johtajuus ei ole helppo asia, vaan vaatii kantajaltaan mielenlujuutta, p\u00e4\u00e4t\u00f6ksentekokyky\u00e4 sek\u00e4 suoraselk\u00e4isyytt\u00e4.<br \/>\nLue lis\u00e4\u00e4: <a href=\"https:\/\/edumar.fi\/koulutus\/reilu-ja-rohkea-rehtori-3\/\" target=\"_blank\" rel=\"noopener noreferrer\">https:\/\/edumar.fi\/koulutus\/reilu-ja-rohkea-rehtori-3\/<\/a><\/p>\n<p style=\"text-align: justify;\">Tutustu my\u00f6s uutuus koulutukseemme esimiehille ja johtajille:<br \/>\n<strong>Onnistu vaikeissa johtamistilanteissa \u2013 laki ja ty\u00f6psykologia 2.4.2020<br \/>\n<\/strong>Lue lis\u00e4\u00e4: <a href=\"https:\/\/edumar.fi\/koulutus\/onnistu-vaikeissa-johtamistilanteissa-laki-ja-tyopsykologia\/\" target=\"_blank\" rel=\"noopener noreferrer\">https:\/\/edumar.fi\/koulutus\/onnistu-vaikeissa-johtamistilanteissa-laki-ja-tyopsykologia\/<\/a><br \/>\n<strong>Ilmoittautuessa voit p\u00e4\u00e4tt\u00e4\u00e4 maksatko koulutuksen 2019 vai 2020 vuoden puolella.<\/strong><\/p>\n<p style=\"text-align: justify;\">Avointen koulutusten lis\u00e4ksi tuotamme kouluille opettajien osaamisen tueksi veso-p\u00e4iville ja vanhempainiltoihin sis\u00e4lt\u00f6\u00e4 yhdess\u00e4 osaavien asiantuntijoidemme kanssa.\u00a0Rakennamme juuri teid\u00e4n ty\u00f6yhteis\u00f6n tai vanhempainillan tarpeisiin r\u00e4\u00e4t\u00e4l\u00f6idyn teeman ja sis\u00e4ll\u00f6n <a href=\"https:\/\/edumar.fi\/\" target=\"_blank\" rel=\"noopener noreferrer\">https:\/\/edumar.fi\/<\/a><\/p>\n<p><img loading=\"lazy\" decoding=\"async\" class=\"alignnone wp-image-919 size-medium\" src=\"https:\/\/suomenrehtorit.fi\/web\/wp-content\/uploads\/sites\/2\/mcx\/2023-6\/13112019_Fast_864x576-300x200.jpg\" alt=\"\" width=\"300\" height=\"200\" srcset=\"https:\/\/suomenrehtorit.fi\/web\/wp-content\/uploads\/sites\/2\/mcx\/2023-6\/13112019_Fast_864x576-300x200.jpg 300w, https:\/\/suomenrehtorit.fi\/web\/wp-content\/uploads\/sites\/2\/mcx\/2023-6\/13112019_Fast_864x576-768x512.jpg 768w, https:\/\/suomenrehtorit.fi\/web\/wp-content\/uploads\/sites\/2\/mcx\/2023-6\/13112019_Fast_864x576-252x168.jpg 252w, https:\/\/suomenrehtorit.fi\/web\/wp-content\/uploads\/sites\/2\/mcx\/2023-6\/13112019_Fast_864x576-522x348.jpg 522w, https:\/\/suomenrehtorit.fi\/web\/wp-content\/uploads\/sites\/2\/mcx\/2023-6\/13112019_Fast_864x576-792x528.jpg 792w, https:\/\/suomenrehtorit.fi\/web\/wp-content\/uploads\/sites\/2\/mcx\/2023-6\/13112019_Fast_864x576.jpg 864w\" sizes=\"auto, (max-width: 300px) 100vw, 300px\" \/><\/p>\n<h2>Uusi ty\u00f6piste nyt jopa kolmessa p\u00e4iv\u00e4ss\u00e4!<\/h2>\n<p style=\"text-align: justify;\">Tarvitsetko nopeasti uuden ty\u00f6skentelypisteen? Hy\u00f6dynn\u00e4 uusi Fast-mallistomme loppuvuoden hankinnoissa. Olemme valinneet laajasta mallistostamme erikoisnopeisiin Fast-toimituksiin tietyill\u00e4 materiaali- ja v\u00e4rivaihtoehdoilla erilaisia ty\u00f6pisteratkaisuja, kuten ty\u00f6tuoleja, aktiivituoleja, s\u00e4hk\u00f6p\u00f6yti\u00e4 ja akustiikkaratkaisuja. Iskun Suomessa valmistetut kalusteet ja valittujen kumppanien tuotteet ovat toimitusvalmiit jopa kolmessa p\u00e4iv\u00e4ss\u00e4.<\/p>\n<p>Tutustu Fast-mallistoon: <a href=\"https:\/\/www.isku.com\/fi\/fast\" target=\"_blank\" rel=\"noopener noreferrer\">https:\/\/www.isku.com\/fi\/fast<\/a><\/p>\n<p><img loading=\"lazy\" decoding=\"async\" class=\"alignnone size-full wp-image-920\" src=\"https:\/\/suomenrehtorit.fi\/web\/wp-content\/uploads\/sites\/2\/mcx\/2023-6\/ilona-logo-rgb-72ppi-box1.jpg\" alt=\"\" width=\"567\" height=\"253\" srcset=\"https:\/\/suomenrehtorit.fi\/web\/wp-content\/uploads\/sites\/2\/mcx\/2023-6\/ilona-logo-rgb-72ppi-box1.jpg 567w, https:\/\/suomenrehtorit.fi\/web\/wp-content\/uploads\/sites\/2\/mcx\/2023-6\/ilona-logo-rgb-72ppi-box1-300x134.jpg 300w, https:\/\/suomenrehtorit.fi\/web\/wp-content\/uploads\/sites\/2\/mcx\/2023-6\/ilona-logo-rgb-72ppi-box1-252x112.jpg 252w, https:\/\/suomenrehtorit.fi\/web\/wp-content\/uploads\/sites\/2\/mcx\/2023-6\/ilona-logo-rgb-72ppi-box1-522x233.jpg 522w\" sizes=\"auto, (max-width: 567px) 100vw, 567px\" \/><\/p>\n<h2>3 seikkaa, mit\u00e4 rehtorin pit\u00e4\u00e4 tiet\u00e4\u00e4 Adobesta?<\/h2>\n<p style=\"text-align: justify;\">Ilona on oppimisen teknologian asiantuntija ja haluamme toimia rehtorin kumppanina, kun pohditte uusia teknologioita ja teette hankintoja.<\/p>\n<p style=\"text-align: justify;\">1) Adoben selainpohjaiset Spark Page, Post ja Video<\/p>\n<p style=\"text-align: justify;\">2) Adoben k\u00e4ytt\u00e4j\u00e4hallinta<\/p>\n<p style=\"text-align: justify;\">3) Luovan tuottamisen ohjelmat\u00a0BYOD-ajatuksella<\/p>\n<p style=\"text-align: justify;\">Adobe mahdollistaa n\u00e4iden ammattilaisohjelmien eli Photoshop, Indesign, After Effectsit, Premiere Pro ym\u2026 siis koko Adobe CC -paketin asentamisen opiskelijoiden omiin laitteisiin.\u00a0Adobe haluaa ohjelmillaan kannustaa nuoria luovaan ongelmanratkaisuun.<\/p>\n<p style=\"text-align: justify;\">Kun ohjelmat ovat opiskelijan omalla tai kodin tietokoneella, h\u00e4n voi k\u00e4ytt\u00e4\u00e4 niit\u00e4 milloin ja miss\u00e4 vain, kun inspiraatio iskee.<\/p>\n<p>N\u00e4hd\u00e4\u00e4n Pro Rexiss\u00e4, Dipolissa!<\/p>\n<p>http:\/\/ilonait.fi\/rehtori-adobe<\/p>\n","protected":false},"excerpt":{"rendered":"<p>Puheenjohtajalta Lukion uudet ops-perusteet julkistettiin 7.11.2019 Uudet kansalliset lukiokoulutuksen opetussuunnitelman perusteet (LOPS) julkistettiin viime viikolla lukiop\u00e4ivien yhteydess\u00e4. Mit\u00e4\u00e4n isompia rukkauksia oppim\u00e4\u00e4riin, tuntijakoon tai pakollisten ja valinnaisten aineiden v\u00e4liseen suhteeseen ei t\u00e4ss\u00e4 prosessia tehty. Yksi n\u00e4kyvist\u00e4 muutoksista on nykyisin k\u00e4yt\u00f6ss\u00e4 olevien kurssien muuttuminen opintopisteiksi ja oppiaineiden sis\u00e4lt\u00f6jen, tavoitteiden ja arvioinnin kuvaaminen kurssien sijaan moduli-rakenteina. Perusteiden julkistamisen &#8230; <a title=\"J\u00e4senkirje 10\/2019\" class=\"read-more\" href=\"https:\/\/suomenrehtorit.fi\/web\/2019\/11\/15\/jasenkirje-10-2019\/\" aria-label=\"Lue lis\u00e4\u00e4 aiheesta J\u00e4senkirje 10\/2019\">Lue lis\u00e4\u00e4<\/a><\/p>\n","protected":false},"author":3,"featured_media":0,"comment_status":"closed","ping_status":"closed","sticky":false,"template":"","format":"standard","meta":{"_uag_custom_page_level_css":"","footnotes":""},"categories":[23,24],"tags":[],"class_list":["post-909","post","type-post","status-publish","format-standard","hentry","category-jasenkirje","category-uutisarkisto"],"uagb_featured_image_src":{"full":false,"thumbnail":false,"medium":false,"medium_large":false,"large":false,"magazine-cw3":false,"magazine-cw6":false,"magazine-cw9":false,"magazine-cw12":false,"magazine-thumb":false,"magazine-toc":false,"1536x1536":false,"2048x2048":false,"gform-image-choice-sm":false,"gform-image-choice-md":false,"gform-image-choice-lg":false},"uagb_author_info":{"display_name":"Admin","author_link":"https:\/\/suomenrehtorit.fi\/web\/author\/toni-lehtinen\/"},"uagb_comment_info":0,"uagb_excerpt":"Puheenjohtajalta Lukion uudet ops-perusteet julkistettiin 7.11.2019 Uudet kansalliset lukiokoulutuksen opetussuunnitelman perusteet (LOPS) julkistettiin viime viikolla lukiop\u00e4ivien yhteydess\u00e4. Mit\u00e4\u00e4n isompia rukkauksia oppim\u00e4\u00e4riin, tuntijakoon tai pakollisten ja valinnaisten aineiden v\u00e4liseen suhteeseen ei t\u00e4ss\u00e4 prosessia tehty. Yksi n\u00e4kyvist\u00e4 muutoksista on nykyisin k\u00e4yt\u00f6ss\u00e4 olevien kurssien muuttuminen opintopisteiksi ja oppiaineiden sis\u00e4lt\u00f6jen, tavoitteiden ja arvioinnin kuvaaminen kurssien sijaan moduli-rakenteina. Perusteiden julkistamisen&hellip;","_links":{"self":[{"href":"https:\/\/suomenrehtorit.fi\/web\/wp-json\/wp\/v2\/posts\/909","targetHints":{"allow":["GET"]}}],"collection":[{"href":"https:\/\/suomenrehtorit.fi\/web\/wp-json\/wp\/v2\/posts"}],"about":[{"href":"https:\/\/suomenrehtorit.fi\/web\/wp-json\/wp\/v2\/types\/post"}],"author":[{"embeddable":true,"href":"https:\/\/suomenrehtorit.fi\/web\/wp-json\/wp\/v2\/users\/3"}],"replies":[{"embeddable":true,"href":"https:\/\/suomenrehtorit.fi\/web\/wp-json\/wp\/v2\/comments?post=909"}],"version-history":[{"count":1,"href":"https:\/\/suomenrehtorit.fi\/web\/wp-json\/wp\/v2\/posts\/909\/revisions"}],"predecessor-version":[{"id":1808,"href":"https:\/\/suomenrehtorit.fi\/web\/wp-json\/wp\/v2\/posts\/909\/revisions\/1808"}],"wp:attachment":[{"href":"https:\/\/suomenrehtorit.fi\/web\/wp-json\/wp\/v2\/media?parent=909"}],"wp:term":[{"taxonomy":"category","embeddable":true,"href":"https:\/\/suomenrehtorit.fi\/web\/wp-json\/wp\/v2\/categories?post=909"},{"taxonomy":"post_tag","embeddable":true,"href":"https:\/\/suomenrehtorit.fi\/web\/wp-json\/wp\/v2\/tags?post=909"}],"curies":[{"name":"wp","href":"https:\/\/api.w.org\/{rel}","templated":true}]}}